{"id":7480,"date":"2024-12-23T15:45:31","date_gmt":"2024-12-23T21:45:31","guid":{"rendered":"https:\/\/plumanegranoticias.com\/?p=7480"},"modified":"2024-12-23T15:45:56","modified_gmt":"2024-12-23T21:45:56","slug":"descarta-gobernadora-cobro-de-piso-en-dauzon-de-poza-rica","status":"publish","type":"post","link":"https:\/\/plumanegranoticias.com\/?p=7480","title":{"rendered":"Descarta Gobernadora cobro de piso en Dauz\u00f3n de Poza Rica"},"content":{"rendered":"\n<p>Incendio en mercado de Tezonapa, asunto entre dos personas<\/p>\n\n\n\n<p>-Sin heridos en explosi\u00f3n de Citrofrut en Mart\u00ednez de la Torre<\/p>\n\n\n\n<p>\u00c1ngeles Gonz\u00e1lez Ceballos<br>Xalapa, Ver., El incendio registrado en la pasteler\u00eda Dauz\u00f3n de Poza Rica, la ma\u00f1ana de este lunes, no est\u00e1 relacionado con el cobro de piso, asegur\u00f3 la gobernadora Roc\u00edo Nahle Garc\u00eda.<\/p>\n\n\n\n<p>Asimismo, inform\u00f3 que ya hay tres personas detenidas, as\u00ed como un autom\u00f3vil asegurado y varias armas de fuego.<\/p>\n\n\n\n<p>&#8220;Ya se comunicaron la Secretar\u00eda de Seguridad P\u00fablica y todas las dependencias con los due\u00f1os de la pasteler\u00eda, son varias pasteler\u00edas en el norte del Estado y es un tema contra ellos&#8221;, revel\u00f3.<\/p>\n\n\n\n<p>Indic\u00f3 que ya la Fiscal\u00eda General del Estado est\u00e1 trabajando en los hechos, pero recalc\u00f3 que esto haya sido por \u201ccobro de piso\u201d.<\/p>\n\n\n\n<p>Asimismo, respecto del incendio en el mercado de Tezonapa, este domingo 22 de diciembre, Nahle Garc\u00eda revel\u00f3 que se trat\u00f3 de un asunto entre dos personas, nada m\u00e1s.<\/p>\n\n\n\n<p>Sobre la explosi\u00f3n en la empresa Citrofrut, en Mart\u00ednez de la Torre, la Gobernadora confirm\u00f3 este hecho y asegur\u00f3 que no hay personas heridas ni fallecidas hasta este momento.<\/p>\n\n\n\n<p>\u201cVamos a esperar, tal vez, sea una fuga de gas, pero no vamos a especular vamos a esperar\u201d, pidi\u00f3.<\/p>\n\n\n\n<figure class=\"wp-block-image size-large\"><img loading=\"lazy\" decoding=\"async\" width=\"1024\" height=\"578\" src=\"https:\/\/plumanegranoticias.com\/wp-content\/uploads\/2024\/12\/img-20241223-wa01134218111302807020202-1024x578.jpg\" alt=\"\" class=\"wp-image-7479\" srcset=\"https:\/\/plumanegranoticias.com\/wp-content\/uploads\/2024\/12\/img-20241223-wa01134218111302807020202-1024x578.jpg 1024w, https:\/\/plumanegranoticias.com\/wp-content\/uploads\/2024\/12\/img-20241223-wa01134218111302807020202-300x169.jpg 300w, https:\/\/plumanegranoticias.com\/wp-content\/uploads\/2024\/12\/img-20241223-wa01134218111302807020202-768x433.jpg 768w, https:\/\/plumanegranoticias.com\/wp-content\/uploads\/2024\/12\/img-20241223-wa01134218111302807020202.jpg 1156w\" sizes=\"auto, (max-width: 1024px) 100vw, 1024px\" \/><\/figure>\n","protected":false},"excerpt":{"rendered":"<p>Incendio en mercado de Tezonapa, asunto entre dos personas -Sin heridos en explosi\u00f3n de Citrofrut en Mart\u00ednez de la Torre \u00c1ngeles Gonz\u00e1lez CeballosXalapa, Ver., El incendio registrado en la pasteler\u00eda Dauz\u00f3n de Poza Rica, la ma\u00f1ana de este lunes, no est\u00e1 relacionado con el cobro de piso, asegur\u00f3 la gobernadora Roc\u00edo Nahle Garc\u00eda. Asimismo, inform\u00f3&#8230; <\/p>\n<div class=\"clear\"><\/div>\n<p><a href=\"https:\/\/plumanegranoticias.com\/?p=7480\" class=\"excerpt-read-more\">Read More<i class=\"fa fa-caret-right icon-caret-right\"><\/i><\/a><\/p>\n","protected":false},"author":2,"featured_media":7482,"comment_status":"open","ping_status":"open","sticky":false,"template":"","format":"standard","meta":{"om_disable_all_campaigns":false,"_monsterinsights_skip_tracking":false,"_monsterinsights_sitenote_active":false,"_monsterinsights_sitenote_note":"","_monsterinsights_sitenote_category":0,"_uf_show_specific_survey":0,"_uf_disable_surveys":false,"footnotes":""},"categories":[1],"tags":[20,18,34,61],"class_list":["post-7480","post","type-post","status-publish","format-standard","has-post-thumbnail","hentry","category-blog","tag-negocios","tag-noticia","tag-policiaca","tag-politica"],"aioseo_notices":[],"_links":{"self":[{"href":"https:\/\/plumanegranoticias.com\/index.php?rest_route=\/wp\/v2\/posts\/7480","targetHints":{"allow":["GET"]}}],"collection":[{"href":"https:\/\/plumanegranoticias.com\/index.php?rest_route=\/wp\/v2\/posts"}],"about":[{"href":"https:\/\/plumanegranoticias.com\/index.php?rest_route=\/wp\/v2\/types\/post"}],"author":[{"embeddable":true,"href":"https:\/\/plumanegranoticias.com\/index.php?rest_route=\/wp\/v2\/users\/2"}],"replies":[{"embeddable":true,"href":"https:\/\/plumanegranoticias.com\/index.php?rest_route=%2Fwp%2Fv2%2Fcomments&post=7480"}],"version-history":[{"count":1,"href":"https:\/\/plumanegranoticias.com\/index.php?rest_route=\/wp\/v2\/posts\/7480\/revisions"}],"predecessor-version":[{"id":7481,"href":"https:\/\/plumanegranoticias.com\/index.php?rest_route=\/wp\/v2\/posts\/7480\/revisions\/7481"}],"wp:featuredmedia":[{"embeddable":true,"href":"https:\/\/plumanegranoticias.com\/index.php?rest_route=\/wp\/v2\/media\/7482"}],"wp:attachment":[{"href":"https:\/\/plumanegranoticias.com\/index.php?rest_route=%2Fwp%2Fv2%2Fmedia&parent=7480"}],"wp:term":[{"taxonomy":"category","embeddable":true,"href":"https:\/\/plumanegranoticias.com\/index.php?rest_route=%2Fwp%2Fv2%2Fcategories&post=7480"},{"taxonomy":"post_tag","embeddable":true,"href":"https:\/\/plumanegranoticias.com\/index.php?rest_route=%2Fwp%2Fv2%2Ftags&post=7480"}],"curies":[{"name":"wp","href":"https:\/\/api.w.org\/{rel}","templated":true}]}}