{"id":7483,"date":"2024-12-23T16:22:49","date_gmt":"2024-12-23T22:22:49","guid":{"rendered":"https:\/\/plumanegranoticias.com\/?p=7483"},"modified":"2024-12-23T16:24:46","modified_gmt":"2024-12-23T22:24:46","slug":"tepjf-no-ha-notificado-a-congreso-sobre-asunto-de-fabian-cardenas-jucopo","status":"publish","type":"post","link":"https:\/\/plumanegranoticias.com\/?p=7483","title":{"rendered":"TEPJF no ha notificado a Congreso sobre asunto de Fabi\u00e1n C\u00e1rdenas: JUCOPO"},"content":{"rendered":"\n<p>Angeles Gonz\u00e1lez Ceballos<br>Xalapa, Ver., El presidente de la Junta de Coordinaci\u00f3n Pol\u00edtica del Congreso del Estado (JUCOPO), Esteban Bautista Hern\u00e1ndez, afirm\u00f3 que dicha soberan\u00eda no ha sido notificada respecto de alg\u00fan fallo de alguna instancia jurisdiccional a la que haya recurrido el alcalde electo de Lerdo de Tejada, Fabi\u00e1n C\u00e1rdenas Sosa.<\/p>\n\n\n\n<p>Y es que luego de acudir al Congreso del Estado a solicitar que se le sea tomada la protesta de ley para asumir el cargo, C\u00e1rdenas Sosa present\u00f3 un juicio ante la Sala Regional de Xalapa del Tribunal Electoral del Poder Judicial de la Federaci\u00f3n (TEPJF) para solicitar la protecci\u00f3n de sus derechos pol\u00edtico- electorales para que se le permita asumir el cargo.<\/p>\n\n\n\n<p>&#8220;No nos han notificado, no lo tengo a la mano, a nosotros no nos ha llegado nada del Tribunal, si lo tuvi\u00e9ramos con todo gusto&#8221;, expres\u00f3.<\/p>\n\n\n\n<p>El legislador sostuvo que el Congreso ser\u00e1 respetuoso de la Ley y en cuanto sean notificados lo dar\u00e1n a conocer.<\/p>\n\n\n\n<p>&#8220;Yo voy a hablar con el diputado Diego, con la diputada Dorheny y con todo gusto lo damos a conocer. Est\u00e1 en su derecho de decir y dar su punto de vista, es respetable&#8221;, manifest\u00f3.<\/p>\n\n\n\n<figure class=\"wp-block-video\"><\/figure>\n\n\n\n<figure class=\"wp-block-video\"><\/figure>\n","protected":false},"excerpt":{"rendered":"<p>Angeles Gonz\u00e1lez CeballosXalapa, Ver., El presidente de la Junta de Coordinaci\u00f3n Pol\u00edtica del Congreso del Estado (JUCOPO), Esteban Bautista Hern\u00e1ndez, afirm\u00f3 que dicha soberan\u00eda no ha sido notificada respecto de alg\u00fan fallo de alguna instancia jurisdiccional a la que haya recurrido el alcalde electo de Lerdo de Tejada, Fabi\u00e1n C\u00e1rdenas Sosa. Y es que luego&#8230; <\/p>\n<div class=\"clear\"><\/div>\n<p><a href=\"https:\/\/plumanegranoticias.com\/?p=7483\" class=\"excerpt-read-more\">Read More<i class=\"fa fa-caret-right icon-caret-right\"><\/i><\/a><\/p>\n","protected":false},"author":2,"featured_media":0,"comment_status":"open","ping_status":"open","sticky":false,"template":"","format":"standard","meta":{"om_disable_all_campaigns":false,"_monsterinsights_skip_tracking":false,"_monsterinsights_sitenote_active":false,"_monsterinsights_sitenote_note":"","_monsterinsights_sitenote_category":0,"_uf_show_specific_survey":0,"_uf_disable_surveys":false,"footnotes":""},"categories":[1],"tags":[61,19],"class_list":["post-7483","post","type-post","status-publish","format-standard","hentry","category-blog","tag-politica","tag-regional"],"aioseo_notices":[],"_links":{"self":[{"href":"https:\/\/plumanegranoticias.com\/index.php?rest_route=\/wp\/v2\/posts\/7483","targetHints":{"allow":["GET"]}}],"collection":[{"href":"https:\/\/plumanegranoticias.com\/index.php?rest_route=\/wp\/v2\/posts"}],"about":[{"href":"https:\/\/plumanegranoticias.com\/index.php?rest_route=\/wp\/v2\/types\/post"}],"author":[{"embeddable":true,"href":"https:\/\/plumanegranoticias.com\/index.php?rest_route=\/wp\/v2\/users\/2"}],"replies":[{"embeddable":true,"href":"https:\/\/plumanegranoticias.com\/index.php?rest_route=%2Fwp%2Fv2%2Fcomments&post=7483"}],"version-history":[{"count":1,"href":"https:\/\/plumanegranoticias.com\/index.php?rest_route=\/wp\/v2\/posts\/7483\/revisions"}],"predecessor-version":[{"id":7484,"href":"https:\/\/plumanegranoticias.com\/index.php?rest_route=\/wp\/v2\/posts\/7483\/revisions\/7484"}],"wp:attachment":[{"href":"https:\/\/plumanegranoticias.com\/index.php?rest_route=%2Fwp%2Fv2%2Fmedia&parent=7483"}],"wp:term":[{"taxonomy":"category","embeddable":true,"href":"https:\/\/plumanegranoticias.com\/index.php?rest_route=%2Fwp%2Fv2%2Fcategories&post=7483"},{"taxonomy":"post_tag","embeddable":true,"href":"https:\/\/plumanegranoticias.com\/index.php?rest_route=%2Fwp%2Fv2%2Ftags&post=7483"}],"curies":[{"name":"wp","href":"https:\/\/api.w.org\/{rel}","templated":true}]}}