{"id":7486,"date":"2024-12-23T17:42:14","date_gmt":"2024-12-23T23:42:14","guid":{"rendered":"https:\/\/plumanegranoticias.com\/?p=7486"},"modified":"2024-12-23T17:42:42","modified_gmt":"2024-12-23T23:42:42","slug":"vinculado-a-proceso-como-probable-responsable-del-delito-de-feminicidio-2","status":"publish","type":"post","link":"https:\/\/plumanegranoticias.com\/?p=7486","title":{"rendered":"VINCULADO A PROCESO COMO PROBABLE RESPONSABLE DEL DELITO DE FEMINICIDIO"},"content":{"rendered":"\n<p>Xalapa, Ver., 23 de diciembre del 2024.-La Fiscal\u00eda General del Estado, a trav\u00e9s de la Fiscal\u00eda Especializada en Investigaci\u00f3n de Delitos de Violencia Contra la Familia, Mujeres, Ni\u00f1as y Ni\u00f1os y de Trata de Personas, obtuvo vinculaci\u00f3n a proceso en contra de Jorge Iv\u00e1n \u201cN\u201d, como probable responsable del delito de feminicidio, cometido en agravio de la v\u00edctima identificada con las iniciales A.V.J., quien resultaba ser su pareja sentimental.<\/p>\n\n\n\n<p>Los hechos ocurrieron el 17 de diciembre del a\u00f1o en curso, al interior de un domicilio ubicado en la colonia Santa Luc\u00eda del municipio de Emiliano Zapata, cuando presuntamente agredi\u00f3 f\u00edsicamente a la v\u00edctima, priv\u00e1ndole de la vida.&nbsp;<\/p>\n\n\n\n<p>El juez ratific\u00f3 la medida cautelar de prisi\u00f3n preventiva oficiosa, dentro del proceso penal 1236\/2024.<\/p>\n\n\n\n<figure class=\"wp-block-image size-large\"><img loading=\"lazy\" decoding=\"async\" width=\"1024\" height=\"1020\" src=\"https:\/\/plumanegranoticias.com\/wp-content\/uploads\/2024\/12\/img-20241223-wa01335329244143197830226-1024x1020.jpg\" alt=\"\" class=\"wp-image-7485\" srcset=\"https:\/\/plumanegranoticias.com\/wp-content\/uploads\/2024\/12\/img-20241223-wa01335329244143197830226-1024x1020.jpg 1024w, https:\/\/plumanegranoticias.com\/wp-content\/uploads\/2024\/12\/img-20241223-wa01335329244143197830226-300x300.jpg 300w, https:\/\/plumanegranoticias.com\/wp-content\/uploads\/2024\/12\/img-20241223-wa01335329244143197830226-150x150.jpg 150w, https:\/\/plumanegranoticias.com\/wp-content\/uploads\/2024\/12\/img-20241223-wa01335329244143197830226-768x765.jpg 768w, https:\/\/plumanegranoticias.com\/wp-content\/uploads\/2024\/12\/img-20241223-wa01335329244143197830226.jpg 1179w\" sizes=\"auto, (max-width: 1024px) 100vw, 1024px\" \/><\/figure>\n","protected":false},"excerpt":{"rendered":"<p>Xalapa, Ver., 23 de diciembre del 2024.-La Fiscal\u00eda General del Estado, a trav\u00e9s de la Fiscal\u00eda Especializada en Investigaci\u00f3n de Delitos de Violencia Contra la Familia, Mujeres, Ni\u00f1as y Ni\u00f1os y de Trata de Personas, obtuvo vinculaci\u00f3n a proceso en contra de Jorge Iv\u00e1n \u201cN\u201d, como probable responsable del delito de feminicidio, cometido en agravio&#8230; <\/p>\n<div class=\"clear\"><\/div>\n<p><a href=\"https:\/\/plumanegranoticias.com\/?p=7486\" class=\"excerpt-read-more\">Read More<i class=\"fa fa-caret-right icon-caret-right\"><\/i><\/a><\/p>\n","protected":false},"author":2,"featured_media":7488,"comment_status":"open","ping_status":"open","sticky":false,"template":"","format":"standard","meta":{"om_disable_all_campaigns":false,"_monsterinsights_skip_tracking":false,"_monsterinsights_sitenote_active":false,"_monsterinsights_sitenote_note":"","_monsterinsights_sitenote_category":0,"_uf_show_specific_survey":0,"_uf_disable_surveys":false,"footnotes":""},"categories":[1],"tags":[36,28,18],"class_list":["post-7486","post","type-post","status-publish","format-standard","has-post-thumbnail","hentry","category-blog","tag-musica","tag-nacionales","tag-noticia"],"aioseo_notices":[],"_links":{"self":[{"href":"https:\/\/plumanegranoticias.com\/index.php?rest_route=\/wp\/v2\/posts\/7486","targetHints":{"allow":["GET"]}}],"collection":[{"href":"https:\/\/plumanegranoticias.com\/index.php?rest_route=\/wp\/v2\/posts"}],"about":[{"href":"https:\/\/plumanegranoticias.com\/index.php?rest_route=\/wp\/v2\/types\/post"}],"author":[{"embeddable":true,"href":"https:\/\/plumanegranoticias.com\/index.php?rest_route=\/wp\/v2\/users\/2"}],"replies":[{"embeddable":true,"href":"https:\/\/plumanegranoticias.com\/index.php?rest_route=%2Fwp%2Fv2%2Fcomments&post=7486"}],"version-history":[{"count":1,"href":"https:\/\/plumanegranoticias.com\/index.php?rest_route=\/wp\/v2\/posts\/7486\/revisions"}],"predecessor-version":[{"id":7487,"href":"https:\/\/plumanegranoticias.com\/index.php?rest_route=\/wp\/v2\/posts\/7486\/revisions\/7487"}],"wp:featuredmedia":[{"embeddable":true,"href":"https:\/\/plumanegranoticias.com\/index.php?rest_route=\/wp\/v2\/media\/7488"}],"wp:attachment":[{"href":"https:\/\/plumanegranoticias.com\/index.php?rest_route=%2Fwp%2Fv2%2Fmedia&parent=7486"}],"wp:term":[{"taxonomy":"category","embeddable":true,"href":"https:\/\/plumanegranoticias.com\/index.php?rest_route=%2Fwp%2Fv2%2Fcategories&post=7486"},{"taxonomy":"post_tag","embeddable":true,"href":"https:\/\/plumanegranoticias.com\/index.php?rest_route=%2Fwp%2Fv2%2Ftags&post=7486"}],"curies":[{"name":"wp","href":"https:\/\/api.w.org\/{rel}","templated":true}]}}