{"id":7494,"date":"2024-12-24T10:40:11","date_gmt":"2024-12-24T16:40:11","guid":{"rendered":"https:\/\/plumanegranoticias.com\/?p=7494"},"modified":"2024-12-25T11:19:36","modified_gmt":"2024-12-25T17:19:36","slug":"detenido-como-probable-responsable-del-delito-de-homicidio-doloso-calificado","status":"publish","type":"post","link":"https:\/\/plumanegranoticias.com\/?p=7494","title":{"rendered":"DETENIDO COMO PROBABLE RESPONSABLE DEL DELITO DE HOMICIDIO DOLOSO CALIFICADO"},"content":{"rendered":"\n<p>Xalapa, Ver., 24 de diciembre de 2024.-La Fiscal\u00eda General del Estado informa que, elementos de la Polic\u00eda Ministerial cumplimentaron orden de aprehensi\u00f3n en contra de Mariano Uriel \u201cN\u201d, considerado presunto alto generador de violencia y l\u00edder de una c\u00e9dula delictiva en la zona de Cosautl\u00e1n de Carvajal, como probable responsable del delito de homicidio doloso calificado, cometido en agravio de L.A.C.G.<\/p>\n\n\n\n<p>Los hechos ocurrieron el 18 de febrero del a\u00f1o en curso en la localidad Emiliano Zapata, perteneciente al municipio de Cosautl\u00e1n de Carvajal, cuando presuntamente accion\u00f3 un arma de fuego en contra de la v\u00edctima, priv\u00e1ndole de la vida.&nbsp;<\/p>\n\n\n\n<p>En respeto a sus derechos humanos y al debido proceso ser\u00e1 presentado en pr\u00f3xima audiencia inicial, a trav\u00e9s de la Fiscal\u00eda Regional Xalapa, ante el juez de proceso y procedimiento penal oral para que defina su situaci\u00f3n jur\u00eddica, dentro del proceso penal 176\/2024.<\/p>\n\n\n\n<figure class=\"wp-block-image size-large\"><img loading=\"lazy\" decoding=\"async\" width=\"1024\" height=\"1024\" src=\"https:\/\/plumanegranoticias.com\/wp-content\/uploads\/2024\/12\/img-20241224-wa00218929576909326396196-1024x1024.jpg\" alt=\"\" class=\"wp-image-7493\" srcset=\"https:\/\/plumanegranoticias.com\/wp-content\/uploads\/2024\/12\/img-20241224-wa00218929576909326396196-1024x1024.jpg 1024w, https:\/\/plumanegranoticias.com\/wp-content\/uploads\/2024\/12\/img-20241224-wa00218929576909326396196-300x300.jpg 300w, https:\/\/plumanegranoticias.com\/wp-content\/uploads\/2024\/12\/img-20241224-wa00218929576909326396196-150x150.jpg 150w, https:\/\/plumanegranoticias.com\/wp-content\/uploads\/2024\/12\/img-20241224-wa00218929576909326396196-768x768.jpg 768w, https:\/\/plumanegranoticias.com\/wp-content\/uploads\/2024\/12\/img-20241224-wa00218929576909326396196-400x400.jpg 400w, https:\/\/plumanegranoticias.com\/wp-content\/uploads\/2024\/12\/img-20241224-wa00218929576909326396196.jpg 1200w\" sizes=\"auto, (max-width: 1024px) 100vw, 1024px\" \/><\/figure>\n","protected":false},"excerpt":{"rendered":"<p>Xalapa, Ver., 24 de diciembre de 2024.-La Fiscal\u00eda General del Estado informa que, elementos de la Polic\u00eda Ministerial cumplimentaron orden de aprehensi\u00f3n en contra de Mariano Uriel \u201cN\u201d, considerado presunto alto generador de violencia y l\u00edder de una c\u00e9dula delictiva en la zona de Cosautl\u00e1n de Carvajal, como probable responsable del delito de homicidio doloso&#8230; <\/p>\n<div class=\"clear\"><\/div>\n<p><a href=\"https:\/\/plumanegranoticias.com\/?p=7494\" class=\"excerpt-read-more\">Read More<i class=\"fa fa-caret-right icon-caret-right\"><\/i><\/a><\/p>\n","protected":false},"author":2,"featured_media":0,"comment_status":"open","ping_status":"open","sticky":false,"template":"","format":"standard","meta":{"om_disable_all_campaigns":false,"_monsterinsights_skip_tracking":false,"_monsterinsights_sitenote_active":false,"_monsterinsights_sitenote_note":"","_monsterinsights_sitenote_category":0,"_uf_show_specific_survey":0,"_uf_disable_surveys":false,"footnotes":""},"categories":[1],"tags":[18,61,19],"class_list":["post-7494","post","type-post","status-publish","format-standard","hentry","category-blog","tag-noticia","tag-politica","tag-regional"],"aioseo_notices":[],"_links":{"self":[{"href":"https:\/\/plumanegranoticias.com\/index.php?rest_route=\/wp\/v2\/posts\/7494","targetHints":{"allow":["GET"]}}],"collection":[{"href":"https:\/\/plumanegranoticias.com\/index.php?rest_route=\/wp\/v2\/posts"}],"about":[{"href":"https:\/\/plumanegranoticias.com\/index.php?rest_route=\/wp\/v2\/types\/post"}],"author":[{"embeddable":true,"href":"https:\/\/plumanegranoticias.com\/index.php?rest_route=\/wp\/v2\/users\/2"}],"replies":[{"embeddable":true,"href":"https:\/\/plumanegranoticias.com\/index.php?rest_route=%2Fwp%2Fv2%2Fcomments&post=7494"}],"version-history":[{"count":1,"href":"https:\/\/plumanegranoticias.com\/index.php?rest_route=\/wp\/v2\/posts\/7494\/revisions"}],"predecessor-version":[{"id":7495,"href":"https:\/\/plumanegranoticias.com\/index.php?rest_route=\/wp\/v2\/posts\/7494\/revisions\/7495"}],"wp:attachment":[{"href":"https:\/\/plumanegranoticias.com\/index.php?rest_route=%2Fwp%2Fv2%2Fmedia&parent=7494"}],"wp:term":[{"taxonomy":"category","embeddable":true,"href":"https:\/\/plumanegranoticias.com\/index.php?rest_route=%2Fwp%2Fv2%2Fcategories&post=7494"},{"taxonomy":"post_tag","embeddable":true,"href":"https:\/\/plumanegranoticias.com\/index.php?rest_route=%2Fwp%2Fv2%2Ftags&post=7494"}],"curies":[{"name":"wp","href":"https:\/\/api.w.org\/{rel}","templated":true}]}}