{"id":7507,"date":"2024-12-25T13:28:47","date_gmt":"2024-12-25T19:28:47","guid":{"rendered":"https:\/\/plumanegranoticias.com\/?p=7507"},"modified":"2024-12-25T14:29:36","modified_gmt":"2024-12-25T20:29:36","slug":"fiscalias-de-veracruz-coladero-de-impunidad-diputada","status":"publish","type":"post","link":"https:\/\/plumanegranoticias.com\/?p=7507","title":{"rendered":"Fiscal\u00edas de Veracruz &#8220;coladero de impunidad&#8221;: Diputada"},"content":{"rendered":"\n<p>Se requiere una reestructuraci\u00f3n profunda del sistema de justicia del Estado<\/p>\n\n\n\n<p>\u00c1ngeles Gonz\u00e1lez Ceballos<br>Xalapa, Ver., La diputada local por Movimiento Ciudadano, Elena C\u00f3rdova Molina pregunt\u00f3 de qu\u00e9 sirve la reforma al Poder Judicial de Veracruz, recientemente aprobada, si las fiscal\u00edas encargadas de investigar y procesar los delitos, siguen siendo un &#8220;coladero de impunidad&#8221;.<\/p>\n\n\n\n<p>Asimismo, cuestion\u00f3 de qu\u00e9 sirve cambiar al Poder Judicial si los delitos no se investigan correctamente y los culpables siguen libres por la mala integraci\u00f3n de las carpetas de investigaci\u00f3n.<\/p>\n\n\n\n<p>Opin\u00f3 que la justicia no s\u00f3lo es un cambio en dicha soberan\u00eda, sino un cambio integral que tambi\u00e9n deber\u00eda incluir a las instituciones encargadas de la procuraci\u00f3n de justicia.<\/p>\n\n\n\n<p>Por ello, lament\u00f3 que se haya hecho un &#8220;parche legislativo&#8221; porque el problema de fondo seguir\u00e1 sin resolverse.<\/p>\n\n\n\n<p>Consider\u00f3 que la reforma aprobada no ofrece respuestas reales para las demandas de los ciudadanos, fue una reforma que no garantiza una verdadera justicia.<\/p>\n\n\n\n<p>&#8220;M\u00e1s que transformar, lo que busca es destrozar lo que ya existe y destruir no es transformar&#8221;, extern\u00f3.<\/p>\n\n\n\n<p>En ese sentido, consider\u00f3 que lo que se requiere es una reestructuraci\u00f3n profunda del sistema de justicia en Veracruz sin haberle da\u00f1o a las instituciones ni a las personas que las integran.<\/p>\n\n\n\n<p>Adem\u00e1s sostuvo que la reforma aprobada al Poder Judicial de Veracruz para elegir a jueces y magistrados locales, a trav\u00e9s del voto directo, afectar\u00e1 a los trabajadores.<\/p>\n\n\n\n<p>Finalmente, la legisladora del partido naranja manifest\u00f3 que la reforma no fue un proceso transparente ni inclusivo ni se escucharon a los especialistas.<\/p>\n\n\n\n<figure class=\"wp-block-image size-large\"><img loading=\"lazy\" decoding=\"async\" width=\"300\" height=\"200\" src=\"https:\/\/plumanegranoticias.com\/wp-content\/uploads\/2024\/12\/img-20241225-wa00537635152287078669855-300x200.jpg\" alt=\"\" class=\"wp-image-7505\" srcset=\"https:\/\/plumanegranoticias.com\/wp-content\/uploads\/2024\/12\/img-20241225-wa00537635152287078669855-300x200.jpg 300w, https:\/\/plumanegranoticias.com\/wp-content\/uploads\/2024\/12\/img-20241225-wa00537635152287078669855-768x513.jpg 768w, https:\/\/plumanegranoticias.com\/wp-content\/uploads\/2024\/12\/img-20241225-wa00537635152287078669855.jpg 854w\" sizes=\"auto, (max-width: 300px) 100vw, 300px\" \/><\/figure>\n\n\n\n<figure class=\"wp-block-image\"><img loading=\"lazy\" decoding=\"async\" width=\"512\" height=\"1024\" src=\"https:\/\/plumanegranoticias.com\/wp-content\/uploads\/2024\/12\/img-20241224-wa01263490471900518406883-512x1024.jpg\" alt=\"\" class=\"wp-image-7506\" srcset=\"https:\/\/plumanegranoticias.com\/wp-content\/uploads\/2024\/12\/img-20241224-wa01263490471900518406883-512x1024.jpg 512w, https:\/\/plumanegranoticias.com\/wp-content\/uploads\/2024\/12\/img-20241224-wa01263490471900518406883-150x300.jpg 150w, https:\/\/plumanegranoticias.com\/wp-content\/uploads\/2024\/12\/img-20241224-wa01263490471900518406883.jpg 640w\" sizes=\"auto, (max-width: 512px) 100vw, 512px\" \/><\/figure>\n","protected":false},"excerpt":{"rendered":"<p>Se requiere una reestructuraci\u00f3n profunda del sistema de justicia del Estado \u00c1ngeles Gonz\u00e1lez CeballosXalapa, Ver., La diputada local por Movimiento Ciudadano, Elena C\u00f3rdova Molina pregunt\u00f3 de qu\u00e9 sirve la reforma al Poder Judicial de Veracruz, recientemente aprobada, si las fiscal\u00edas encargadas de investigar y procesar los delitos, siguen siendo un &#8220;coladero de impunidad&#8221;. Asimismo, cuestion\u00f3&#8230; <\/p>\n<div class=\"clear\"><\/div>\n<p><a href=\"https:\/\/plumanegranoticias.com\/?p=7507\" class=\"excerpt-read-more\">Read More<i class=\"fa fa-caret-right icon-caret-right\"><\/i><\/a><\/p>\n","protected":false},"author":2,"featured_media":7509,"comment_status":"open","ping_status":"open","sticky":false,"template":"","format":"standard","meta":{"om_disable_all_campaigns":false,"_monsterinsights_skip_tracking":false,"_monsterinsights_sitenote_active":false,"_monsterinsights_sitenote_note":"","_monsterinsights_sitenote_category":0,"_uf_show_specific_survey":0,"_uf_disable_surveys":false,"footnotes":""},"categories":[1],"tags":[20,22,18],"class_list":["post-7507","post","type-post","status-publish","format-standard","has-post-thumbnail","hentry","category-blog","tag-negocios","tag-nota-roja","tag-noticia"],"aioseo_notices":[],"_links":{"self":[{"href":"https:\/\/plumanegranoticias.com\/index.php?rest_route=\/wp\/v2\/posts\/7507","targetHints":{"allow":["GET"]}}],"collection":[{"href":"https:\/\/plumanegranoticias.com\/index.php?rest_route=\/wp\/v2\/posts"}],"about":[{"href":"https:\/\/plumanegranoticias.com\/index.php?rest_route=\/wp\/v2\/types\/post"}],"author":[{"embeddable":true,"href":"https:\/\/plumanegranoticias.com\/index.php?rest_route=\/wp\/v2\/users\/2"}],"replies":[{"embeddable":true,"href":"https:\/\/plumanegranoticias.com\/index.php?rest_route=%2Fwp%2Fv2%2Fcomments&post=7507"}],"version-history":[{"count":1,"href":"https:\/\/plumanegranoticias.com\/index.php?rest_route=\/wp\/v2\/posts\/7507\/revisions"}],"predecessor-version":[{"id":7508,"href":"https:\/\/plumanegranoticias.com\/index.php?rest_route=\/wp\/v2\/posts\/7507\/revisions\/7508"}],"wp:featuredmedia":[{"embeddable":true,"href":"https:\/\/plumanegranoticias.com\/index.php?rest_route=\/wp\/v2\/media\/7509"}],"wp:attachment":[{"href":"https:\/\/plumanegranoticias.com\/index.php?rest_route=%2Fwp%2Fv2%2Fmedia&parent=7507"}],"wp:term":[{"taxonomy":"category","embeddable":true,"href":"https:\/\/plumanegranoticias.com\/index.php?rest_route=%2Fwp%2Fv2%2Fcategories&post=7507"},{"taxonomy":"post_tag","embeddable":true,"href":"https:\/\/plumanegranoticias.com\/index.php?rest_route=%2Fwp%2Fv2%2Ftags&post=7507"}],"curies":[{"name":"wp","href":"https:\/\/api.w.org\/{rel}","templated":true}]}}