{"id":7511,"date":"2024-12-25T14:29:16","date_gmt":"2024-12-25T20:29:16","guid":{"rendered":"https:\/\/plumanegranoticias.com\/?p=7511"},"modified":"2024-12-25T14:29:50","modified_gmt":"2024-12-25T20:29:50","slug":"en-2025-se-votara-solo-la-mitad-de-jueces-y-magistrados-del-pjv","status":"publish","type":"post","link":"https:\/\/plumanegranoticias.com\/?p=7511","title":{"rendered":"En 2025 se votar\u00e1 s\u00f3lo la mitad de jueces y magistrados del PJV"},"content":{"rendered":"\n<p>Con reforma se extiende competencia para que TEV resuelva conflictos derivados del proceso electoral de magistraturas y jueces<\/p>\n\n\n\n<p>\u00c1ngeles Gonz\u00e1lez Ceballos<br>Xalapa, Ver., El primer domingo del mes de junio del 2025 se llevar\u00e1 a cabo la elecci\u00f3n de la mitad de los jueces y magistrados del Poder Judicial de Veracruz.<\/p>\n\n\n\n<p>Es as\u00ed que el resto ser\u00e1n votados en el a\u00f1o 2027, por lo que con dicha modalidad escalonada se disminuye la carga presupuestal.<\/p>\n\n\n\n<p>&#8220;Es decir, disminuye el costo y reduce la carga operativa que implicar\u00eda la elecci\u00f3n de la totalidad de los cargos al mismo tiempo&#8221;, destac\u00f3 el diputado del Partido Verde, Carlos Marcelo Ruiz S\u00e1nchez.<\/p>\n\n\n\n<p>Explic\u00f3 que si bien la Ley Electoral prohibe modificar la legislaci\u00f3n en un periodo menor a 90 d\u00edas anteriores al inicio de un proceso electoral, el transitorio octavo de la Reforma, en el \u00faltimo p\u00e1rrafo define una excepci\u00f3n.<\/p>\n\n\n\n<p>En esta, se habilitan la implementaci\u00f3n de ajustes en este momento, permitiendo al OPLE Veracruz una planeaci\u00f3n presupuestal y organizativa suficientes.<\/p>\n\n\n\n<p>Carlos Marcelo Ruiz S\u00e1nchez afirm\u00f3 que la unificaci\u00f3n de los dos procesos electorales locales, el de ayuntamientos y la mitad de jueces y magistrados, maximiza la eficiencia operativa y reduce significativamente los costos.<\/p>\n\n\n\n<p>Ya que se evitar\u00e1 la duplicidad log\u00edstica como la instalaci\u00f3n de las 11 mil casillas y la capacitaci\u00f3n del personal.<\/p>\n\n\n\n<p>&#8220;Lo que redunda en un ahorro fundamental para el erario p\u00fablico, asimismo, integra ambos procesos en un solo periodo, minimiza el desgaste institucional y facilita la participaci\u00f3n ciudadana al no convocar a m\u00faltiples procesos electorales&#8221;, afirm\u00f3.<\/p>\n\n\n\n<p>El legislador destac\u00f3 que la Comisi\u00f3n de Justicia y Puntos Constitucionales, consider\u00f3 relevante extender la competencia del Tribunal Electoral de Veracruz para resolver los conflictos derivados del proceso electoral de magistraturas y jueces de primera instancia.<\/p>\n\n\n\n<figure class=\"wp-block-image size-large\"><img loading=\"lazy\" decoding=\"async\" width=\"300\" height=\"260\" src=\"https:\/\/plumanegranoticias.com\/wp-content\/uploads\/2024\/12\/img-20241225-wa00786779587738128246100-300x260.jpg\" alt=\"\" class=\"wp-image-7510\" srcset=\"https:\/\/plumanegranoticias.com\/wp-content\/uploads\/2024\/12\/img-20241225-wa00786779587738128246100-300x260.jpg 300w, https:\/\/plumanegranoticias.com\/wp-content\/uploads\/2024\/12\/img-20241225-wa00786779587738128246100.jpg 755w\" sizes=\"auto, (max-width: 300px) 100vw, 300px\" \/><\/figure>\n","protected":false},"excerpt":{"rendered":"<p>Con reforma se extiende competencia para que TEV resuelva conflictos derivados del proceso electoral de magistraturas y jueces \u00c1ngeles Gonz\u00e1lez CeballosXalapa, Ver., El primer domingo del mes de junio del 2025 se llevar\u00e1 a cabo la elecci\u00f3n de la mitad de los jueces y magistrados del Poder Judicial de Veracruz. Es as\u00ed que el resto&#8230; <\/p>\n<div class=\"clear\"><\/div>\n<p><a href=\"https:\/\/plumanegranoticias.com\/?p=7511\" class=\"excerpt-read-more\">Read More<i class=\"fa fa-caret-right icon-caret-right\"><\/i><\/a><\/p>\n","protected":false},"author":2,"featured_media":7513,"comment_status":"open","ping_status":"open","sticky":false,"template":"","format":"standard","meta":{"om_disable_all_campaigns":false,"_monsterinsights_skip_tracking":false,"_monsterinsights_sitenote_active":false,"_monsterinsights_sitenote_note":"","_monsterinsights_sitenote_category":0,"_uf_show_specific_survey":0,"_uf_disable_surveys":false,"footnotes":""},"categories":[1],"tags":[22,18,30],"class_list":["post-7511","post","type-post","status-publish","format-standard","has-post-thumbnail","hentry","category-blog","tag-nota-roja","tag-noticia","tag-plumazos"],"aioseo_notices":[],"_links":{"self":[{"href":"https:\/\/plumanegranoticias.com\/index.php?rest_route=\/wp\/v2\/posts\/7511","targetHints":{"allow":["GET"]}}],"collection":[{"href":"https:\/\/plumanegranoticias.com\/index.php?rest_route=\/wp\/v2\/posts"}],"about":[{"href":"https:\/\/plumanegranoticias.com\/index.php?rest_route=\/wp\/v2\/types\/post"}],"author":[{"embeddable":true,"href":"https:\/\/plumanegranoticias.com\/index.php?rest_route=\/wp\/v2\/users\/2"}],"replies":[{"embeddable":true,"href":"https:\/\/plumanegranoticias.com\/index.php?rest_route=%2Fwp%2Fv2%2Fcomments&post=7511"}],"version-history":[{"count":1,"href":"https:\/\/plumanegranoticias.com\/index.php?rest_route=\/wp\/v2\/posts\/7511\/revisions"}],"predecessor-version":[{"id":7512,"href":"https:\/\/plumanegranoticias.com\/index.php?rest_route=\/wp\/v2\/posts\/7511\/revisions\/7512"}],"wp:featuredmedia":[{"embeddable":true,"href":"https:\/\/plumanegranoticias.com\/index.php?rest_route=\/wp\/v2\/media\/7513"}],"wp:attachment":[{"href":"https:\/\/plumanegranoticias.com\/index.php?rest_route=%2Fwp%2Fv2%2Fmedia&parent=7511"}],"wp:term":[{"taxonomy":"category","embeddable":true,"href":"https:\/\/plumanegranoticias.com\/index.php?rest_route=%2Fwp%2Fv2%2Fcategories&post=7511"},{"taxonomy":"post_tag","embeddable":true,"href":"https:\/\/plumanegranoticias.com\/index.php?rest_route=%2Fwp%2Fv2%2Ftags&post=7511"}],"curies":[{"name":"wp","href":"https:\/\/api.w.org\/{rel}","templated":true}]}}