{"id":7522,"date":"2024-12-27T09:10:22","date_gmt":"2024-12-27T15:10:22","guid":{"rendered":"https:\/\/plumanegranoticias.com\/?p=7522"},"modified":"2024-12-27T09:10:52","modified_gmt":"2024-12-27T15:10:52","slug":"tragedia-en-el-libramiento-xalapa-perote-7-fallecidos-y-17-heridos","status":"publish","type":"post","link":"https:\/\/plumanegranoticias.com\/?p=7522","title":{"rendered":"Tragedia en el libramiento Xalapa-Perote, 7 fallecidos y 17 heridos"},"content":{"rendered":"\n<p>Se sabe que fueron 3 hombres y 3 mujeres y un menor de edad quienes murieron por el impacto entre las dos unidades<\/p>\n\n\n\n<p>\u00c1ngeles Gonz\u00e1lez Ceballos<br>Xalapa, Ver., La madrugada de este viernes se registr\u00f3 un tr\u00e1gico accidente en el que lamentablemente perdieron la vida 7 personas y 17 m\u00e1s resultaron lesionadas, cuando viajaban en un autob\u00fas procedente de la Ciudad de M\u00e9xico.<\/p>\n\n\n\n<p>Los hechos se registraron en el libramiento Xalapa- Perote, luego de que un autob\u00fas de pasajeros de la l\u00ednea ADO que cubr\u00eda la ruta CDMX-Xalapa y chocara contra un tr\u00e1iler.<\/p>\n\n\n\n<p>De manera preliminar se inform\u00f3 que el conductor del ADO no vio al tr\u00e1iler con placas 448WC1 que circulaba sobre el libramiento y termin\u00f3 impact\u00e1ndose en la parte trasera.<\/p>\n\n\n\n<p>Al sitio acudieron ambulancias de distintas corporaciones de emergencias de Xalapa y Perote para atender a los lesionados, as\u00ed como personal de la Guardia Nacional, Bomberos de Xalapa, Polic\u00eda Estatal y Protecci\u00f3n Civil.<\/p>\n\n\n\n<p>Lamentablemente en el lugar del accidente fallecieron 5 personas, una m\u00e1s en la Policl\u00ednica de Xalapa.<\/p>\n\n\n\n<p>Asimismo, se inform\u00f3 que un menor de edad perdi\u00f3 la vida en el Hospital Regional de Perote.<\/p>\n\n\n\n<p>De las v\u00edctimas se sabe que fueron 3 hombres y 3 mujeres y el menor de edad quienes fallecieron a causa de este accidente.<\/p>\n\n\n\n<p>Cuatro de los lesionados fueron trasladados al Hospital Regional de Perote y 13 a la Policl\u00ednica de esta capital.<\/p>\n\n\n\n<p>Debido a la gravedad del accidente la circulaci\u00f3n se vio interrumpida por varias horas en tanto se realizaban las maniobras de rescate y alrededor de las 6 de la ma\u00f1ana iniciaron las maniobras para retirar ambos veh\u00edculos.<\/p>\n\n\n\n<figure class=\"wp-block-image size-large\"><img loading=\"lazy\" decoding=\"async\" width=\"1024\" height=\"447\" src=\"https:\/\/plumanegranoticias.com\/wp-content\/uploads\/2024\/12\/img-20241227-wa00212284972910995751403-1024x447.jpg\" alt=\"\" class=\"wp-image-7520\" srcset=\"https:\/\/plumanegranoticias.com\/wp-content\/uploads\/2024\/12\/img-20241227-wa00212284972910995751403-1024x447.jpg 1024w, https:\/\/plumanegranoticias.com\/wp-content\/uploads\/2024\/12\/img-20241227-wa00212284972910995751403-300x131.jpg 300w, https:\/\/plumanegranoticias.com\/wp-content\/uploads\/2024\/12\/img-20241227-wa00212284972910995751403-768x335.jpg 768w, https:\/\/plumanegranoticias.com\/wp-content\/uploads\/2024\/12\/img-20241227-wa00212284972910995751403.jpg 1052w\" sizes=\"auto, (max-width: 1024px) 100vw, 1024px\" \/><\/figure>\n\n\n\n<figure class=\"wp-block-image\"><img loading=\"lazy\" decoding=\"async\" width=\"1024\" height=\"447\" src=\"https:\/\/plumanegranoticias.com\/wp-content\/uploads\/2024\/12\/img-20241227-wa00202082247907871042269-1024x447.jpg\" alt=\"\" class=\"wp-image-7519\" srcset=\"https:\/\/plumanegranoticias.com\/wp-content\/uploads\/2024\/12\/img-20241227-wa00202082247907871042269-1024x447.jpg 1024w, https:\/\/plumanegranoticias.com\/wp-content\/uploads\/2024\/12\/img-20241227-wa00202082247907871042269-300x131.jpg 300w, https:\/\/plumanegranoticias.com\/wp-content\/uploads\/2024\/12\/img-20241227-wa00202082247907871042269-768x335.jpg 768w, https:\/\/plumanegranoticias.com\/wp-content\/uploads\/2024\/12\/img-20241227-wa00202082247907871042269.jpg 1052w\" sizes=\"auto, (max-width: 1024px) 100vw, 1024px\" \/><\/figure>\n\n\n\n<figure class=\"wp-block-image\"><img loading=\"lazy\" decoding=\"async\" width=\"224\" height=\"300\" src=\"https:\/\/plumanegranoticias.com\/wp-content\/uploads\/2024\/12\/img-20241227-wa00196491534282797596772-224x300.jpg\" alt=\"\" class=\"wp-image-7521\" srcset=\"https:\/\/plumanegranoticias.com\/wp-content\/uploads\/2024\/12\/img-20241227-wa00196491534282797596772-224x300.jpg 224w, https:\/\/plumanegranoticias.com\/wp-content\/uploads\/2024\/12\/img-20241227-wa00196491534282797596772.jpg 459w\" sizes=\"auto, (max-width: 224px) 100vw, 224px\" \/><\/figure>\n\n\n\n<figure class=\"wp-block-image\"><img loading=\"lazy\" decoding=\"async\" width=\"300\" height=\"131\" src=\"https:\/\/plumanegranoticias.com\/wp-content\/uploads\/2024\/12\/img-20241227-wa00185781840612693469998-300x131.jpg\" alt=\"\" class=\"wp-image-7518\" srcset=\"https:\/\/plumanegranoticias.com\/wp-content\/uploads\/2024\/12\/img-20241227-wa00185781840612693469998-300x131.jpg 300w, https:\/\/plumanegranoticias.com\/wp-content\/uploads\/2024\/12\/img-20241227-wa00185781840612693469998.jpg 720w\" sizes=\"auto, (max-width: 300px) 100vw, 300px\" \/><\/figure>\n","protected":false},"excerpt":{"rendered":"<p>Se sabe que fueron 3 hombres y 3 mujeres y un menor de edad quienes murieron por el impacto entre las dos unidades \u00c1ngeles Gonz\u00e1lez CeballosXalapa, Ver., La madrugada de este viernes se registr\u00f3 un tr\u00e1gico accidente en el que lamentablemente perdieron la vida 7 personas y 17 m\u00e1s resultaron lesionadas, cuando viajaban en un&#8230; <\/p>\n<div class=\"clear\"><\/div>\n<p><a href=\"https:\/\/plumanegranoticias.com\/?p=7522\" class=\"excerpt-read-more\">Read More<i class=\"fa fa-caret-right icon-caret-right\"><\/i><\/a><\/p>\n","protected":false},"author":2,"featured_media":7524,"comment_status":"open","ping_status":"open","sticky":false,"template":"","format":"standard","meta":{"om_disable_all_campaigns":false,"_monsterinsights_skip_tracking":false,"_monsterinsights_sitenote_active":false,"_monsterinsights_sitenote_note":"","_monsterinsights_sitenote_category":0,"_uf_show_specific_survey":0,"_uf_disable_surveys":false,"footnotes":""},"categories":[1],"tags":[28,20,22,34,61,31],"class_list":["post-7522","post","type-post","status-publish","format-standard","has-post-thumbnail","hentry","category-blog","tag-nacionales","tag-negocios","tag-nota-roja","tag-policiaca","tag-politica","tag-reporte-ciudadano"],"aioseo_notices":[],"_links":{"self":[{"href":"https:\/\/plumanegranoticias.com\/index.php?rest_route=\/wp\/v2\/posts\/7522","targetHints":{"allow":["GET"]}}],"collection":[{"href":"https:\/\/plumanegranoticias.com\/index.php?rest_route=\/wp\/v2\/posts"}],"about":[{"href":"https:\/\/plumanegranoticias.com\/index.php?rest_route=\/wp\/v2\/types\/post"}],"author":[{"embeddable":true,"href":"https:\/\/plumanegranoticias.com\/index.php?rest_route=\/wp\/v2\/users\/2"}],"replies":[{"embeddable":true,"href":"https:\/\/plumanegranoticias.com\/index.php?rest_route=%2Fwp%2Fv2%2Fcomments&post=7522"}],"version-history":[{"count":1,"href":"https:\/\/plumanegranoticias.com\/index.php?rest_route=\/wp\/v2\/posts\/7522\/revisions"}],"predecessor-version":[{"id":7523,"href":"https:\/\/plumanegranoticias.com\/index.php?rest_route=\/wp\/v2\/posts\/7522\/revisions\/7523"}],"wp:featuredmedia":[{"embeddable":true,"href":"https:\/\/plumanegranoticias.com\/index.php?rest_route=\/wp\/v2\/media\/7524"}],"wp:attachment":[{"href":"https:\/\/plumanegranoticias.com\/index.php?rest_route=%2Fwp%2Fv2%2Fmedia&parent=7522"}],"wp:term":[{"taxonomy":"category","embeddable":true,"href":"https:\/\/plumanegranoticias.com\/index.php?rest_route=%2Fwp%2Fv2%2Fcategories&post=7522"},{"taxonomy":"post_tag","embeddable":true,"href":"https:\/\/plumanegranoticias.com\/index.php?rest_route=%2Fwp%2Fv2%2Ftags&post=7522"}],"curies":[{"name":"wp","href":"https:\/\/api.w.org\/{rel}","templated":true}]}}