{"id":7526,"date":"2024-12-27T09:18:29","date_gmt":"2024-12-27T15:18:29","guid":{"rendered":"https:\/\/plumanegranoticias.com\/?p=7526"},"modified":"2024-12-27T09:18:47","modified_gmt":"2024-12-27T15:18:47","slug":"respalda-bancada-de-morena-a-esteban-bautista-pese-a-campana-en-contra","status":"publish","type":"post","link":"https:\/\/plumanegranoticias.com\/?p=7526","title":{"rendered":"Respalda bancada de Morena a Esteban Bautista pese a campa\u00f1a en contra"},"content":{"rendered":"\n<p>Angeles Gonz\u00e1lez Ceballos<br>Xalapa, Ver., La vicecoordinadora del grupo legislativo de Morena en el Congreso de Veracruz, Naomi Edith G\u00f3mez Santos, asegur\u00f3 que la bancada de su partido respalda al presidente de la Junta de Coordinaci\u00f3n Pol\u00edtica (JUCOPO), Esteban Bautista Hern\u00e1ndez, tras la campa\u00f1a &#8220;sincronizada&#8221; que han emprendido en su contra.<\/p>\n\n\n\n<p>Las diputadas Victoria Guti\u00e9rrez P\u00e9rez, Ivonne Selene Duran L\u00f3pez, Astrid S\u00e1nchez Moguel e Ingrid Jeny Calder\u00f3n Dom\u00ednguez respaldan a su coordinador y lamentaron que a\u00fan hay quienes no quieren entender que dentro del Movimiento los cargos son para servir y no para servirse.<\/p>\n\n\n\n<p>Manifest\u00f3 que han detectado una campa\u00f1a &#8220;sincronizada&#8221; luego de que el diputado Esteban Bautista ha hecho una pol\u00edtica diferente desde el Congreso local, al hablar con transparencia y verdad, cuestionando actos indebidos.<\/p>\n\n\n\n<p>\u201cHay personas que a\u00fan no entienden que los cargos p\u00fablicos son para servir a los ciudadanos y cuidar los recursos que pertenecen al pueblo. Debido a esto es que quieren acallar voces como las de nuestro coordinador Esteban Bautista\u201d, expresaron las diputadas.<\/p>\n\n\n\n<p>Las legisladoras de Morena recordaron que Bautista Hern\u00e1ndez lleva a\u00f1os siendo un l\u00edder social de izquierda, que ha enfrentado la represi\u00f3n en gobiernos pasados y nunca se ha sometido.<\/p>\n\n\n\n<p>Mencionaron que su trabajo en zonas ind\u00edgenas y marginadas es conocido por todos, adem\u00e1s de ser un miembro fundador de Morena, hecho que le fue reconocido por las y los diputados de la fracci\u00f3n para ser elegido como su coordinador.<\/p>\n\n\n\n<p>Desde ese momento, como presidente de la Junta de Coordinaci\u00f3n Pol\u00edtica, se ha conducido con una actitud de respeto e impulso hacia todas las diputadas y diputados de los distintos partidos pol\u00edticos.<\/p>\n\n\n\n<p>Adem\u00e1s de que se ha sumado al trabajo de la presidenta Claudia Sheinbaum y de la gobernadora Roc\u00edo Nahle Garc\u00eda, ya que es tiempo de mujeres y ese respaldo se ve reflejado en la Legislatura del Estado, toda vez que la mayor\u00eda de las comisiones son presididas por diputadas.<\/p>\n\n\n\n<figure class=\"wp-block-image size-large\"><img loading=\"lazy\" decoding=\"async\" width=\"1024\" height=\"684\" src=\"https:\/\/plumanegranoticias.com\/wp-content\/uploads\/2024\/12\/img-20241227-wa00351799706575505821583-1024x684.jpg\" alt=\"\" class=\"wp-image-7525\" srcset=\"https:\/\/plumanegranoticias.com\/wp-content\/uploads\/2024\/12\/img-20241227-wa00351799706575505821583-1024x684.jpg 1024w, https:\/\/plumanegranoticias.com\/wp-content\/uploads\/2024\/12\/img-20241227-wa00351799706575505821583-300x200.jpg 300w, https:\/\/plumanegranoticias.com\/wp-content\/uploads\/2024\/12\/img-20241227-wa00351799706575505821583-768x513.jpg 768w, https:\/\/plumanegranoticias.com\/wp-content\/uploads\/2024\/12\/img-20241227-wa00351799706575505821583.jpg 1080w\" sizes=\"auto, (max-width: 1024px) 100vw, 1024px\" \/><\/figure>\n","protected":false},"excerpt":{"rendered":"<p>Angeles Gonz\u00e1lez CeballosXalapa, Ver., La vicecoordinadora del grupo legislativo de Morena en el Congreso de Veracruz, Naomi Edith G\u00f3mez Santos, asegur\u00f3 que la bancada de su partido respalda al presidente de la Junta de Coordinaci\u00f3n Pol\u00edtica (JUCOPO), Esteban Bautista Hern\u00e1ndez, tras la campa\u00f1a &#8220;sincronizada&#8221; que han emprendido en su contra. Las diputadas Victoria Guti\u00e9rrez P\u00e9rez,&#8230; <\/p>\n<div class=\"clear\"><\/div>\n<p><a href=\"https:\/\/plumanegranoticias.com\/?p=7526\" class=\"excerpt-read-more\">Read More<i class=\"fa fa-caret-right icon-caret-right\"><\/i><\/a><\/p>\n","protected":false},"author":2,"featured_media":7528,"comment_status":"open","ping_status":"open","sticky":false,"template":"","format":"standard","meta":{"om_disable_all_campaigns":false,"_monsterinsights_skip_tracking":false,"_monsterinsights_sitenote_active":false,"_monsterinsights_sitenote_note":"","_monsterinsights_sitenote_category":0,"_uf_show_specific_survey":0,"_uf_disable_surveys":false,"footnotes":""},"categories":[1],"tags":[22,18,34,61],"class_list":["post-7526","post","type-post","status-publish","format-standard","has-post-thumbnail","hentry","category-blog","tag-nota-roja","tag-noticia","tag-policiaca","tag-politica"],"aioseo_notices":[],"_links":{"self":[{"href":"https:\/\/plumanegranoticias.com\/index.php?rest_route=\/wp\/v2\/posts\/7526","targetHints":{"allow":["GET"]}}],"collection":[{"href":"https:\/\/plumanegranoticias.com\/index.php?rest_route=\/wp\/v2\/posts"}],"about":[{"href":"https:\/\/plumanegranoticias.com\/index.php?rest_route=\/wp\/v2\/types\/post"}],"author":[{"embeddable":true,"href":"https:\/\/plumanegranoticias.com\/index.php?rest_route=\/wp\/v2\/users\/2"}],"replies":[{"embeddable":true,"href":"https:\/\/plumanegranoticias.com\/index.php?rest_route=%2Fwp%2Fv2%2Fcomments&post=7526"}],"version-history":[{"count":1,"href":"https:\/\/plumanegranoticias.com\/index.php?rest_route=\/wp\/v2\/posts\/7526\/revisions"}],"predecessor-version":[{"id":7527,"href":"https:\/\/plumanegranoticias.com\/index.php?rest_route=\/wp\/v2\/posts\/7526\/revisions\/7527"}],"wp:featuredmedia":[{"embeddable":true,"href":"https:\/\/plumanegranoticias.com\/index.php?rest_route=\/wp\/v2\/media\/7528"}],"wp:attachment":[{"href":"https:\/\/plumanegranoticias.com\/index.php?rest_route=%2Fwp%2Fv2%2Fmedia&parent=7526"}],"wp:term":[{"taxonomy":"category","embeddable":true,"href":"https:\/\/plumanegranoticias.com\/index.php?rest_route=%2Fwp%2Fv2%2Fcategories&post=7526"},{"taxonomy":"post_tag","embeddable":true,"href":"https:\/\/plumanegranoticias.com\/index.php?rest_route=%2Fwp%2Fv2%2Ftags&post=7526"}],"curies":[{"name":"wp","href":"https:\/\/api.w.org\/{rel}","templated":true}]}}