{"id":7539,"date":"2024-12-27T11:42:51","date_gmt":"2024-12-27T17:42:51","guid":{"rendered":"https:\/\/plumanegranoticias.com\/?p=7539"},"modified":"2024-12-27T11:43:54","modified_gmt":"2024-12-27T17:43:54","slug":"se-pronunciara-ayuntamiento-de-xalapa-para-que-comercios-no-discriminen","status":"publish","type":"post","link":"https:\/\/plumanegranoticias.com\/?p=7539","title":{"rendered":"Se pronunciar\u00e1 ayuntamiento de Xalapa para que comercios no discriminen"},"content":{"rendered":"\n<p>\u00c1ngeles Gonz\u00e1lez Ceballos<br>Xalapa, Ver., El ayuntamiento de Xalapa, encabezado por el alcalde Alberto Islas Reyes, podr\u00eda emitir un pronunciamiento para garantizar que el personal de los establecimientos comerciales cuente con la capacitaci\u00f3n necesaria en derechos humanos y protocolos espec\u00edficos para atender a personas con discapacidad o alguna condici\u00f3n diversa.<\/p>\n\n\n\n<p>Este d\u00eda el edil capitalino recibi\u00f3 a la persona con discapacidad visual que fue v\u00edctima de discriminaci\u00f3n en el restaurante Chilli&#8217;s, donde se encontraba acompa\u00f1ado de su perro gu\u00eda.<\/p>\n\n\n\n<p>Acompa\u00f1ado de la regidora Martha Valentina Dom\u00ednguez V\u00e1squez, el presidente municipal refrend\u00f3 su compromiso con la inclusi\u00f3n y el respeto a los derechos de las personas con discapacidad.<\/p>\n\n\n\n<p>Ah\u00ed, destac\u00f3 la importancia de promover acciones que garanticen la igualdad de oportunidades y el acceso a los espacios, creando una ciudad m\u00e1s inclusiva y respetuosa con la diversidad.<\/p>\n\n\n\n<figure class=\"wp-block-image size-large\"><img loading=\"lazy\" decoding=\"async\" width=\"1024\" height=\"688\" src=\"https:\/\/plumanegranoticias.com\/wp-content\/uploads\/2024\/12\/img-20241227-wa00578514682082891377403-1024x688.jpg\" alt=\"\" class=\"wp-image-7537\" srcset=\"https:\/\/plumanegranoticias.com\/wp-content\/uploads\/2024\/12\/img-20241227-wa00578514682082891377403-1024x688.jpg 1024w, https:\/\/plumanegranoticias.com\/wp-content\/uploads\/2024\/12\/img-20241227-wa00578514682082891377403-300x202.jpg 300w, https:\/\/plumanegranoticias.com\/wp-content\/uploads\/2024\/12\/img-20241227-wa00578514682082891377403-768x516.jpg 768w, https:\/\/plumanegranoticias.com\/wp-content\/uploads\/2024\/12\/img-20241227-wa00578514682082891377403-1536x1032.jpg 1536w, https:\/\/plumanegranoticias.com\/wp-content\/uploads\/2024\/12\/img-20241227-wa00578514682082891377403.jpg 2000w\" sizes=\"auto, (max-width: 1024px) 100vw, 1024px\" \/><\/figure>\n","protected":false},"excerpt":{"rendered":"<p>\u00c1ngeles Gonz\u00e1lez CeballosXalapa, Ver., El ayuntamiento de Xalapa, encabezado por el alcalde Alberto Islas Reyes, podr\u00eda emitir un pronunciamiento para garantizar que el personal de los establecimientos comerciales cuente con la capacitaci\u00f3n necesaria en derechos humanos y protocolos espec\u00edficos para atender a personas con discapacidad o alguna condici\u00f3n diversa. Este d\u00eda el edil capitalino recibi\u00f3&#8230; <\/p>\n<div class=\"clear\"><\/div>\n<p><a href=\"https:\/\/plumanegranoticias.com\/?p=7539\" class=\"excerpt-read-more\">Read More<i class=\"fa fa-caret-right icon-caret-right\"><\/i><\/a><\/p>\n","protected":false},"author":2,"featured_media":7538,"comment_status":"open","ping_status":"open","sticky":false,"template":"","format":"standard","meta":{"om_disable_all_campaigns":false,"_monsterinsights_skip_tracking":false,"_monsterinsights_sitenote_active":false,"_monsterinsights_sitenote_note":"","_monsterinsights_sitenote_category":0,"_uf_show_specific_survey":0,"_uf_disable_surveys":false,"footnotes":""},"categories":[1],"tags":[66,23,18,30],"class_list":["post-7539","post","type-post","status-publish","format-standard","has-post-thumbnail","hentry","category-blog","tag-del","tag-entretenimiento","tag-noticia","tag-plumazos"],"aioseo_notices":[],"_links":{"self":[{"href":"https:\/\/plumanegranoticias.com\/index.php?rest_route=\/wp\/v2\/posts\/7539","targetHints":{"allow":["GET"]}}],"collection":[{"href":"https:\/\/plumanegranoticias.com\/index.php?rest_route=\/wp\/v2\/posts"}],"about":[{"href":"https:\/\/plumanegranoticias.com\/index.php?rest_route=\/wp\/v2\/types\/post"}],"author":[{"embeddable":true,"href":"https:\/\/plumanegranoticias.com\/index.php?rest_route=\/wp\/v2\/users\/2"}],"replies":[{"embeddable":true,"href":"https:\/\/plumanegranoticias.com\/index.php?rest_route=%2Fwp%2Fv2%2Fcomments&post=7539"}],"version-history":[{"count":1,"href":"https:\/\/plumanegranoticias.com\/index.php?rest_route=\/wp\/v2\/posts\/7539\/revisions"}],"predecessor-version":[{"id":7540,"href":"https:\/\/plumanegranoticias.com\/index.php?rest_route=\/wp\/v2\/posts\/7539\/revisions\/7540"}],"wp:featuredmedia":[{"embeddable":true,"href":"https:\/\/plumanegranoticias.com\/index.php?rest_route=\/wp\/v2\/media\/7538"}],"wp:attachment":[{"href":"https:\/\/plumanegranoticias.com\/index.php?rest_route=%2Fwp%2Fv2%2Fmedia&parent=7539"}],"wp:term":[{"taxonomy":"category","embeddable":true,"href":"https:\/\/plumanegranoticias.com\/index.php?rest_route=%2Fwp%2Fv2%2Fcategories&post=7539"},{"taxonomy":"post_tag","embeddable":true,"href":"https:\/\/plumanegranoticias.com\/index.php?rest_route=%2Fwp%2Fv2%2Ftags&post=7539"}],"curies":[{"name":"wp","href":"https:\/\/api.w.org\/{rel}","templated":true}]}}