{"id":7561,"date":"2024-12-27T14:33:03","date_gmt":"2024-12-27T20:33:03","guid":{"rendered":"https:\/\/plumanegranoticias.com\/?p=7561"},"modified":"2024-12-27T14:34:03","modified_gmt":"2024-12-27T20:34:03","slug":"mata-a-machetazos-a-un-perro-fiscalia-rechaza-denuncia","status":"publish","type":"post","link":"https:\/\/plumanegranoticias.com\/?p=7561","title":{"rendered":"MATA A MACHETAZOS A UN PERRO, FISCAL\u00cdA RECHAZA DENUNCIA"},"content":{"rendered":"\n<p>C\u00f3rdoba, Ver.- Un sujeto de nombre Juan \u201cN\u201d mat\u00f3 a machetazos esta madrugada del 26 de diciembre, a un indefenso perro en las inmediaciones de la colonia La Posta, ayer los due\u00f1os intentaron poner una denuncia que fue rechazada, hasta hoy que intervino el Gobierno municipal<\/p>\n\n\n\n<p>La mascota de nombre \u201cTawny\u201d fue sacrificada de manera violenta y el hecho indign\u00f3 a la comunidad.<\/p>\n\n\n\n<p>Hasta este d\u00eda, el Ayuntamiento de C\u00f3rdoba intervino e interpuso una denuncia de hechos ante la Fiscal\u00eda, quedando asentado en el expediente 2723\/24, inform\u00f3 la regidora Mar\u00eda Luisa Mart\u00ednez<\/p>\n\n\n\n<p>El maltrato animal provoc\u00f3 que&nbsp; diversas plataformas digitales la ciudadan\u00eda hoy levanta la voz para pedir justicia por Tawny.<\/p>\n\n\n\n<p>Cabe recordar que en noviembre se realiz\u00f3 la aprobaci\u00f3n a la reforma constitucional en materia de protecci\u00f3n y cuidado animal por parte de la C\u00e1mara de Diputados<\/p>\n\n\n\n<p>Los hechos ocurrieron a orillas de la colonia citada en la prolongaci\u00f3n de la calle 20. El s\u00e1dico sujeto vive en una casa entre ca\u00f1ales.<\/p>\n\n\n\n<figure class=\"wp-block-image size-large\"><img loading=\"lazy\" decoding=\"async\" width=\"834\" height=\"1024\" src=\"https:\/\/plumanegranoticias.com\/wp-content\/uploads\/2024\/12\/img-20241227-wa01002013958663289030196-834x1024.jpg\" alt=\"\" class=\"wp-image-7559\" srcset=\"https:\/\/plumanegranoticias.com\/wp-content\/uploads\/2024\/12\/img-20241227-wa01002013958663289030196-834x1024.jpg 834w, https:\/\/plumanegranoticias.com\/wp-content\/uploads\/2024\/12\/img-20241227-wa01002013958663289030196-244x300.jpg 244w, https:\/\/plumanegranoticias.com\/wp-content\/uploads\/2024\/12\/img-20241227-wa01002013958663289030196-768x943.jpg 768w, https:\/\/plumanegranoticias.com\/wp-content\/uploads\/2024\/12\/img-20241227-wa01002013958663289030196.jpg 1080w\" sizes=\"auto, (max-width: 834px) 100vw, 834px\" \/><\/figure>\n","protected":false},"excerpt":{"rendered":"<p>C\u00f3rdoba, Ver.- Un sujeto de nombre Juan \u201cN\u201d mat\u00f3 a machetazos esta madrugada del 26 de diciembre, a un indefenso perro en las inmediaciones de la colonia La Posta, ayer los due\u00f1os intentaron poner una denuncia que fue rechazada, hasta hoy que intervino el Gobierno municipal La mascota de nombre \u201cTawny\u201d fue sacrificada de manera&#8230; <\/p>\n<div class=\"clear\"><\/div>\n<p><a href=\"https:\/\/plumanegranoticias.com\/?p=7561\" class=\"excerpt-read-more\">Read More<i class=\"fa fa-caret-right icon-caret-right\"><\/i><\/a><\/p>\n","protected":false},"author":2,"featured_media":7560,"comment_status":"open","ping_status":"open","sticky":false,"template":"","format":"standard","meta":{"om_disable_all_campaigns":false,"_monsterinsights_skip_tracking":false,"_monsterinsights_sitenote_active":false,"_monsterinsights_sitenote_note":"","_monsterinsights_sitenote_category":0,"_uf_show_specific_survey":0,"_uf_disable_surveys":false,"footnotes":""},"categories":[1],"tags":[22,18,30],"class_list":["post-7561","post","type-post","status-publish","format-standard","has-post-thumbnail","hentry","category-blog","tag-nota-roja","tag-noticia","tag-plumazos"],"aioseo_notices":[],"_links":{"self":[{"href":"https:\/\/plumanegranoticias.com\/index.php?rest_route=\/wp\/v2\/posts\/7561","targetHints":{"allow":["GET"]}}],"collection":[{"href":"https:\/\/plumanegranoticias.com\/index.php?rest_route=\/wp\/v2\/posts"}],"about":[{"href":"https:\/\/plumanegranoticias.com\/index.php?rest_route=\/wp\/v2\/types\/post"}],"author":[{"embeddable":true,"href":"https:\/\/plumanegranoticias.com\/index.php?rest_route=\/wp\/v2\/users\/2"}],"replies":[{"embeddable":true,"href":"https:\/\/plumanegranoticias.com\/index.php?rest_route=%2Fwp%2Fv2%2Fcomments&post=7561"}],"version-history":[{"count":1,"href":"https:\/\/plumanegranoticias.com\/index.php?rest_route=\/wp\/v2\/posts\/7561\/revisions"}],"predecessor-version":[{"id":7562,"href":"https:\/\/plumanegranoticias.com\/index.php?rest_route=\/wp\/v2\/posts\/7561\/revisions\/7562"}],"wp:featuredmedia":[{"embeddable":true,"href":"https:\/\/plumanegranoticias.com\/index.php?rest_route=\/wp\/v2\/media\/7560"}],"wp:attachment":[{"href":"https:\/\/plumanegranoticias.com\/index.php?rest_route=%2Fwp%2Fv2%2Fmedia&parent=7561"}],"wp:term":[{"taxonomy":"category","embeddable":true,"href":"https:\/\/plumanegranoticias.com\/index.php?rest_route=%2Fwp%2Fv2%2Fcategories&post=7561"},{"taxonomy":"post_tag","embeddable":true,"href":"https:\/\/plumanegranoticias.com\/index.php?rest_route=%2Fwp%2Fv2%2Ftags&post=7561"}],"curies":[{"name":"wp","href":"https:\/\/api.w.org\/{rel}","templated":true}]}}