{"id":7564,"date":"2024-12-27T17:46:23","date_gmt":"2024-12-27T23:46:23","guid":{"rendered":"https:\/\/plumanegranoticias.com\/?p=7564"},"modified":"2024-12-27T17:46:45","modified_gmt":"2024-12-27T23:46:45","slug":"ople-veracruz-aprueba-formatos-y-disenos-del-material-electoral-para-el-proceso-electoral-local-ordinario-2024-2025%e2%97%8f-se-aprueba-el-catalogo-de-tarifas-de-medios-de-comunicacion-disti","status":"publish","type":"post","link":"https:\/\/plumanegranoticias.com\/?p=7564","title":{"rendered":"OPLE Veracruz aprueba formatos y dise\u00f1os del material electoral para el Proceso Electoral Local Ordinario 2024-2025\u25cf Se aprueba el \u201cCat\u00e1logo de tarifas de medios de comunicaci\u00f3n, distintos a la radio y a la televisi\u00f3n\u201d"},"content":{"rendered":"\n<p>Xalapa, Veracruz, 27 de diciembre de 2024. En sesi\u00f3n extraordinaria, el Consejo General del Organismo P\u00fablico Local Electoral del Estado de Veracruz (OPLE Veracruz) aprob\u00f3 los formatos y dise\u00f1os del material electoral, para el Proceso Electoral Local Ordinario (PELO) 2024-2025.<br \/>Las consejeras y los consejeros electorales aprobaron el \u201cCat\u00e1logo de tarifas de medios de comunicaci\u00f3n, distintos a la radio y a la televisi\u00f3n, para que sean puestas a disposici\u00f3n de los partidos pol\u00edticos, coaliciones, aspirantes a candidaturas independientes y candidaturas independientes, para su contrataci\u00f3n durante el PELO 2024-2025\u201d.<br \/>Cabe resaltar que, el Cat\u00e1logo de Tarifas de Medios de Comunicaci\u00f3n, distintos a la radio y a la televisi\u00f3n, tiene la finalidad de que dichas tarifas sean puestas a disposici\u00f3n de los partidos pol\u00edticos, coaliciones, aspirantes a candidaturas y se integra en total por 81 medios de comunicaci\u00f3n estatales y nacionales, tanto impresos como web.<br \/>En otro punto del orden del d\u00eda, el Consejo General del Organismo aprob\u00f3 los Programas Anuales de Trabajo 2025 de las Comisiones Permanentes de: Prerrogativas y Partidos Pol\u00edticos, Capacitaci\u00f3n y Organizaci\u00f3n Electoral, as\u00ed como, de Quejas y Denuncias; y de la Comisi\u00f3n Especial de Vinculaci\u00f3n con el Instituto Nacional Electoral para el PELO 2024-2025.<br \/>De igual forma, se dio cumplimiento al mandato emitido por Junta Especial N\u00famero Cuatro de la Local de Conciliaci\u00f3n y Arbitraje en el Estado, en el expediente n\u00famero 800\/IV\/2019, con relaci\u00f3n al Comit\u00e9 Directivo Estatal del Partido Acci\u00f3n Nacional y otros.<br \/>Por \u00faltimo, el Consejo General del OPLE Veracruz desahog\u00f3 las consultas formuladas por la ciudadan\u00eda en materia de separaci\u00f3n de cargos p\u00fablicos y programas sociales.<\/p>\n\n\n\n<figure class=\"wp-block-image size-large\"><img loading=\"lazy\" decoding=\"async\" width=\"1024\" height=\"683\" src=\"https:\/\/plumanegranoticias.com\/wp-content\/uploads\/2024\/12\/img-20241227-wa01174834189820347246896-1024x683.jpg\" alt=\"\" class=\"wp-image-7563\" srcset=\"https:\/\/plumanegranoticias.com\/wp-content\/uploads\/2024\/12\/img-20241227-wa01174834189820347246896-1024x683.jpg 1024w, https:\/\/plumanegranoticias.com\/wp-content\/uploads\/2024\/12\/img-20241227-wa01174834189820347246896-300x200.jpg 300w, https:\/\/plumanegranoticias.com\/wp-content\/uploads\/2024\/12\/img-20241227-wa01174834189820347246896-768x512.jpg 768w, https:\/\/plumanegranoticias.com\/wp-content\/uploads\/2024\/12\/img-20241227-wa01174834189820347246896.jpg 1398w\" sizes=\"auto, (max-width: 1024px) 100vw, 1024px\" \/><\/figure>\n","protected":false},"excerpt":{"rendered":"<p>Xalapa, Veracruz, 27 de diciembre de 2024. En sesi\u00f3n extraordinaria, el Consejo General del Organismo P\u00fablico Local Electoral del Estado de Veracruz (OPLE Veracruz) aprob\u00f3 los formatos y dise\u00f1os del material electoral, para el Proceso Electoral Local Ordinario (PELO) 2024-2025.Las consejeras y los consejeros electorales aprobaron el \u201cCat\u00e1logo de tarifas de medios de comunicaci\u00f3n, distintos&#8230; <\/p>\n<div class=\"clear\"><\/div>\n<p><a href=\"https:\/\/plumanegranoticias.com\/?p=7564\" class=\"excerpt-read-more\">Read More<i class=\"fa fa-caret-right icon-caret-right\"><\/i><\/a><\/p>\n","protected":false},"author":2,"featured_media":7566,"comment_status":"open","ping_status":"open","sticky":false,"template":"","format":"standard","meta":{"om_disable_all_campaigns":false,"_monsterinsights_skip_tracking":false,"_monsterinsights_sitenote_active":false,"_monsterinsights_sitenote_note":"","_monsterinsights_sitenote_category":0,"_uf_show_specific_survey":0,"_uf_disable_surveys":false,"footnotes":""},"categories":[1],"tags":[61,19,31],"class_list":["post-7564","post","type-post","status-publish","format-standard","has-post-thumbnail","hentry","category-blog","tag-politica","tag-regional","tag-reporte-ciudadano"],"aioseo_notices":[],"_links":{"self":[{"href":"https:\/\/plumanegranoticias.com\/index.php?rest_route=\/wp\/v2\/posts\/7564","targetHints":{"allow":["GET"]}}],"collection":[{"href":"https:\/\/plumanegranoticias.com\/index.php?rest_route=\/wp\/v2\/posts"}],"about":[{"href":"https:\/\/plumanegranoticias.com\/index.php?rest_route=\/wp\/v2\/types\/post"}],"author":[{"embeddable":true,"href":"https:\/\/plumanegranoticias.com\/index.php?rest_route=\/wp\/v2\/users\/2"}],"replies":[{"embeddable":true,"href":"https:\/\/plumanegranoticias.com\/index.php?rest_route=%2Fwp%2Fv2%2Fcomments&post=7564"}],"version-history":[{"count":1,"href":"https:\/\/plumanegranoticias.com\/index.php?rest_route=\/wp\/v2\/posts\/7564\/revisions"}],"predecessor-version":[{"id":7565,"href":"https:\/\/plumanegranoticias.com\/index.php?rest_route=\/wp\/v2\/posts\/7564\/revisions\/7565"}],"wp:featuredmedia":[{"embeddable":true,"href":"https:\/\/plumanegranoticias.com\/index.php?rest_route=\/wp\/v2\/media\/7566"}],"wp:attachment":[{"href":"https:\/\/plumanegranoticias.com\/index.php?rest_route=%2Fwp%2Fv2%2Fmedia&parent=7564"}],"wp:term":[{"taxonomy":"category","embeddable":true,"href":"https:\/\/plumanegranoticias.com\/index.php?rest_route=%2Fwp%2Fv2%2Fcategories&post=7564"},{"taxonomy":"post_tag","embeddable":true,"href":"https:\/\/plumanegranoticias.com\/index.php?rest_route=%2Fwp%2Fv2%2Ftags&post=7564"}],"curies":[{"name":"wp","href":"https:\/\/api.w.org\/{rel}","templated":true}]}}