{"id":7574,"date":"2024-12-27T21:04:44","date_gmt":"2024-12-28T03:04:44","guid":{"rendered":"https:\/\/plumanegranoticias.com\/?p=7574"},"modified":"2024-12-27T21:05:02","modified_gmt":"2024-12-28T03:05:02","slug":"sentenciado-a-50-anos-de-prision-como-responsable-del-delito-de-secuestro-agravado","status":"publish","type":"post","link":"https:\/\/plumanegranoticias.com\/?p=7574","title":{"rendered":"SENTENCIADO A 50 A\u00d1OS DE PRISI\u00d3N COMO RESPONSABLE DEL DELITO DE SECUESTRO AGRAVADO"},"content":{"rendered":"\n<p>Xalapa, Ver., a 27 de diciembre del 2024.-La Fiscal\u00eda General del Estado, a trav\u00e9s de la Unidad Especializada en Combate al Secuestro, logr\u00f3 sentencia condenatoria de 50 a\u00f1os de prisi\u00f3n en contra de Hugo Agust\u00edn \u201cN\u201d, como responsable del delito de secuestro agravado, cometido en agravio de la v\u00edctima identificada con las iniciales O.M.V.C., quien se desempe\u00f1aba como asesora de Gobierno.\u00a0<\/p>\n\n\n\n<p>Los hechos ocurrieron el 10 de marzo de 2016, cuando la v\u00edctima, quien llegaba a su domicilio ubicado en la colonia Floresta, de esta ciudad, fue privada de su libertad por sujetos desconocidos. Posteriormente, su familia recibi\u00f3 una llamada con la exigencia de un pago por su liberaci\u00f3n.&nbsp;<\/p>\n\n\n\n<p>El juez adem\u00e1s de dictar sentencia, estableci\u00f3 un pago por concepto de reparaci\u00f3n del da\u00f1o y suspendi\u00f3 sus derechos civiles y pol\u00edticos, dentro del juicio oral 9\/2019-J.<\/p>\n\n\n\n<figure class=\"wp-block-image size-large\"><img loading=\"lazy\" decoding=\"async\" width=\"300\" height=\"300\" src=\"https:\/\/plumanegranoticias.com\/wp-content\/uploads\/2024\/12\/img-20241227-wa01911696525660970571296-300x300.jpg\" alt=\"\" class=\"wp-image-7573\" srcset=\"https:\/\/plumanegranoticias.com\/wp-content\/uploads\/2024\/12\/img-20241227-wa01911696525660970571296-300x300.jpg 300w, https:\/\/plumanegranoticias.com\/wp-content\/uploads\/2024\/12\/img-20241227-wa01911696525660970571296-150x150.jpg 150w, https:\/\/plumanegranoticias.com\/wp-content\/uploads\/2024\/12\/img-20241227-wa01911696525660970571296-400x400.jpg 400w, https:\/\/plumanegranoticias.com\/wp-content\/uploads\/2024\/12\/img-20241227-wa01911696525660970571296.jpg 720w\" sizes=\"auto, (max-width: 300px) 100vw, 300px\" \/><\/figure>\n","protected":false},"excerpt":{"rendered":"<p>Xalapa, Ver., a 27 de diciembre del 2024.-La Fiscal\u00eda General del Estado, a trav\u00e9s de la Unidad Especializada en Combate al Secuestro, logr\u00f3 sentencia condenatoria de 50 a\u00f1os de prisi\u00f3n en contra de Hugo Agust\u00edn \u201cN\u201d, como responsable del delito de secuestro agravado, cometido en agravio de la v\u00edctima identificada con las iniciales O.M.V.C., quien&#8230; <\/p>\n<div class=\"clear\"><\/div>\n<p><a href=\"https:\/\/plumanegranoticias.com\/?p=7574\" class=\"excerpt-read-more\">Read More<i class=\"fa fa-caret-right icon-caret-right\"><\/i><\/a><\/p>\n","protected":false},"author":2,"featured_media":7576,"comment_status":"open","ping_status":"open","sticky":false,"template":"","format":"standard","meta":{"om_disable_all_campaigns":false,"_monsterinsights_skip_tracking":false,"_monsterinsights_sitenote_active":false,"_monsterinsights_sitenote_note":"","_monsterinsights_sitenote_category":0,"_uf_show_specific_survey":0,"_uf_disable_surveys":false,"footnotes":""},"categories":[1],"tags":[22,30,34],"class_list":["post-7574","post","type-post","status-publish","format-standard","has-post-thumbnail","hentry","category-blog","tag-nota-roja","tag-plumazos","tag-policiaca"],"aioseo_notices":[],"_links":{"self":[{"href":"https:\/\/plumanegranoticias.com\/index.php?rest_route=\/wp\/v2\/posts\/7574","targetHints":{"allow":["GET"]}}],"collection":[{"href":"https:\/\/plumanegranoticias.com\/index.php?rest_route=\/wp\/v2\/posts"}],"about":[{"href":"https:\/\/plumanegranoticias.com\/index.php?rest_route=\/wp\/v2\/types\/post"}],"author":[{"embeddable":true,"href":"https:\/\/plumanegranoticias.com\/index.php?rest_route=\/wp\/v2\/users\/2"}],"replies":[{"embeddable":true,"href":"https:\/\/plumanegranoticias.com\/index.php?rest_route=%2Fwp%2Fv2%2Fcomments&post=7574"}],"version-history":[{"count":1,"href":"https:\/\/plumanegranoticias.com\/index.php?rest_route=\/wp\/v2\/posts\/7574\/revisions"}],"predecessor-version":[{"id":7575,"href":"https:\/\/plumanegranoticias.com\/index.php?rest_route=\/wp\/v2\/posts\/7574\/revisions\/7575"}],"wp:featuredmedia":[{"embeddable":true,"href":"https:\/\/plumanegranoticias.com\/index.php?rest_route=\/wp\/v2\/media\/7576"}],"wp:attachment":[{"href":"https:\/\/plumanegranoticias.com\/index.php?rest_route=%2Fwp%2Fv2%2Fmedia&parent=7574"}],"wp:term":[{"taxonomy":"category","embeddable":true,"href":"https:\/\/plumanegranoticias.com\/index.php?rest_route=%2Fwp%2Fv2%2Fcategories&post=7574"},{"taxonomy":"post_tag","embeddable":true,"href":"https:\/\/plumanegranoticias.com\/index.php?rest_route=%2Fwp%2Fv2%2Ftags&post=7574"}],"curies":[{"name":"wp","href":"https:\/\/api.w.org\/{rel}","templated":true}]}}