{"id":7593,"date":"2024-12-30T09:07:45","date_gmt":"2024-12-30T15:07:45","guid":{"rendered":"https:\/\/plumanegranoticias.com\/?p=7593"},"modified":"2024-12-30T09:08:49","modified_gmt":"2024-12-30T15:08:49","slug":"7593","status":"publish","type":"post","link":"https:\/\/plumanegranoticias.com\/?p=7593","title":{"rendered":"Se tiene que erradicar toda forma de discriminaci\u00f3n en M\u00e9xico: Presidenta"},"content":{"rendered":"\n<p><em>Llega el caso del abogado con discapacidad que fue sacado del restaurante Chilli&#8217;s, en Xalapa<\/em><\/p>\n\n\n\n<p><em>No se debe pasar como un hecho viral en redes sociales<\/em><\/p>\n\n\n\n<p>\u00c1ngeles Gonz\u00e1lez Ceballos<br \/>Xalapa, Ver., El caso de discriminaci\u00f3n cometido en contra del abogado Miguel \u00c1ngel Hern\u00e1ndez, persona invidente que lleg\u00f3 al restaurante Chilli&#8217;s, en Xalapa y que fue sacado del lugar por ir acompa\u00f1ado de su perro gu\u00eda; lleg\u00f3 a la ma\u00f1anera de la presidenta Claudia Sheinbaum Pardo.<\/p>\n\n\n\n<p>Ah\u00ed, se defini\u00f3 que este tipo de casos no se deben dejar pasar como un hecho que se hace viral en redes sociales.<\/p>\n\n\n\n<p>Durante la conferencia de este lunes se le pregunt\u00f3 a la Mandataria sobre el asunto de la joven en Monterrey y del caso ocurrido en Xalapa el pasado 24 de diciembre.<\/p>\n\n\n\n<p>Ah\u00ed, la titular del Ejecutivo expres\u00f3 que ha habido un avance muy importante en el Pa\u00eds, incluso asegur\u00f3 que M\u00e9xico es de los pocos pa\u00edses que apoya a las personas con discapacidad.<\/p>\n\n\n\n<p>&#8220;Es de los pocos pa\u00edses que da este apoyo econ\u00f3mico, esta pensi\u00f3n a personas con discapacidad, pero sigue habiendo discriminaci\u00f3n, sigue habiendo limitaciones para el desarrollo de una persona con discapacidad&#8221;, lament\u00f3.<\/p>\n\n\n\n<p>Sheinbaum Pardo resalt\u00f3 que ese tipo de limitaciones van desde las condiciones urbanas para que una persona, dependiendo de su discapacidad, pueda tener la movilidad en una ciudad o cualquier sitio, entre otros.<\/p>\n\n\n\n<p>&#8220;Tienes raz\u00f3n, se tiene que erradicar toda forma de discriminaci\u00f3n en nuestro pa\u00eds a cualquier persona por ser diferente&#8221;, defini\u00f3.<\/p>\n\n\n\n<p>Por su parte, la secretaria del Bienestar, Ariadna Montiel destac\u00f3 que la pensi\u00f3n a personas con discapacidad es un derecho constitucional, lo cual es un gran avance.<\/p>\n\n\n\n<p>&#8220;Porque las personas con discapacidad viv\u00edan en mayor pobreza que el resto de la poblaci\u00f3n. Es la primera estrategia para combatir la pobreza entre los grupos vulnerables&#8221;, manifest\u00f3.<\/p>\n\n\n\n<p>La funcionaria asever\u00f3 que el hecho de que ya sea un derecho consagrado en la Construcci\u00f3n es muy importante porque las personas que tengan alguna discapacidad tendr\u00e1 el apoyo del Gobierno desde los cero a\u00f1os hasta el final de su vida.<\/p>\n\n\n\n<p>&#8220;Esta garant\u00eda es muy importante, es el grupo de la poblaci\u00f3n que tiene esta garant\u00eda del Estado durante toda su vida&#8221;, recalc\u00f3.<\/p>\n\n\n\n<p>Ariadna Montiel indic\u00f3 que deben trabajar en pol\u00edticas laborales, educativas, de accesibilidad, lo que tiene que ver con el entorno.<\/p>\n\n\n\n<p>Asimismo, que haya mucha sensibilidad, que haya mucha promoci\u00f3n del respeto a los derechos humanos, a las personas con discapacidad.<\/p>\n\n\n\n<p>La servidora p\u00fablica enfatiz\u00f3 que cuando ocurren este tipo de eventos de discriminaci\u00f3n no se deben dejar como un hecho que se hace viral en redes sociales.<\/p>\n\n\n\n<p>Sino actuar y hacer conciencia en toda la poblaci\u00f3n, ya que todos podemos, en alg\u00fan momento de la vida, ser una persona con discapacidad por enfermedad o accidente, de tal manera que todo lo que hagan es muy importante.<\/p>\n\n\n\n<p>Adem\u00e1s, record\u00f3 que las personas con discapacidad representan entre el 5 y el 7 por ciento de la poblaci\u00f3n del pa\u00eds, pero impacta a 80 millones de mexicanos que viven con alguna persona con discapacidad.<\/p>\n\n\n\n<figure class=\"wp-block-video\"><video height=\"472\" style=\"aspect-ratio: 848 \/ 472;\" width=\"848\" controls src=\"https:\/\/plumanegranoticias.com\/wp-content\/uploads\/2024\/12\/VID-20241230-WA0017.mp4\"><\/video><\/figure>\n","protected":false},"excerpt":{"rendered":"<p>Llega el caso del abogado con discapacidad que fue sacado del restaurante Chilli&#8217;s, en Xalapa No se debe pasar como un hecho viral en redes sociales \u00c1ngeles Gonz\u00e1lez CeballosXalapa, Ver., El caso de discriminaci\u00f3n cometido en contra del abogado Miguel \u00c1ngel Hern\u00e1ndez, persona invidente que lleg\u00f3 al restaurante Chilli&#8217;s, en Xalapa y que fue sacado&#8230; <\/p>\n<div class=\"clear\"><\/div>\n<p><a href=\"https:\/\/plumanegranoticias.com\/?p=7593\" class=\"excerpt-read-more\">Read More<i class=\"fa fa-caret-right icon-caret-right\"><\/i><\/a><\/p>\n","protected":false},"author":2,"featured_media":7595,"comment_status":"open","ping_status":"open","sticky":false,"template":"","format":"standard","meta":{"om_disable_all_campaigns":false,"_monsterinsights_skip_tracking":false,"_monsterinsights_sitenote_active":false,"_monsterinsights_sitenote_note":"","_monsterinsights_sitenote_category":0,"_uf_show_specific_survey":0,"_uf_disable_surveys":false,"footnotes":""},"categories":[1],"tags":[20,22,18],"class_list":["post-7593","post","type-post","status-publish","format-standard","has-post-thumbnail","hentry","category-blog","tag-negocios","tag-nota-roja","tag-noticia"],"aioseo_notices":[],"_links":{"self":[{"href":"https:\/\/plumanegranoticias.com\/index.php?rest_route=\/wp\/v2\/posts\/7593","targetHints":{"allow":["GET"]}}],"collection":[{"href":"https:\/\/plumanegranoticias.com\/index.php?rest_route=\/wp\/v2\/posts"}],"about":[{"href":"https:\/\/plumanegranoticias.com\/index.php?rest_route=\/wp\/v2\/types\/post"}],"author":[{"embeddable":true,"href":"https:\/\/plumanegranoticias.com\/index.php?rest_route=\/wp\/v2\/users\/2"}],"replies":[{"embeddable":true,"href":"https:\/\/plumanegranoticias.com\/index.php?rest_route=%2Fwp%2Fv2%2Fcomments&post=7593"}],"version-history":[{"count":2,"href":"https:\/\/plumanegranoticias.com\/index.php?rest_route=\/wp\/v2\/posts\/7593\/revisions"}],"predecessor-version":[{"id":7596,"href":"https:\/\/plumanegranoticias.com\/index.php?rest_route=\/wp\/v2\/posts\/7593\/revisions\/7596"}],"wp:featuredmedia":[{"embeddable":true,"href":"https:\/\/plumanegranoticias.com\/index.php?rest_route=\/wp\/v2\/media\/7595"}],"wp:attachment":[{"href":"https:\/\/plumanegranoticias.com\/index.php?rest_route=%2Fwp%2Fv2%2Fmedia&parent=7593"}],"wp:term":[{"taxonomy":"category","embeddable":true,"href":"https:\/\/plumanegranoticias.com\/index.php?rest_route=%2Fwp%2Fv2%2Fcategories&post=7593"},{"taxonomy":"post_tag","embeddable":true,"href":"https:\/\/plumanegranoticias.com\/index.php?rest_route=%2Fwp%2Fv2%2Ftags&post=7593"}],"curies":[{"name":"wp","href":"https:\/\/api.w.org\/{rel}","templated":true}]}}