{"id":7607,"date":"2024-12-30T10:39:20","date_gmt":"2024-12-30T16:39:20","guid":{"rendered":"https:\/\/plumanegranoticias.com\/?p=7607"},"modified":"2024-12-30T10:40:13","modified_gmt":"2024-12-30T16:40:13","slug":"muere-persona-en-situacion-de-calle-en-centro-de-xalapa","status":"publish","type":"post","link":"https:\/\/plumanegranoticias.com\/?p=7607","title":{"rendered":"Muere persona en situaci\u00f3n de calle, en centro de Xalapa"},"content":{"rendered":"\n<p>Angeles Gonz\u00e1lez Ceballos<br>Xalapa, Ver., La ma\u00f1ana de este lunes un hombre en situaci\u00f3n de calle perdi\u00f3 la vida en pleno centro de la Ciudad de Xalapa.<\/p>\n\n\n\n<p>Vecinos de la calle Clavijero y Acosta, solicitaron apoyo al n\u00famero de emergencias para que acudieran a revisar al desafortunado sujeto.<\/p>\n\n\n\n<p>Al llegar los elementos de emergencia se dieron cuenta de que ya no contaba con signos vitales, por lo que fue acordonada la zona.<\/p>\n\n\n\n<p>El sujeto permanece en calidad de desconocido, pero fueron comerciantes de la zona quienes dieron a conocer que se trata de una persona que viv\u00eda en situaci\u00f3n de calle.<\/p>\n\n\n\n<figure class=\"wp-block-image size-large\"><img loading=\"lazy\" decoding=\"async\" width=\"1024\" height=\"768\" src=\"https:\/\/plumanegranoticias.com\/wp-content\/uploads\/2024\/12\/img-20241230-wa00432882219226658038109-1024x768.jpg\" alt=\"\" class=\"wp-image-7604\" srcset=\"https:\/\/plumanegranoticias.com\/wp-content\/uploads\/2024\/12\/img-20241230-wa00432882219226658038109-1024x768.jpg 1024w, https:\/\/plumanegranoticias.com\/wp-content\/uploads\/2024\/12\/img-20241230-wa00432882219226658038109-300x225.jpg 300w, https:\/\/plumanegranoticias.com\/wp-content\/uploads\/2024\/12\/img-20241230-wa00432882219226658038109-768x576.jpg 768w, https:\/\/plumanegranoticias.com\/wp-content\/uploads\/2024\/12\/img-20241230-wa00432882219226658038109-1536x1152.jpg 1536w, https:\/\/plumanegranoticias.com\/wp-content\/uploads\/2024\/12\/img-20241230-wa00432882219226658038109-400x300.jpg 400w, https:\/\/plumanegranoticias.com\/wp-content\/uploads\/2024\/12\/img-20241230-wa00432882219226658038109.jpg 1600w\" sizes=\"auto, (max-width: 1024px) 100vw, 1024px\" \/><\/figure>\n\n\n\n<figure class=\"wp-block-image\"><img loading=\"lazy\" decoding=\"async\" width=\"1024\" height=\"768\" src=\"https:\/\/plumanegranoticias.com\/wp-content\/uploads\/2024\/12\/img-20241230-wa00425771810130678300054-1024x768.jpg\" alt=\"\" class=\"wp-image-7605\" srcset=\"https:\/\/plumanegranoticias.com\/wp-content\/uploads\/2024\/12\/img-20241230-wa00425771810130678300054-1024x768.jpg 1024w, https:\/\/plumanegranoticias.com\/wp-content\/uploads\/2024\/12\/img-20241230-wa00425771810130678300054-300x225.jpg 300w, https:\/\/plumanegranoticias.com\/wp-content\/uploads\/2024\/12\/img-20241230-wa00425771810130678300054-768x576.jpg 768w, https:\/\/plumanegranoticias.com\/wp-content\/uploads\/2024\/12\/img-20241230-wa00425771810130678300054-1536x1152.jpg 1536w, https:\/\/plumanegranoticias.com\/wp-content\/uploads\/2024\/12\/img-20241230-wa00425771810130678300054-400x300.jpg 400w, https:\/\/plumanegranoticias.com\/wp-content\/uploads\/2024\/12\/img-20241230-wa00425771810130678300054.jpg 1600w\" sizes=\"auto, (max-width: 1024px) 100vw, 1024px\" \/><\/figure>\n\n\n\n<figure class=\"wp-block-image\"><img loading=\"lazy\" decoding=\"async\" width=\"225\" height=\"300\" src=\"https:\/\/plumanegranoticias.com\/wp-content\/uploads\/2024\/12\/img-20241230-wa00414630454365226728084-225x300.jpg\" alt=\"\" class=\"wp-image-7606\" srcset=\"https:\/\/plumanegranoticias.com\/wp-content\/uploads\/2024\/12\/img-20241230-wa00414630454365226728084-225x300.jpg 225w, https:\/\/plumanegranoticias.com\/wp-content\/uploads\/2024\/12\/img-20241230-wa00414630454365226728084.jpg 720w\" sizes=\"auto, (max-width: 225px) 100vw, 225px\" \/><\/figure>\n","protected":false},"excerpt":{"rendered":"<p>Angeles Gonz\u00e1lez CeballosXalapa, Ver., La ma\u00f1ana de este lunes un hombre en situaci\u00f3n de calle perdi\u00f3 la vida en pleno centro de la Ciudad de Xalapa. Vecinos de la calle Clavijero y Acosta, solicitaron apoyo al n\u00famero de emergencias para que acudieran a revisar al desafortunado sujeto. Al llegar los elementos de emergencia se dieron&#8230; <\/p>\n<div class=\"clear\"><\/div>\n<p><a href=\"https:\/\/plumanegranoticias.com\/?p=7607\" class=\"excerpt-read-more\">Read More<i class=\"fa fa-caret-right icon-caret-right\"><\/i><\/a><\/p>\n","protected":false},"author":2,"featured_media":7609,"comment_status":"open","ping_status":"open","sticky":false,"template":"","format":"standard","meta":{"om_disable_all_campaigns":false,"_monsterinsights_skip_tracking":false,"_monsterinsights_sitenote_active":false,"_monsterinsights_sitenote_note":"","_monsterinsights_sitenote_category":0,"_uf_show_specific_survey":0,"_uf_disable_surveys":false,"footnotes":""},"categories":[1],"tags":[18,61,31],"class_list":["post-7607","post","type-post","status-publish","format-standard","has-post-thumbnail","hentry","category-blog","tag-noticia","tag-politica","tag-reporte-ciudadano"],"aioseo_notices":[],"_links":{"self":[{"href":"https:\/\/plumanegranoticias.com\/index.php?rest_route=\/wp\/v2\/posts\/7607","targetHints":{"allow":["GET"]}}],"collection":[{"href":"https:\/\/plumanegranoticias.com\/index.php?rest_route=\/wp\/v2\/posts"}],"about":[{"href":"https:\/\/plumanegranoticias.com\/index.php?rest_route=\/wp\/v2\/types\/post"}],"author":[{"embeddable":true,"href":"https:\/\/plumanegranoticias.com\/index.php?rest_route=\/wp\/v2\/users\/2"}],"replies":[{"embeddable":true,"href":"https:\/\/plumanegranoticias.com\/index.php?rest_route=%2Fwp%2Fv2%2Fcomments&post=7607"}],"version-history":[{"count":1,"href":"https:\/\/plumanegranoticias.com\/index.php?rest_route=\/wp\/v2\/posts\/7607\/revisions"}],"predecessor-version":[{"id":7608,"href":"https:\/\/plumanegranoticias.com\/index.php?rest_route=\/wp\/v2\/posts\/7607\/revisions\/7608"}],"wp:featuredmedia":[{"embeddable":true,"href":"https:\/\/plumanegranoticias.com\/index.php?rest_route=\/wp\/v2\/media\/7609"}],"wp:attachment":[{"href":"https:\/\/plumanegranoticias.com\/index.php?rest_route=%2Fwp%2Fv2%2Fmedia&parent=7607"}],"wp:term":[{"taxonomy":"category","embeddable":true,"href":"https:\/\/plumanegranoticias.com\/index.php?rest_route=%2Fwp%2Fv2%2Fcategories&post=7607"},{"taxonomy":"post_tag","embeddable":true,"href":"https:\/\/plumanegranoticias.com\/index.php?rest_route=%2Fwp%2Fv2%2Ftags&post=7607"}],"curies":[{"name":"wp","href":"https:\/\/api.w.org\/{rel}","templated":true}]}}