{"id":7633,"date":"2024-12-30T16:25:03","date_gmt":"2024-12-30T22:25:03","guid":{"rendered":"https:\/\/plumanegranoticias.com\/?p=7633"},"modified":"2024-12-30T16:25:47","modified_gmt":"2024-12-30T22:25:47","slug":"perfiles-2025-cotaxtlajavier-solis","status":"publish","type":"post","link":"https:\/\/plumanegranoticias.com\/?p=7633","title":{"rendered":"Perfiles 2025-CotaxtlaJavier Sol\u00eds."},"content":{"rendered":"\n<p>Redacci\u00f3n Pluma Negra.<\/p>\n\n\n\n<p>Javier Sol\u00eds Gonz\u00e1lez, hijo de comerciantes luchadores y con cinco hermanos emprendedores, pertenece a la generaci\u00f3n que fue expulsada de Cotaxtla a los Estados Unidos por falta de oportunidades de desarrollo en la tierra que lo vio nacer.<br>Representa tambi\u00e9n, como muchos otros, el lado triunfador de la migraci\u00f3n cotaxtleca en el vecino pa\u00eds del norte donde desarrollo una exitosa carrera en el sector comercial en diversos trabajos y oficios hasta llegar a tener su propio negocio de mantenimiento automotriz.<br>En 2016 regres\u00f3 a La Tinaja; est\u00e1 casado y tiene 4 hijos; es activista de izquierda, gestor de obras para diversas comunidades y empresario dedicado a la gastronom\u00eda con dos negocios familiares uno en La Tinaja y otro en Piedra Herrada.<br>&#8212;Nac\u00ed el 11 de septiembre de 1981, hace 43 a\u00f1os; mis padres son Roberto Sol\u00eds Lara y Amalia Gonz\u00e1lez del Valle de quienes me siento orgulloso por los valores que me inculcaron; termin\u00e9 la Secundaria y dej\u00e9 trunca la Prepa.<br>En 1998, emigr\u00e9 a los Estados Unidos; me instal\u00e9 en Carolina del Norte; derivado de mi af\u00e1n de aprender para progresar aprend\u00ed el ingl\u00e9s y fui jefe e inspector de Control de Calidad de una empresa que fabrica ventanas.<br>&#8212;Aqu\u00ed inicia mi etapa como gestor de diversas causas para la poblaci\u00f3n de habla hispana; ayud\u00e9 como interprete a los paisanos que buscaban regularizar alg\u00fan servicio o tramitar alg\u00fan documento ante las autoridades gringas por ejemplo la licenciada de conducir.<br>&#8211;Tuve contacto con el departamento de servicio social del condado y eso me ayud\u00f3 para la gesti\u00f3n de diversos servicios para mis hermanos paisanos; tengo dos hijos profesionistas en Estados Unidos y 1 de ellos trabaja en el Social Service.<br>&#8211;Estuve diez a\u00f1os en la empresa de ventanas hasta que lleg\u00f3 el momento de independizarme; inaugur\u00e9 mi propio negocio en Albertson, Carolina del Norte, comercializaci\u00f3n de llantas, mec\u00e1nica de suspensi\u00f3n diagn\u00f3stico por scanner. Tambi\u00e9n particip\u00e9 en la industria de la construcci\u00f3n.<br>&#8212;Por problemas personales regres\u00e9 a Cotaxtla en 2016, tras 20 a\u00f1os en Estados Unidos. Encontr\u00e9 a mi tierra peor que como la dej\u00e9.<br>Abandonada. Los pueblos y rancher\u00edas sin infraestructura b\u00e1sica. Me sum\u00e9 al cambio.<br>Mi inter\u00e9s genuino fue apoyar la transformaci\u00f3n que el municipio necesita. Inici\u00e9 la gesti\u00f3n de diversos servicios y entend\u00ed que el cambio tendr\u00eda que hacerse desde la pol\u00edtica.<br>En la elecci\u00f3n de 2018, cuando se dio la alternancia en el gobierno federal, fui cuidador de casillas; as\u00ed me fui involucrando en las tareas partidistas; fui Coordinador Operativo Territorial de mi partido en mi Municipio hasta asistente Legislativo en la LXVI Legislatura en el periodo 2021-2024.<br>Debo mencionar algunas gestiones como:<br>\uf0d8 REHABILITACION DE CAMINOS SACA COSECHAS<br>\uf0d8 APOYO SECTOR VIVIENDA CON TINACOS SUBSIDIADOS DE AGUA<br>\uf0d8 APARATOS ORTOPEDIDOS EN SECTOR SALUD<br>\uf0d8 LUMINARIA PARA ESPACIOS PUBLICOS<br>\uf0d8 PINTURAS PARA ESPACIOS PUBLICOS<br>TODO LO MENCIONADO POR MEDIO DE LA CASA DE GESTION COTAXTLA.<br>&#8211;He recorrido el municipio de cabo a rabo; conozco todas sus comunidades y las necesidades de su gente; he tomado cursos de formaci\u00f3n pol\u00edtica y de gesti\u00f3n de servicios. Estoy preparado para lo que venga; nunca ser\u00e9 un factor de divisi\u00f3n en mi partido; mi propuesta es sumar, no restar.<\/p>\n\n\n\n<figure class=\"wp-block-image size-large\"><img loading=\"lazy\" decoding=\"async\" width=\"300\" height=\"204\" src=\"https:\/\/plumanegranoticias.com\/wp-content\/uploads\/2024\/12\/img-20241230-wa01166125144641527862009-300x204.jpg\" alt=\"\" class=\"wp-image-7632\" srcset=\"https:\/\/plumanegranoticias.com\/wp-content\/uploads\/2024\/12\/img-20241230-wa01166125144641527862009-300x204.jpg 300w, https:\/\/plumanegranoticias.com\/wp-content\/uploads\/2024\/12\/img-20241230-wa01166125144641527862009-768x521.jpg 768w, https:\/\/plumanegranoticias.com\/wp-content\/uploads\/2024\/12\/img-20241230-wa01166125144641527862009-530x358.jpg 530w, https:\/\/plumanegranoticias.com\/wp-content\/uploads\/2024\/12\/img-20241230-wa01166125144641527862009.jpg 914w\" sizes=\"auto, (max-width: 300px) 100vw, 300px\" \/><\/figure>\n","protected":false},"excerpt":{"rendered":"<p>Redacci\u00f3n Pluma Negra. Javier Sol\u00eds Gonz\u00e1lez, hijo de comerciantes luchadores y con cinco hermanos emprendedores, pertenece a la generaci\u00f3n que fue expulsada de Cotaxtla a los Estados Unidos por falta de oportunidades de desarrollo en la tierra que lo vio nacer.Representa tambi\u00e9n, como muchos otros, el lado triunfador de la migraci\u00f3n cotaxtleca en el vecino&#8230; <\/p>\n<div class=\"clear\"><\/div>\n<p><a href=\"https:\/\/plumanegranoticias.com\/?p=7633\" class=\"excerpt-read-more\">Read More<i class=\"fa fa-caret-right icon-caret-right\"><\/i><\/a><\/p>\n","protected":false},"author":2,"featured_media":7635,"comment_status":"open","ping_status":"open","sticky":false,"template":"","format":"standard","meta":{"om_disable_all_campaigns":false,"_monsterinsights_skip_tracking":false,"_monsterinsights_sitenote_active":false,"_monsterinsights_sitenote_note":"","_monsterinsights_sitenote_category":0,"_uf_show_specific_survey":0,"_uf_disable_surveys":false,"footnotes":""},"categories":[1],"tags":[61,19,31],"class_list":["post-7633","post","type-post","status-publish","format-standard","has-post-thumbnail","hentry","category-blog","tag-politica","tag-regional","tag-reporte-ciudadano"],"aioseo_notices":[],"_links":{"self":[{"href":"https:\/\/plumanegranoticias.com\/index.php?rest_route=\/wp\/v2\/posts\/7633","targetHints":{"allow":["GET"]}}],"collection":[{"href":"https:\/\/plumanegranoticias.com\/index.php?rest_route=\/wp\/v2\/posts"}],"about":[{"href":"https:\/\/plumanegranoticias.com\/index.php?rest_route=\/wp\/v2\/types\/post"}],"author":[{"embeddable":true,"href":"https:\/\/plumanegranoticias.com\/index.php?rest_route=\/wp\/v2\/users\/2"}],"replies":[{"embeddable":true,"href":"https:\/\/plumanegranoticias.com\/index.php?rest_route=%2Fwp%2Fv2%2Fcomments&post=7633"}],"version-history":[{"count":1,"href":"https:\/\/plumanegranoticias.com\/index.php?rest_route=\/wp\/v2\/posts\/7633\/revisions"}],"predecessor-version":[{"id":7634,"href":"https:\/\/plumanegranoticias.com\/index.php?rest_route=\/wp\/v2\/posts\/7633\/revisions\/7634"}],"wp:featuredmedia":[{"embeddable":true,"href":"https:\/\/plumanegranoticias.com\/index.php?rest_route=\/wp\/v2\/media\/7635"}],"wp:attachment":[{"href":"https:\/\/plumanegranoticias.com\/index.php?rest_route=%2Fwp%2Fv2%2Fmedia&parent=7633"}],"wp:term":[{"taxonomy":"category","embeddable":true,"href":"https:\/\/plumanegranoticias.com\/index.php?rest_route=%2Fwp%2Fv2%2Fcategories&post=7633"},{"taxonomy":"post_tag","embeddable":true,"href":"https:\/\/plumanegranoticias.com\/index.php?rest_route=%2Fwp%2Fv2%2Ftags&post=7633"}],"curies":[{"name":"wp","href":"https:\/\/api.w.org\/{rel}","templated":true}]}}