{"id":7642,"date":"2024-12-31T08:43:49","date_gmt":"2024-12-31T14:43:49","guid":{"rendered":"https:\/\/plumanegranoticias.com\/?p=7642"},"modified":"2024-12-31T08:44:51","modified_gmt":"2024-12-31T14:44:51","slug":"toma-posesion-alcalde-wue-estuvo-preso","status":"publish","type":"post","link":"https:\/\/plumanegranoticias.com\/?p=7642","title":{"rendered":"TOMA POSESI\u00d3N ALCALDE QUE ESTUVO PRESO"},"content":{"rendered":"\n<p>Con mensaje de Fin de A\u00f1o Fabi\u00e1n C\u00e1rdenas se declara listo para tomar protesta como alcalde de Lerdo<\/p>\n\n\n\n<p>Alejandro \u00c1vila<\/p>\n\n\n\n<p>Lerdo de Tejada, Ver.- Un mensaje de buenos deseos para el 2025, el alcalde electo de Lerdo de Tejada, Fabi\u00e1n C\u00e1rdenas Sosa, se declara listo para tomar protesta y cumplir, al menos, el \u00faltimo a\u00f1o de labor administrativa.<\/p>\n\n\n\n<p>Cabe recordar que, Jorge Fabi\u00e1n C\u00e1rdenas Sosa, fue detenido previo a tomar protesta como presidente municipal, y cumpli\u00f3 una condena de tres a\u00f1os en prisi\u00f3n por el presunto delito de secuestro y amenazas.<\/p>\n\n\n\n<p>El funcionario p\u00fablico fue preso pol\u00edtico del ex gobernador, Cuitl\u00e1huac Garc\u00eda Jim\u00e9nez y, el ex secretario de Gobierno, Eric Cisneros Burgos, por lo que a la llegada del actual gobernadora, Roc\u00edo Nahle Garc\u00eda, fue liberado y se declara listo para cumplir las funciones como alcalde del pueblo que lo vot\u00f3 hace tres a\u00f1os.<\/p>\n\n\n\n<p>&#8220;Este pr\u00f3ximo a\u00f1o que est\u00e1 por iniciar los quiero ver cumplir todas sus metas y sue\u00f1os, este 2025 creo no nos falte el trabajo, la salud, el cari\u00f1o de nuestra familia y la cercan\u00eda de nuestros amigos, gocemos de abundancia y de la gracia del creador, consolidando nuestros anhelos que estoy seguro ser\u00e1n toda una realidad, reciban este mensaje con mi sincero agradecimiento por su apoyo y cari\u00f1o, su amigo hoy y siempre, Fabi\u00e1n C\u00e1rdenas Sosa, nos vemos pronto&#8221;, expres\u00f3 en un video.<\/p>\n\n\n\n<figure class=\"wp-block-image size-large\"><img loading=\"lazy\" decoding=\"async\" width=\"300\" height=\"225\" src=\"https:\/\/plumanegranoticias.com\/wp-content\/uploads\/2024\/12\/img-20241231-wa00219003572375512458909-300x225.jpg\" alt=\"\" class=\"wp-image-7641\" srcset=\"https:\/\/plumanegranoticias.com\/wp-content\/uploads\/2024\/12\/img-20241231-wa00219003572375512458909-300x225.jpg 300w, https:\/\/plumanegranoticias.com\/wp-content\/uploads\/2024\/12\/img-20241231-wa00219003572375512458909-400x300.jpg 400w, https:\/\/plumanegranoticias.com\/wp-content\/uploads\/2024\/12\/img-20241231-wa00219003572375512458909.jpg 614w\" sizes=\"auto, (max-width: 300px) 100vw, 300px\" \/><\/figure>\n","protected":false},"excerpt":{"rendered":"<p>Con mensaje de Fin de A\u00f1o Fabi\u00e1n C\u00e1rdenas se declara listo para tomar protesta como alcalde de Lerdo Alejandro \u00c1vila Lerdo de Tejada, Ver.- Un mensaje de buenos deseos para el 2025, el alcalde electo de Lerdo de Tejada, Fabi\u00e1n C\u00e1rdenas Sosa, se declara listo para tomar protesta y cumplir, al menos, el \u00faltimo a\u00f1o&#8230; <\/p>\n<div class=\"clear\"><\/div>\n<p><a href=\"https:\/\/plumanegranoticias.com\/?p=7642\" class=\"excerpt-read-more\">Read More<i class=\"fa fa-caret-right icon-caret-right\"><\/i><\/a><\/p>\n","protected":false},"author":2,"featured_media":7644,"comment_status":"open","ping_status":"open","sticky":false,"template":"","format":"standard","meta":{"om_disable_all_campaigns":false,"_monsterinsights_skip_tracking":false,"_monsterinsights_sitenote_active":false,"_monsterinsights_sitenote_note":"","_monsterinsights_sitenote_category":0,"_uf_show_specific_survey":0,"_uf_disable_surveys":false,"footnotes":""},"categories":[1],"tags":[34,61,19],"class_list":["post-7642","post","type-post","status-publish","format-standard","has-post-thumbnail","hentry","category-blog","tag-policiaca","tag-politica","tag-regional"],"aioseo_notices":[],"_links":{"self":[{"href":"https:\/\/plumanegranoticias.com\/index.php?rest_route=\/wp\/v2\/posts\/7642","targetHints":{"allow":["GET"]}}],"collection":[{"href":"https:\/\/plumanegranoticias.com\/index.php?rest_route=\/wp\/v2\/posts"}],"about":[{"href":"https:\/\/plumanegranoticias.com\/index.php?rest_route=\/wp\/v2\/types\/post"}],"author":[{"embeddable":true,"href":"https:\/\/plumanegranoticias.com\/index.php?rest_route=\/wp\/v2\/users\/2"}],"replies":[{"embeddable":true,"href":"https:\/\/plumanegranoticias.com\/index.php?rest_route=%2Fwp%2Fv2%2Fcomments&post=7642"}],"version-history":[{"count":2,"href":"https:\/\/plumanegranoticias.com\/index.php?rest_route=\/wp\/v2\/posts\/7642\/revisions"}],"predecessor-version":[{"id":7645,"href":"https:\/\/plumanegranoticias.com\/index.php?rest_route=\/wp\/v2\/posts\/7642\/revisions\/7645"}],"wp:featuredmedia":[{"embeddable":true,"href":"https:\/\/plumanegranoticias.com\/index.php?rest_route=\/wp\/v2\/media\/7644"}],"wp:attachment":[{"href":"https:\/\/plumanegranoticias.com\/index.php?rest_route=%2Fwp%2Fv2%2Fmedia&parent=7642"}],"wp:term":[{"taxonomy":"category","embeddable":true,"href":"https:\/\/plumanegranoticias.com\/index.php?rest_route=%2Fwp%2Fv2%2Fcategories&post=7642"},{"taxonomy":"post_tag","embeddable":true,"href":"https:\/\/plumanegranoticias.com\/index.php?rest_route=%2Fwp%2Fv2%2Ftags&post=7642"}],"curies":[{"name":"wp","href":"https:\/\/api.w.org\/{rel}","templated":true}]}}