{"id":7647,"date":"2024-12-31T09:52:04","date_gmt":"2024-12-31T15:52:04","guid":{"rendered":"https:\/\/plumanegranoticias.com\/?p=7647"},"modified":"2024-12-31T09:52:31","modified_gmt":"2024-12-31T15:52:31","slug":"detienen-a-mujer-que-quemo-a-comerciante-en-xalapa","status":"publish","type":"post","link":"https:\/\/plumanegranoticias.com\/?p=7647","title":{"rendered":"DETIENEN A MUJER QUE QUEM\u00d3 A COMERCIANTE EN XALAPA"},"content":{"rendered":"\n<p>Detenida probable responsable de agresi\u00f3n en restaurante de Xalapa<\/p>\n\n\n\n<p>Veracruz, Ver., a 31 de Diciembre del 2024.- La Fiscal\u00eda General del Estado, informa que, elementos de la Polic\u00eda Ministerial, realizaron la detenci\u00f3n de Jasm\u00edn \u201cN\u201d por hechos posiblemente constitutivos de delito, cuando los elementos policiacos efectuaban actos de investigaci\u00f3n en la colonia Reserva Tarimoya Cuatro en el municipio de Veracruz<\/p>\n\n\n\n<p>La detenida es investigada por su probable participaci\u00f3n en los hechos ocurridos el 29 de diciembre del presente a\u00f1o en un establecimiento de alimentos situado en la avenida Atenas Veracruzana, colonia Revoluci\u00f3n, en Xalapa, donde una mujer result\u00f3 lesionada por quemaduras causadas por aceite hirviendo.<\/p>\n\n\n\n<p>En respeto a sus derechos humanos y al debido proceso, fue puesta a disposici\u00f3n del Fiscal correspondiente para que defina su situaci\u00f3n jur\u00eddica.<\/p>\n\n\n\n<figure class=\"wp-block-image size-large\"><img loading=\"lazy\" decoding=\"async\" width=\"1024\" height=\"1024\" src=\"https:\/\/plumanegranoticias.com\/wp-content\/uploads\/2024\/12\/img-20241231-wa00582636511744937828738-1024x1024.jpg\" alt=\"\" class=\"wp-image-7646\" srcset=\"https:\/\/plumanegranoticias.com\/wp-content\/uploads\/2024\/12\/img-20241231-wa00582636511744937828738-1024x1024.jpg 1024w, https:\/\/plumanegranoticias.com\/wp-content\/uploads\/2024\/12\/img-20241231-wa00582636511744937828738-300x300.jpg 300w, https:\/\/plumanegranoticias.com\/wp-content\/uploads\/2024\/12\/img-20241231-wa00582636511744937828738-150x150.jpg 150w, https:\/\/plumanegranoticias.com\/wp-content\/uploads\/2024\/12\/img-20241231-wa00582636511744937828738-768x768.jpg 768w, https:\/\/plumanegranoticias.com\/wp-content\/uploads\/2024\/12\/img-20241231-wa00582636511744937828738-400x400.jpg 400w, https:\/\/plumanegranoticias.com\/wp-content\/uploads\/2024\/12\/img-20241231-wa00582636511744937828738.jpg 1200w\" sizes=\"auto, (max-width: 1024px) 100vw, 1024px\" \/><\/figure>\n","protected":false},"excerpt":{"rendered":"<p>Detenida probable responsable de agresi\u00f3n en restaurante de Xalapa Veracruz, Ver., a 31 de Diciembre del 2024.- La Fiscal\u00eda General del Estado, informa que, elementos de la Polic\u00eda Ministerial, realizaron la detenci\u00f3n de Jasm\u00edn \u201cN\u201d por hechos posiblemente constitutivos de delito, cuando los elementos policiacos efectuaban actos de investigaci\u00f3n en la colonia Reserva Tarimoya Cuatro&#8230; <\/p>\n<div class=\"clear\"><\/div>\n<p><a href=\"https:\/\/plumanegranoticias.com\/?p=7647\" class=\"excerpt-read-more\">Read More<i class=\"fa fa-caret-right icon-caret-right\"><\/i><\/a><\/p>\n","protected":false},"author":2,"featured_media":7649,"comment_status":"open","ping_status":"open","sticky":false,"template":"","format":"standard","meta":{"om_disable_all_campaigns":false,"_monsterinsights_skip_tracking":false,"_monsterinsights_sitenote_active":false,"_monsterinsights_sitenote_note":"","_monsterinsights_sitenote_category":0,"_uf_show_specific_survey":0,"_uf_disable_surveys":false,"footnotes":""},"categories":[1],"tags":[18,34,61,19],"class_list":["post-7647","post","type-post","status-publish","format-standard","has-post-thumbnail","hentry","category-blog","tag-noticia","tag-policiaca","tag-politica","tag-regional"],"aioseo_notices":[],"_links":{"self":[{"href":"https:\/\/plumanegranoticias.com\/index.php?rest_route=\/wp\/v2\/posts\/7647","targetHints":{"allow":["GET"]}}],"collection":[{"href":"https:\/\/plumanegranoticias.com\/index.php?rest_route=\/wp\/v2\/posts"}],"about":[{"href":"https:\/\/plumanegranoticias.com\/index.php?rest_route=\/wp\/v2\/types\/post"}],"author":[{"embeddable":true,"href":"https:\/\/plumanegranoticias.com\/index.php?rest_route=\/wp\/v2\/users\/2"}],"replies":[{"embeddable":true,"href":"https:\/\/plumanegranoticias.com\/index.php?rest_route=%2Fwp%2Fv2%2Fcomments&post=7647"}],"version-history":[{"count":1,"href":"https:\/\/plumanegranoticias.com\/index.php?rest_route=\/wp\/v2\/posts\/7647\/revisions"}],"predecessor-version":[{"id":7648,"href":"https:\/\/plumanegranoticias.com\/index.php?rest_route=\/wp\/v2\/posts\/7647\/revisions\/7648"}],"wp:featuredmedia":[{"embeddable":true,"href":"https:\/\/plumanegranoticias.com\/index.php?rest_route=\/wp\/v2\/media\/7649"}],"wp:attachment":[{"href":"https:\/\/plumanegranoticias.com\/index.php?rest_route=%2Fwp%2Fv2%2Fmedia&parent=7647"}],"wp:term":[{"taxonomy":"category","embeddable":true,"href":"https:\/\/plumanegranoticias.com\/index.php?rest_route=%2Fwp%2Fv2%2Fcategories&post=7647"},{"taxonomy":"post_tag","embeddable":true,"href":"https:\/\/plumanegranoticias.com\/index.php?rest_route=%2Fwp%2Fv2%2Ftags&post=7647"}],"curies":[{"name":"wp","href":"https:\/\/api.w.org\/{rel}","templated":true}]}}