{"id":7659,"date":"2024-12-31T13:19:31","date_gmt":"2024-12-31T19:19:31","guid":{"rendered":"https:\/\/plumanegranoticias.com\/?p=7659"},"modified":"2025-01-01T12:17:45","modified_gmt":"2025-01-01T18:17:45","slug":"construyen-laboratorio-forense-de-ultima-generacion-en-veracruz","status":"publish","type":"post","link":"https:\/\/plumanegranoticias.com\/?p=7659","title":{"rendered":"CONSTRUYEN LABORATORIO FORENSE DE \u00daLTIMA GENERACI\u00d3N EN VERACRUZ"},"content":{"rendered":"\n<p>FISCAL\u00cdA GENERAL DEL ESTADO INICIA&nbsp; CONSTRUCCI\u00d3N DE LABORATORIO DE ANTROPOLOG\u00cdA FORENSE EN NOGALES.<\/p>\n\n\n\n<p>Xalapa, Ver., 31 de diciembre 2024.-La Fiscal\u00eda General del Estado, encabezada por Ver\u00f3nica Hern\u00e1ndez Giad\u00e1ns, informa que, a trav\u00e9s del Departamento de Obra P\u00fablica, este d\u00eda han iniciado los trabajos de construcci\u00f3n del nuevo Laboratorio de Antropolog\u00eda Forense en la ciudad de Nogales. Este importante proyecto contar\u00e1 con una inversi\u00f3n de 6 millones 933 mil 398.23 pesos, financiados con recursos propios de la instituci\u00f3n. La obra se ejecuta gracias a un manejo eficiente y transparente de los recursos p\u00fablicos.&nbsp;<\/p>\n\n\n\n<p>El laboratorio se ubicar\u00e1 a un costado de la Unidad Integral de Servicios M\u00e9dicos Forenses en Nogales y tiene como objetivo el abordaje del an\u00e1lisis osteol\u00f3gico de los universos de alta complejidad de personas fallecidas sin identificar localizadas en los diversos contextos de inhumaciones en el estado.&nbsp;&nbsp;<\/p>\n\n\n\n<p>Con el equipamiento que contar\u00e1, se podr\u00e1 llevar a cabo el proceso de asociaci\u00f3n y reasociaci\u00f3n de un gran n\u00famero de elementos \u00f3seos, agilizando as\u00ed, los an\u00e1lisis de grandes universos como los predios de Guapota, Arbolillo, Colinas de Santa Fe, Playa Vicente, Galera y pozos de Omealca, entre otros.&nbsp;&nbsp;<\/p>\n\n\n\n<p>Con este gran paso, se avanzar\u00e1 en los procesos de an\u00e1lisis y entrega digna a las familias&nbsp; de personas desaparecidas de los diversos colectivos, lo que ayudar\u00e1 a darles paz a familiares que llevan a\u00f1os en la b\u00fasqueda de sus seres queridos y as\u00ed lograr el derecho a la identidad de las v\u00edctimas&nbsp;directas.<\/p>\n\n\n\n<p>Se prev\u00e9 que la construcci\u00f3n del mismo finalice en 2025, momento en el cual estar\u00e1 en plena operaci\u00f3n.<\/p>\n\n\n\n<p>La Fiscal General del Estado de Veracruz reafirma su compromiso con las familias y los integrantes de los colectivos de b\u00fasqueda de personas desaparecidas, atendiendo todos los casos con sensibilidad, responsabilidad y empat\u00eda.<\/p>\n\n\n\n<figure class=\"wp-block-image size-large\"><img loading=\"lazy\" decoding=\"async\" width=\"1024\" height=\"497\" src=\"https:\/\/plumanegranoticias.com\/wp-content\/uploads\/2024\/12\/img-20241231-wa018525351180966578535-1024x497.jpg\" alt=\"\" class=\"wp-image-7657\" srcset=\"https:\/\/plumanegranoticias.com\/wp-content\/uploads\/2024\/12\/img-20241231-wa018525351180966578535-1024x497.jpg 1024w, https:\/\/plumanegranoticias.com\/wp-content\/uploads\/2024\/12\/img-20241231-wa018525351180966578535-300x146.jpg 300w, https:\/\/plumanegranoticias.com\/wp-content\/uploads\/2024\/12\/img-20241231-wa018525351180966578535-768x373.jpg 768w, https:\/\/plumanegranoticias.com\/wp-content\/uploads\/2024\/12\/img-20241231-wa018525351180966578535.jpg 1280w\" sizes=\"auto, (max-width: 1024px) 100vw, 1024px\" \/><\/figure>\n\n\n\n<figure class=\"wp-block-image\"><img loading=\"lazy\" decoding=\"async\" width=\"1024\" height=\"608\" src=\"https:\/\/plumanegranoticias.com\/wp-content\/uploads\/2024\/12\/img-20241231-wa0186365287144576138059-1024x608.jpg\" alt=\"\" class=\"wp-image-7658\" srcset=\"https:\/\/plumanegranoticias.com\/wp-content\/uploads\/2024\/12\/img-20241231-wa0186365287144576138059-1024x608.jpg 1024w, https:\/\/plumanegranoticias.com\/wp-content\/uploads\/2024\/12\/img-20241231-wa0186365287144576138059-300x178.jpg 300w, https:\/\/plumanegranoticias.com\/wp-content\/uploads\/2024\/12\/img-20241231-wa0186365287144576138059-768x456.jpg 768w, https:\/\/plumanegranoticias.com\/wp-content\/uploads\/2024\/12\/img-20241231-wa0186365287144576138059.jpg 1280w\" sizes=\"auto, (max-width: 1024px) 100vw, 1024px\" \/><\/figure>\n","protected":false},"excerpt":{"rendered":"<p>FISCAL\u00cdA GENERAL DEL ESTADO INICIA&nbsp; CONSTRUCCI\u00d3N DE LABORATORIO DE ANTROPOLOG\u00cdA FORENSE EN NOGALES. Xalapa, Ver., 31 de diciembre 2024.-La Fiscal\u00eda General del Estado, encabezada por Ver\u00f3nica Hern\u00e1ndez Giad\u00e1ns, informa que, a trav\u00e9s del Departamento de Obra P\u00fablica, este d\u00eda han iniciado los trabajos de construcci\u00f3n del nuevo Laboratorio de Antropolog\u00eda Forense en la ciudad de&#8230; <\/p>\n<div class=\"clear\"><\/div>\n<p><a href=\"https:\/\/plumanegranoticias.com\/?p=7659\" class=\"excerpt-read-more\">Read More<i class=\"fa fa-caret-right icon-caret-right\"><\/i><\/a><\/p>\n","protected":false},"author":2,"featured_media":7661,"comment_status":"open","ping_status":"open","sticky":false,"template":"","format":"standard","meta":{"om_disable_all_campaigns":false,"_monsterinsights_skip_tracking":false,"_monsterinsights_sitenote_active":false,"_monsterinsights_sitenote_note":"","_monsterinsights_sitenote_category":0,"_uf_show_specific_survey":0,"_uf_disable_surveys":false,"footnotes":""},"categories":[1],"tags":[18,30,61],"class_list":["post-7659","post","type-post","status-publish","format-standard","has-post-thumbnail","hentry","category-blog","tag-noticia","tag-plumazos","tag-politica"],"aioseo_notices":[],"_links":{"self":[{"href":"https:\/\/plumanegranoticias.com\/index.php?rest_route=\/wp\/v2\/posts\/7659","targetHints":{"allow":["GET"]}}],"collection":[{"href":"https:\/\/plumanegranoticias.com\/index.php?rest_route=\/wp\/v2\/posts"}],"about":[{"href":"https:\/\/plumanegranoticias.com\/index.php?rest_route=\/wp\/v2\/types\/post"}],"author":[{"embeddable":true,"href":"https:\/\/plumanegranoticias.com\/index.php?rest_route=\/wp\/v2\/users\/2"}],"replies":[{"embeddable":true,"href":"https:\/\/plumanegranoticias.com\/index.php?rest_route=%2Fwp%2Fv2%2Fcomments&post=7659"}],"version-history":[{"count":1,"href":"https:\/\/plumanegranoticias.com\/index.php?rest_route=\/wp\/v2\/posts\/7659\/revisions"}],"predecessor-version":[{"id":7660,"href":"https:\/\/plumanegranoticias.com\/index.php?rest_route=\/wp\/v2\/posts\/7659\/revisions\/7660"}],"wp:featuredmedia":[{"embeddable":true,"href":"https:\/\/plumanegranoticias.com\/index.php?rest_route=\/wp\/v2\/media\/7661"}],"wp:attachment":[{"href":"https:\/\/plumanegranoticias.com\/index.php?rest_route=%2Fwp%2Fv2%2Fmedia&parent=7659"}],"wp:term":[{"taxonomy":"category","embeddable":true,"href":"https:\/\/plumanegranoticias.com\/index.php?rest_route=%2Fwp%2Fv2%2Fcategories&post=7659"},{"taxonomy":"post_tag","embeddable":true,"href":"https:\/\/plumanegranoticias.com\/index.php?rest_route=%2Fwp%2Fv2%2Ftags&post=7659"}],"curies":[{"name":"wp","href":"https:\/\/api.w.org\/{rel}","templated":true}]}}