{"id":7845,"date":"2025-01-06T13:10:48","date_gmt":"2025-01-06T19:10:48","guid":{"rendered":"https:\/\/plumanegranoticias.com\/?p=7845"},"modified":"2025-01-06T13:11:07","modified_gmt":"2025-01-06T19:11:07","slug":"sentenciados-a-27-anos-de-prision-por-el-delito-de-homicidio-doloso","status":"publish","type":"post","link":"https:\/\/plumanegranoticias.com\/?p=7845","title":{"rendered":"SENTENCIADOS A 27 A\u00d1OS DE PRISI\u00d3N POR EL DELITO DE HOMICIDIO DOLOSO"},"content":{"rendered":"\n<p class=\"wp-block-paragraph\">Voatzacoalcos, Ver., 06 de enero de 2025.- La Fiscal\u00eda Regional Coatzacoalcos logr\u00f3 sentencia condenatoria de 27 a\u00f1os de prisi\u00f3n en contra de Mart\u00edn \u201cN\u201d y Jonathan Jared \u201cN\u201d como responsables del delito de homicidio doloso cometido en agravio de tres v\u00edctimas con identidades resguardadas.<\/p>\n\n\n\n<p class=\"wp-block-paragraph\">Hechos ocurridos el 9 de mayo del 2020 cuando los ahora sentenciados llegaron al sal\u00f3n del hotel Revoluci\u00f3n para posteriormente accionar armas de fuego en contra de las v\u00edctimas, teniendo como resultado privarlas de la vida.&nbsp;<\/p>\n\n\n\n<p class=\"wp-block-paragraph\">El juez adem\u00e1s de dictar sentencia suspendi\u00f3 sus derechos civiles y pol\u00edticos, dentro del juicio 90\/2023.&nbsp;<\/p>\n\n\n\n<figure class=\"wp-block-image size-large\"><img loading=\"lazy\" decoding=\"async\" width=\"1024\" height=\"1024\" src=\"https:\/\/plumanegranoticias.com\/wp-content\/uploads\/2025\/01\/img-20250106-wa0092834627610887632698-1024x1024.jpg\" alt=\"\" class=\"wp-image-7844\" srcset=\"https:\/\/plumanegranoticias.com\/wp-content\/uploads\/2025\/01\/img-20250106-wa0092834627610887632698-1024x1024.jpg 1024w, https:\/\/plumanegranoticias.com\/wp-content\/uploads\/2025\/01\/img-20250106-wa0092834627610887632698-300x300.jpg 300w, https:\/\/plumanegranoticias.com\/wp-content\/uploads\/2025\/01\/img-20250106-wa0092834627610887632698-150x150.jpg 150w, https:\/\/plumanegranoticias.com\/wp-content\/uploads\/2025\/01\/img-20250106-wa0092834627610887632698-768x768.jpg 768w, https:\/\/plumanegranoticias.com\/wp-content\/uploads\/2025\/01\/img-20250106-wa0092834627610887632698-400x400.jpg 400w, https:\/\/plumanegranoticias.com\/wp-content\/uploads\/2025\/01\/img-20250106-wa0092834627610887632698.jpg 1200w\" sizes=\"auto, (max-width: 1024px) 100vw, 1024px\" \/><\/figure>\n","protected":false},"excerpt":{"rendered":"<p>Voatzacoalcos, Ver., 06 de enero de 2025.- La Fiscal\u00eda Regional Coatzacoalcos logr\u00f3 sentencia condenatoria de 27 a\u00f1os de prisi\u00f3n en contra de Mart\u00edn \u201cN\u201d y Jonathan Jared \u201cN\u201d como responsables del delito de homicidio doloso cometido en agravio de tres v\u00edctimas con identidades resguardadas. Hechos ocurridos el 9 de mayo del 2020 cuando los ahora&#8230; <\/p>\n<div class=\"clear\"><\/div>\n<p><a href=\"https:\/\/plumanegranoticias.com\/?p=7845\" class=\"excerpt-read-more\">Read More<i class=\"fa fa-caret-right icon-caret-right\"><\/i><\/a><\/p>\n","protected":false},"author":2,"featured_media":7847,"comment_status":"open","ping_status":"open","sticky":false,"template":"","format":"standard","meta":{"om_disable_all_campaigns":false,"_monsterinsights_skip_tracking":false,"_uf_show_specific_survey":0,"_uf_disable_surveys":false,"footnotes":""},"categories":[1],"tags":[34,61,19,31],"class_list":["post-7845","post","type-post","status-publish","format-standard","has-post-thumbnail","hentry","category-blog","tag-policiaca","tag-politica","tag-regional","tag-reporte-ciudadano"],"aioseo_notices":[],"aioseo_head":"\n\t\t<!-- All in One SEO 5.0.0.1 - aioseo.com -->\n\t<meta name=\"description\" content=\"Voatzacoalcos, Ver., 06 de enero de 2025.- La Fiscal\u00eda Regional Coatzacoalcos logr\u00f3 sentencia condenatoria de 27 a\u00f1os de prisi\u00f3n en contra de Mart\u00edn \u201cN\u201d y Jonathan Jared \u201cN\u201d como responsables del delito de homicidio doloso cometido en agravio de tres v\u00edctimas con identidades resguardadas. Hechos ocurridos el 9 de mayo del 2020 cuando los ahora\" \/>\n\t<meta name=\"robots\" content=\"max-image-preview:large\" \/>\n\t<meta name=\"author\" content=\"Ignacio \u00c1lvarez\"\/>\n\t<link rel=\"canonical\" href=\"https:\/\/plumanegranoticias.com\/?p=7845\" \/>\n\t<meta name=\"generator\" content=\"All in One SEO (AIOSEO) 5.0.0.1\" \/>\n\t\t<meta property=\"og:locale\" content=\"es_MX\" \/>\n\t\t<meta property=\"og:site_name\" content=\"plumanegranoticias.com -\" \/>\n\t\t<meta property=\"og:type\" content=\"article\" \/>\n\t\t<meta property=\"og:title\" content=\"SENTENCIADOS A 27 A\u00d1OS DE PRISI\u00d3N POR EL DELITO DE HOMICIDIO DOLOSO - plumanegranoticias.com\" \/>\n\t\t<meta property=\"og:description\" content=\"Voatzacoalcos, Ver., 06 de enero de 2025.- La Fiscal\u00eda Regional Coatzacoalcos logr\u00f3 sentencia condenatoria de 27 a\u00f1os de prisi\u00f3n en contra de Mart\u00edn \u201cN\u201d y Jonathan Jared \u201cN\u201d como responsables del delito de homicidio doloso cometido en agravio de tres v\u00edctimas con identidades resguardadas. Hechos ocurridos el 9 de mayo del 2020 cuando los ahora\" \/>\n\t\t<meta property=\"og:url\" content=\"https:\/\/plumanegranoticias.com\/?p=7845\" \/>\n\t\t<meta property=\"article:published_time\" content=\"2025-01-06T19:10:48+00:00\" \/>\n\t\t<meta property=\"article:modified_time\" content=\"2025-01-06T19:11:07+00:00\" \/>\n\t\t<meta name=\"twitter:card\" content=\"summary_large_image\" \/>\n\t\t<meta name=\"twitter:title\" content=\"SENTENCIADOS A 27 A\u00d1OS DE PRISI\u00d3N POR EL DELITO DE HOMICIDIO DOLOSO - plumanegranoticias.com\" \/>\n\t\t<meta name=\"twitter:description\" content=\"Voatzacoalcos, Ver., 06 de enero de 2025.- La Fiscal\u00eda Regional Coatzacoalcos logr\u00f3 sentencia condenatoria de 27 a\u00f1os de prisi\u00f3n en contra de Mart\u00edn \u201cN\u201d y Jonathan Jared \u201cN\u201d como responsables del delito de homicidio doloso cometido en agravio de tres v\u00edctimas con identidades resguardadas. Hechos ocurridos el 9 de mayo del 2020 cuando los ahora\" \/>\n\t\t<script type=\"application\/ld+json\" class=\"aioseo-schema\">\n\t\t\t{\"@context\":\"https:\\\/\\\/schema.org\",\"@graph\":[{\"@type\":\"BlogPosting\",\"@id\":\"https:\\\/\\\/plumanegranoticias.com\\\/?p=7845#blogposting\",\"name\":\"SENTENCIADOS A 27 A\\u00d1OS DE PRISI\\u00d3N POR EL DELITO DE HOMICIDIO DOLOSO - plumanegranoticias.com\",\"headline\":\"SENTENCIADOS A 27 A\\u00d1OS DE PRISI\\u00d3N POR EL DELITO DE HOMICIDIO DOLOSO\",\"author\":{\"@id\":\"https:\\\/\\\/plumanegranoticias.com\\\/?author=2#author\"},\"publisher\":{\"@id\":\"https:\\\/\\\/plumanegranoticias.com\\\/#organization\"},\"image\":{\"@type\":\"ImageObject\",\"url\":\"https:\\\/\\\/plumanegranoticias.com\\\/wp-content\\\/uploads\\\/2025\\\/01\\\/IMG-20250106-WA0092.jpg\",\"width\":1200,\"height\":1200},\"datePublished\":\"2025-01-06T13:10:48-06:00\",\"dateModified\":\"2025-01-06T13:11:07-06:00\",\"inLanguage\":\"es-MX\",\"mainEntityOfPage\":{\"@id\":\"https:\\\/\\\/plumanegranoticias.com\\\/?p=7845#webpage\"},\"isPartOf\":{\"@id\":\"https:\\\/\\\/plumanegranoticias.com\\\/?p=7845#webpage\"},\"articleSection\":\"Blog, Policiaca, Pol\\u00edtica, Regional, Reporte Ciudadano\"},{\"@type\":\"BreadcrumbList\",\"@id\":\"https:\\\/\\\/plumanegranoticias.com\\\/?p=7845#breadcrumblist\",\"itemListElement\":[{\"@type\":\"ListItem\",\"@id\":\"https:\\\/\\\/plumanegranoticias.com#listItem\",\"position\":1,\"name\":\"Home\",\"item\":\"https:\\\/\\\/plumanegranoticias.com\",\"nextItem\":{\"@type\":\"ListItem\",\"@id\":\"https:\\\/\\\/plumanegranoticias.com\\\/?cat=1#listItem\",\"name\":\"Blog\"}},{\"@type\":\"ListItem\",\"@id\":\"https:\\\/\\\/plumanegranoticias.com\\\/?cat=1#listItem\",\"position\":2,\"name\":\"Blog\",\"item\":\"https:\\\/\\\/plumanegranoticias.com\\\/?cat=1\",\"nextItem\":{\"@type\":\"ListItem\",\"@id\":\"https:\\\/\\\/plumanegranoticias.com\\\/?p=7845#listItem\",\"name\":\"SENTENCIADOS A 27 A\\u00d1OS DE PRISI\\u00d3N POR EL DELITO DE HOMICIDIO DOLOSO\"},\"previousItem\":{\"@type\":\"ListItem\",\"@id\":\"https:\\\/\\\/plumanegranoticias.com#listItem\",\"name\":\"Home\"}},{\"@type\":\"ListItem\",\"@id\":\"https:\\\/\\\/plumanegranoticias.com\\\/?p=7845#listItem\",\"position\":3,\"name\":\"SENTENCIADOS A 27 A\\u00d1OS DE PRISI\\u00d3N POR EL DELITO DE HOMICIDIO DOLOSO\",\"previousItem\":{\"@type\":\"ListItem\",\"@id\":\"https:\\\/\\\/plumanegranoticias.com\\\/?cat=1#listItem\",\"name\":\"Blog\"}}]},{\"@type\":\"Organization\",\"@id\":\"https:\\\/\\\/plumanegranoticias.com\\\/#organization\",\"name\":\"plumanegranoticias.com\",\"url\":\"https:\\\/\\\/plumanegranoticias.com\\\/\"},{\"@type\":\"Person\",\"@id\":\"https:\\\/\\\/plumanegranoticias.com\\\/?author=2#author\",\"url\":\"https:\\\/\\\/plumanegranoticias.com\\\/?author=2\",\"name\":\"Ignacio \\u00c1lvarez\",\"image\":{\"@type\":\"ImageObject\",\"@id\":\"https:\\\/\\\/plumanegranoticias.com\\\/?p=7845#authorImage\",\"url\":\"https:\\\/\\\/secure.gravatar.com\\\/avatar\\\/50d15f5139fd84e7a48ef23fcd81dc58ca9890401d4d15ad86caf43620b1771f?s=96&d=mm&r=g\",\"width\":96,\"height\":96,\"caption\":\"Ignacio \\u00c1lvarez\"}},{\"@type\":\"WebPage\",\"@id\":\"https:\\\/\\\/plumanegranoticias.com\\\/?p=7845#webpage\",\"url\":\"https:\\\/\\\/plumanegranoticias.com\\\/?p=7845\",\"name\":\"SENTENCIADOS A 27 A\\u00d1OS DE PRISI\\u00d3N POR EL DELITO DE HOMICIDIO DOLOSO - plumanegranoticias.com\",\"description\":\"Voatzacoalcos, Ver., 06 de enero de 2025.- La Fiscal\\u00eda Regional Coatzacoalcos logr\\u00f3 sentencia condenatoria de 27 a\\u00f1os de prisi\\u00f3n en contra de Mart\\u00edn \\u201cN\\u201d y Jonathan Jared \\u201cN\\u201d como responsables del delito de homicidio doloso cometido en agravio de tres v\\u00edctimas con identidades resguardadas. Hechos ocurridos el 9 de mayo del 2020 cuando los ahora\",\"inLanguage\":\"es-MX\",\"isPartOf\":{\"@id\":\"https:\\\/\\\/plumanegranoticias.com\\\/#website\"},\"breadcrumb\":{\"@id\":\"https:\\\/\\\/plumanegranoticias.com\\\/?p=7845#breadcrumblist\"},\"author\":{\"@id\":\"https:\\\/\\\/plumanegranoticias.com\\\/?author=2#author\"},\"creator\":{\"@id\":\"https:\\\/\\\/plumanegranoticias.com\\\/?author=2#author\"},\"image\":{\"@type\":\"ImageObject\",\"url\":\"https:\\\/\\\/plumanegranoticias.com\\\/wp-content\\\/uploads\\\/2025\\\/01\\\/IMG-20250106-WA0092.jpg\",\"@id\":\"https:\\\/\\\/plumanegranoticias.com\\\/?p=7845\\\/#mainImage\",\"width\":1200,\"height\":1200},\"primaryImageOfPage\":{\"@id\":\"https:\\\/\\\/plumanegranoticias.com\\\/?p=7845#mainImage\"},\"datePublished\":\"2025-01-06T13:10:48-06:00\",\"dateModified\":\"2025-01-06T13:11:07-06:00\"},{\"@type\":\"WebSite\",\"@id\":\"https:\\\/\\\/plumanegranoticias.com\\\/#website\",\"url\":\"https:\\\/\\\/plumanegranoticias.com\\\/\",\"name\":\"plumanegranoticias.com\",\"inLanguage\":\"es-MX\",\"publisher\":{\"@id\":\"https:\\\/\\\/plumanegranoticias.com\\\/#organization\"}}]}\n\t\t<\/script>\n\t\t<!-- All in One SEO -->\n\n","aioseo_head_json":{"title":"SENTENCIADOS A 27 A\u00d1OS DE PRISI\u00d3N POR EL DELITO DE HOMICIDIO DOLOSO - plumanegranoticias.com","description":"Voatzacoalcos, Ver., 06 de enero de 2025.- La Fiscal\u00eda Regional Coatzacoalcos logr\u00f3 sentencia condenatoria de 27 a\u00f1os de prisi\u00f3n en contra de Mart\u00edn \u201cN\u201d y Jonathan Jared \u201cN\u201d como responsables del delito de homicidio doloso cometido en agravio de tres v\u00edctimas con identidades resguardadas. Hechos ocurridos el 9 de mayo del 2020 cuando los ahora","canonical_url":"https:\/\/plumanegranoticias.com\/?p=7845","robots":"max-image-preview:large","keywords":"","webmasterTools":{"miscellaneous":""},"schema":{"@context":"https:\/\/schema.org","@graph":[{"@type":"BlogPosting","@id":"https:\/\/plumanegranoticias.com\/?p=7845#blogposting","name":"SENTENCIADOS A 27 A\u00d1OS DE PRISI\u00d3N POR EL DELITO DE HOMICIDIO DOLOSO - plumanegranoticias.com","headline":"SENTENCIADOS A 27 A\u00d1OS DE PRISI\u00d3N POR EL DELITO DE HOMICIDIO DOLOSO","author":{"@id":"https:\/\/plumanegranoticias.com\/?author=2#author"},"publisher":{"@id":"https:\/\/plumanegranoticias.com\/#organization"},"image":{"@type":"ImageObject","url":"https:\/\/plumanegranoticias.com\/wp-content\/uploads\/2025\/01\/IMG-20250106-WA0092.jpg","width":1200,"height":1200},"datePublished":"2025-01-06T13:10:48-06:00","dateModified":"2025-01-06T13:11:07-06:00","inLanguage":"es-MX","mainEntityOfPage":{"@id":"https:\/\/plumanegranoticias.com\/?p=7845#webpage"},"isPartOf":{"@id":"https:\/\/plumanegranoticias.com\/?p=7845#webpage"},"articleSection":"Blog, Policiaca, Pol\u00edtica, Regional, Reporte Ciudadano"},{"@type":"BreadcrumbList","@id":"https:\/\/plumanegranoticias.com\/?p=7845#breadcrumblist","itemListElement":[{"@type":"ListItem","@id":"https:\/\/plumanegranoticias.com#listItem","position":1,"name":"Home","item":"https:\/\/plumanegranoticias.com","nextItem":{"@type":"ListItem","@id":"https:\/\/plumanegranoticias.com\/?cat=1#listItem","name":"Blog"}},{"@type":"ListItem","@id":"https:\/\/plumanegranoticias.com\/?cat=1#listItem","position":2,"name":"Blog","item":"https:\/\/plumanegranoticias.com\/?cat=1","nextItem":{"@type":"ListItem","@id":"https:\/\/plumanegranoticias.com\/?p=7845#listItem","name":"SENTENCIADOS A 27 A\u00d1OS DE PRISI\u00d3N POR EL DELITO DE HOMICIDIO DOLOSO"},"previousItem":{"@type":"ListItem","@id":"https:\/\/plumanegranoticias.com#listItem","name":"Home"}},{"@type":"ListItem","@id":"https:\/\/plumanegranoticias.com\/?p=7845#listItem","position":3,"name":"SENTENCIADOS A 27 A\u00d1OS DE PRISI\u00d3N POR EL DELITO DE HOMICIDIO DOLOSO","previousItem":{"@type":"ListItem","@id":"https:\/\/plumanegranoticias.com\/?cat=1#listItem","name":"Blog"}}]},{"@type":"Organization","@id":"https:\/\/plumanegranoticias.com\/#organization","name":"plumanegranoticias.com","url":"https:\/\/plumanegranoticias.com\/"},{"@type":"Person","@id":"https:\/\/plumanegranoticias.com\/?author=2#author","url":"https:\/\/plumanegranoticias.com\/?author=2","name":"Ignacio \u00c1lvarez","image":{"@type":"ImageObject","@id":"https:\/\/plumanegranoticias.com\/?p=7845#authorImage","url":"https:\/\/secure.gravatar.com\/avatar\/50d15f5139fd84e7a48ef23fcd81dc58ca9890401d4d15ad86caf43620b1771f?s=96&d=mm&r=g","width":96,"height":96,"caption":"Ignacio \u00c1lvarez"}},{"@type":"WebPage","@id":"https:\/\/plumanegranoticias.com\/?p=7845#webpage","url":"https:\/\/plumanegranoticias.com\/?p=7845","name":"SENTENCIADOS A 27 A\u00d1OS DE PRISI\u00d3N POR EL DELITO DE HOMICIDIO DOLOSO - plumanegranoticias.com","description":"Voatzacoalcos, Ver., 06 de enero de 2025.- La Fiscal\u00eda Regional Coatzacoalcos logr\u00f3 sentencia condenatoria de 27 a\u00f1os de prisi\u00f3n en contra de Mart\u00edn \u201cN\u201d y Jonathan Jared \u201cN\u201d como responsables del delito de homicidio doloso cometido en agravio de tres v\u00edctimas con identidades resguardadas. Hechos ocurridos el 9 de mayo del 2020 cuando los ahora","inLanguage":"es-MX","isPartOf":{"@id":"https:\/\/plumanegranoticias.com\/#website"},"breadcrumb":{"@id":"https:\/\/plumanegranoticias.com\/?p=7845#breadcrumblist"},"author":{"@id":"https:\/\/plumanegranoticias.com\/?author=2#author"},"creator":{"@id":"https:\/\/plumanegranoticias.com\/?author=2#author"},"image":{"@type":"ImageObject","url":"https:\/\/plumanegranoticias.com\/wp-content\/uploads\/2025\/01\/IMG-20250106-WA0092.jpg","@id":"https:\/\/plumanegranoticias.com\/?p=7845\/#mainImage","width":1200,"height":1200},"primaryImageOfPage":{"@id":"https:\/\/plumanegranoticias.com\/?p=7845#mainImage"},"datePublished":"2025-01-06T13:10:48-06:00","dateModified":"2025-01-06T13:11:07-06:00"},{"@type":"WebSite","@id":"https:\/\/plumanegranoticias.com\/#website","url":"https:\/\/plumanegranoticias.com\/","name":"plumanegranoticias.com","inLanguage":"es-MX","publisher":{"@id":"https:\/\/plumanegranoticias.com\/#organization"}}]},"og:locale":"es_MX","og:site_name":"plumanegranoticias.com -","og:type":"article","og:title":"SENTENCIADOS A 27 A\u00d1OS DE PRISI\u00d3N POR EL DELITO DE HOMICIDIO DOLOSO - plumanegranoticias.com","og:description":"Voatzacoalcos, Ver., 06 de enero de 2025.- La Fiscal\u00eda Regional Coatzacoalcos logr\u00f3 sentencia condenatoria de 27 a\u00f1os de prisi\u00f3n en contra de Mart\u00edn \u201cN\u201d y Jonathan Jared \u201cN\u201d como responsables del delito de homicidio doloso cometido en agravio de tres v\u00edctimas con identidades resguardadas. Hechos ocurridos el 9 de mayo del 2020 cuando los ahora","og:url":"https:\/\/plumanegranoticias.com\/?p=7845","article:published_time":"2025-01-06T19:10:48+00:00","article:modified_time":"2025-01-06T19:11:07+00:00","twitter:card":"summary_large_image","twitter:title":"SENTENCIADOS A 27 A\u00d1OS DE PRISI\u00d3N POR EL DELITO DE HOMICIDIO DOLOSO - plumanegranoticias.com","twitter:description":"Voatzacoalcos, Ver., 06 de enero de 2025.- La Fiscal\u00eda Regional Coatzacoalcos logr\u00f3 sentencia condenatoria de 27 a\u00f1os de prisi\u00f3n en contra de Mart\u00edn \u201cN\u201d y Jonathan Jared \u201cN\u201d como responsables del delito de homicidio doloso cometido en agravio de tres v\u00edctimas con identidades resguardadas. Hechos ocurridos el 9 de mayo del 2020 cuando los ahora"},"aioseo_meta_data":{"post_id":"7845","title":null,"description":null,"keywords":null,"keyphrases":null,"primary_term":null,"canonical_url":null,"og_title":null,"og_description":null,"og_object_type":"default","og_image_type":"default","og_image_url":null,"og_image_width":null,"og_image_height":null,"og_image_custom_url":null,"og_image_custom_fields":null,"og_video":null,"og_custom_url":null,"og_article_section":null,"og_article_tags":null,"twitter_use_og":false,"twitter_card":"default","twitter_image_type":"default","twitter_image_url":null,"twitter_image_custom_url":null,"twitter_image_custom_fields":null,"twitter_title":null,"twitter_description":null,"schema":{"blockGraphs":[],"customGraphs":[],"default":{"data":{"Article":[],"Course":[],"Dataset":[],"FAQPage":[],"Movie":[],"Person":[],"Product":[],"ProductReview":[],"Car":[],"Recipe":[],"Service":[],"SoftwareApplication":[],"WebPage":[]},"graphName":"","isEnabled":true},"graphs":[]},"schema_type":"default","schema_type_options":null,"pillar_content":false,"robots_default":true,"robots_noindex":false,"robots_noarchive":false,"robots_nosnippet":false,"robots_nofollow":false,"robots_noimageindex":false,"robots_noodp":false,"robots_notranslate":false,"robots_max_snippet":null,"robots_max_videopreview":null,"robots_max_imagepreview":"large","priority":null,"frequency":null,"local_seo":null,"breadcrumb_settings":null,"limit_modified_date":false,"ai":null,"created":"2025-01-06 19:15:52","updated":"2025-09-24 02:39:32","seo_analyzer_scan_date":null,"focus_keyword":null,"additional_keywords":null,"truseo_locale":null},"aioseo_breadcrumb":"<div class=\"aioseo-breadcrumbs\"><span class=\"aioseo-breadcrumb\">\n\t\t\t<a href=\"https:\/\/plumanegranoticias.com\" title=\"Home\">Home<\/a>\n\t\t<\/span><span class=\"aioseo-breadcrumb-separator\">&raquo;<\/span><span class=\"aioseo-breadcrumb\">\n\t\t\t<a href=\"https:\/\/plumanegranoticias.com\/?cat=1\" title=\"Blog\">Blog<\/a>\n\t\t<\/span><span class=\"aioseo-breadcrumb-separator\">&raquo;<\/span><span class=\"aioseo-breadcrumb\">\n\t\t\tSENTENCIADOS A 27 A\u00d1OS DE PRISI\u00d3N POR EL DELITO DE HOMICIDIO DOLOSO\n\t\t<\/span><\/div>","aioseo_breadcrumb_json":[{"label":"Home","link":"https:\/\/plumanegranoticias.com"},{"label":"Blog","link":"https:\/\/plumanegranoticias.com\/?cat=1"},{"label":"SENTENCIADOS A 27 A\u00d1OS DE PRISI\u00d3N POR EL DELITO DE HOMICIDIO DOLOSO","link":"https:\/\/plumanegranoticias.com\/?p=7845"}],"_links":{"self":[{"href":"https:\/\/plumanegranoticias.com\/index.php?rest_route=\/wp\/v2\/posts\/7845","targetHints":{"allow":["GET"]}}],"collection":[{"href":"https:\/\/plumanegranoticias.com\/index.php?rest_route=\/wp\/v2\/posts"}],"about":[{"href":"https:\/\/plumanegranoticias.com\/index.php?rest_route=\/wp\/v2\/types\/post"}],"author":[{"embeddable":true,"href":"https:\/\/plumanegranoticias.com\/index.php?rest_route=\/wp\/v2\/users\/2"}],"replies":[{"embeddable":true,"href":"https:\/\/plumanegranoticias.com\/index.php?rest_route=%2Fwp%2Fv2%2Fcomments&post=7845"}],"version-history":[{"count":1,"href":"https:\/\/plumanegranoticias.com\/index.php?rest_route=\/wp\/v2\/posts\/7845\/revisions"}],"predecessor-version":[{"id":7846,"href":"https:\/\/plumanegranoticias.com\/index.php?rest_route=\/wp\/v2\/posts\/7845\/revisions\/7846"}],"wp:featuredmedia":[{"embeddable":true,"href":"https:\/\/plumanegranoticias.com\/index.php?rest_route=\/wp\/v2\/media\/7847"}],"wp:attachment":[{"href":"https:\/\/plumanegranoticias.com\/index.php?rest_route=%2Fwp%2Fv2%2Fmedia&parent=7845"}],"wp:term":[{"taxonomy":"category","embeddable":true,"href":"https:\/\/plumanegranoticias.com\/index.php?rest_route=%2Fwp%2Fv2%2Fcategories&post=7845"},{"taxonomy":"post_tag","embeddable":true,"href":"https:\/\/plumanegranoticias.com\/index.php?rest_route=%2Fwp%2Fv2%2Ftags&post=7845"}],"curies":[{"name":"wp","href":"https:\/\/api.w.org\/{rel}","templated":true}]}}