{"id":7966,"date":"2025-01-09T07:58:19","date_gmt":"2025-01-09T13:58:19","guid":{"rendered":"https:\/\/plumanegranoticias.com\/?p=7966"},"modified":"2025-01-09T07:58:41","modified_gmt":"2025-01-09T13:58:41","slug":"sentenciado-a-50-anos-de-prision-como-responsable-de-los-delitos-de-homicidio-doloso-calificado-y-lesiones-dolosas","status":"publish","type":"post","link":"https:\/\/plumanegranoticias.com\/?p=7966","title":{"rendered":"Sentenciado a 50 a\u00f1os de prisi\u00f3n como responsable de los delitos de homicidio doloso calificado y lesiones dolosas"},"content":{"rendered":"\n<p>Veracruz, Ver., 09 de enero de 2025.- La Fiscal\u00eda Regional Veracruz logr\u00f3 sentencia condenatoria de 50 a\u00f1os de prisi\u00f3n en contra de Carlos Alberto \u201cN\u201d como responsable de los delitos de homicidio doloso calificado cometido en agravio de las v\u00edctimas T.E.R.F., y M.G.H., y lesiones dolosas cometido en agravio de la v\u00edctima B.P.F.\u00a0<\/p>\n\n\n\n<p>Hechos ocurridos el 03 de abril del 2023 en el interior de una casa ubicada en la colonia Centro de la ciudad de Veracruz cuando Carlos Alberto \u201cN\u201d entr\u00f3 sin permiso y agredi\u00f3 a las v\u00edctimas T.E.R.F., y M.G.H., teniendo como resultado lesiones que los privaron de la vida, posteriormente al encontrarse con la v\u00edctima B.P.F., lo golpe\u00f3 ocasion\u00e1ndole heridas.&nbsp;<\/p>\n\n\n\n<p>El juez adem\u00e1s de dictar sentencia suspendi\u00f3 sus derechos civiles y pol\u00edticos, dentro del juicio 35\/2024-E.<\/p>\n\n\n\n<figure class=\"wp-block-image size-large\"><img loading=\"lazy\" decoding=\"async\" width=\"1024\" height=\"1024\" src=\"https:\/\/plumanegranoticias.com\/wp-content\/uploads\/2025\/01\/img-20250109-wa00106605437007169948846-1024x1024.jpg\" alt=\"\" class=\"wp-image-7965\" srcset=\"https:\/\/plumanegranoticias.com\/wp-content\/uploads\/2025\/01\/img-20250109-wa00106605437007169948846-1024x1024.jpg 1024w, https:\/\/plumanegranoticias.com\/wp-content\/uploads\/2025\/01\/img-20250109-wa00106605437007169948846-300x300.jpg 300w, https:\/\/plumanegranoticias.com\/wp-content\/uploads\/2025\/01\/img-20250109-wa00106605437007169948846-150x150.jpg 150w, https:\/\/plumanegranoticias.com\/wp-content\/uploads\/2025\/01\/img-20250109-wa00106605437007169948846-768x768.jpg 768w, https:\/\/plumanegranoticias.com\/wp-content\/uploads\/2025\/01\/img-20250109-wa00106605437007169948846-400x400.jpg 400w, https:\/\/plumanegranoticias.com\/wp-content\/uploads\/2025\/01\/img-20250109-wa00106605437007169948846.jpg 1080w\" sizes=\"auto, (max-width: 1024px) 100vw, 1024px\" \/><\/figure>\n","protected":false},"excerpt":{"rendered":"<p>Veracruz, Ver., 09 de enero de 2025.- La Fiscal\u00eda Regional Veracruz logr\u00f3 sentencia condenatoria de 50 a\u00f1os de prisi\u00f3n en contra de Carlos Alberto \u201cN\u201d como responsable de los delitos de homicidio doloso calificado cometido en agravio de las v\u00edctimas T.E.R.F., y M.G.H., y lesiones dolosas cometido en agravio de la v\u00edctima B.P.F.\u00a0 Hechos ocurridos&#8230; <\/p>\n<div class=\"clear\"><\/div>\n<p><a href=\"https:\/\/plumanegranoticias.com\/?p=7966\" class=\"excerpt-read-more\">Read More<i class=\"fa fa-caret-right icon-caret-right\"><\/i><\/a><\/p>\n","protected":false},"author":2,"featured_media":7968,"comment_status":"open","ping_status":"open","sticky":false,"template":"","format":"standard","meta":{"om_disable_all_campaigns":false,"_monsterinsights_skip_tracking":false,"_monsterinsights_sitenote_active":false,"_monsterinsights_sitenote_note":"","_monsterinsights_sitenote_category":0,"_uf_show_specific_survey":0,"_uf_disable_surveys":false,"footnotes":""},"categories":[1],"tags":[61,19,31],"class_list":["post-7966","post","type-post","status-publish","format-standard","has-post-thumbnail","hentry","category-blog","tag-politica","tag-regional","tag-reporte-ciudadano"],"aioseo_notices":[],"_links":{"self":[{"href":"https:\/\/plumanegranoticias.com\/index.php?rest_route=\/wp\/v2\/posts\/7966","targetHints":{"allow":["GET"]}}],"collection":[{"href":"https:\/\/plumanegranoticias.com\/index.php?rest_route=\/wp\/v2\/posts"}],"about":[{"href":"https:\/\/plumanegranoticias.com\/index.php?rest_route=\/wp\/v2\/types\/post"}],"author":[{"embeddable":true,"href":"https:\/\/plumanegranoticias.com\/index.php?rest_route=\/wp\/v2\/users\/2"}],"replies":[{"embeddable":true,"href":"https:\/\/plumanegranoticias.com\/index.php?rest_route=%2Fwp%2Fv2%2Fcomments&post=7966"}],"version-history":[{"count":1,"href":"https:\/\/plumanegranoticias.com\/index.php?rest_route=\/wp\/v2\/posts\/7966\/revisions"}],"predecessor-version":[{"id":7967,"href":"https:\/\/plumanegranoticias.com\/index.php?rest_route=\/wp\/v2\/posts\/7966\/revisions\/7967"}],"wp:featuredmedia":[{"embeddable":true,"href":"https:\/\/plumanegranoticias.com\/index.php?rest_route=\/wp\/v2\/media\/7968"}],"wp:attachment":[{"href":"https:\/\/plumanegranoticias.com\/index.php?rest_route=%2Fwp%2Fv2%2Fmedia&parent=7966"}],"wp:term":[{"taxonomy":"category","embeddable":true,"href":"https:\/\/plumanegranoticias.com\/index.php?rest_route=%2Fwp%2Fv2%2Fcategories&post=7966"},{"taxonomy":"post_tag","embeddable":true,"href":"https:\/\/plumanegranoticias.com\/index.php?rest_route=%2Fwp%2Fv2%2Ftags&post=7966"}],"curies":[{"name":"wp","href":"https:\/\/api.w.org\/{rel}","templated":true}]}}