{"id":7970,"date":"2025-01-09T08:45:17","date_gmt":"2025-01-09T14:45:17","guid":{"rendered":"https:\/\/plumanegranoticias.com\/?p=7970"},"modified":"2025-01-09T08:45:40","modified_gmt":"2025-01-09T14:45:40","slug":"mary-carmen-hernandez-aguilar-va-por-morena-a-la-alcaldia-de-medellin","status":"publish","type":"post","link":"https:\/\/plumanegranoticias.com\/?p=7970","title":{"rendered":"Mary Carmen Hern\u00e1ndez Aguilar va por Morena a la alcald\u00eda de Medell\u00edn"},"content":{"rendered":"\n<p>+ Merecemos un municipio digno, lleno de oportunidades y con una verdadera transformaci\u00f3n, dijo la aspirante, quien se registr\u00f3 ante la Comisi\u00f3n de Procesos Internos del partido guinda para competir.<\/p>\n\n\n\n<p>Medell\u00edn de Bravo, Ver. 08 de enero de 2025.- Mary Carmen Hern\u00e1ndez Aguilar se registr\u00f3 ante la Comisi\u00f3n de Procesos Internos de Morena para contender por la candidatura a la presidencia municipal de Medell\u00edn de Bravo, para lo cual cumpli\u00f3 puntualmente con todos los requisitos.<\/p>\n\n\n\n<p>La hoy aspirante escribi\u00f3 en su red social de facebook: &#8220;Cada paso que hemos dado juntos est\u00e1 lleno de significados, de historias, de sue\u00f1os y de un profundo amor por nuestro querido Medell\u00edn. Este proyecto no es s\u00f3lo m\u00edo, es de todas y todos ustedes, de quienes anhelan un municipio digno, lleno de oportunidades y con una verdadera transformaci\u00f3n&#8221;.<\/p>\n\n\n\n<p>Agradeci\u00f3 a todos y cada uno de quienes la han apoyado en su caminar, por abrirle las puertas de sus hogares, por recibirla con cari\u00f1o en sus colonias y comunidades, y por compartir las realidades que viven d\u00eda a d\u00eda.&#8221; Sus voces, sus necesidades y sus esperanzas son el motor que impulsa mi compromiso&#8221;.<\/p>\n\n\n\n<p>&#8220;Es tiempo de mujeres, de construir el segundo piso de la Cuarta Transformaci\u00f3n, hombro con hombro con nuestra presidenta Claudia Sheinbaum y nuestra gobernadora Roc\u00edo Nahle, y mi promesa es clara: trabajar incansablemente para que Medell\u00edn sea un lugar del que todas y todos nos sintamos orgullosos Es nuestro momento, el momento de las mujeres, de la unidad y del cambio verdadero&#8221;, expres\u00f3 enf\u00e1tica.<\/p>\n\n\n\n<figure class=\"wp-block-image size-large\"><img loading=\"lazy\" decoding=\"async\" width=\"768\" height=\"1024\" src=\"https:\/\/plumanegranoticias.com\/wp-content\/uploads\/2025\/01\/img-20250108-wa01907002857658180365156-768x1024.jpg\" alt=\"\" class=\"wp-image-7969\" srcset=\"https:\/\/plumanegranoticias.com\/wp-content\/uploads\/2025\/01\/img-20250108-wa01907002857658180365156-768x1024.jpg 768w, https:\/\/plumanegranoticias.com\/wp-content\/uploads\/2025\/01\/img-20250108-wa01907002857658180365156-225x300.jpg 225w, https:\/\/plumanegranoticias.com\/wp-content\/uploads\/2025\/01\/img-20250108-wa01907002857658180365156.jpg 960w\" sizes=\"auto, (max-width: 768px) 100vw, 768px\" \/><\/figure>\n","protected":false},"excerpt":{"rendered":"<p>+ Merecemos un municipio digno, lleno de oportunidades y con una verdadera transformaci\u00f3n, dijo la aspirante, quien se registr\u00f3 ante la Comisi\u00f3n de Procesos Internos del partido guinda para competir. Medell\u00edn de Bravo, Ver. 08 de enero de 2025.- Mary Carmen Hern\u00e1ndez Aguilar se registr\u00f3 ante la Comisi\u00f3n de Procesos Internos de Morena para contender&#8230; <\/p>\n<div class=\"clear\"><\/div>\n<p><a href=\"https:\/\/plumanegranoticias.com\/?p=7970\" class=\"excerpt-read-more\">Read More<i class=\"fa fa-caret-right icon-caret-right\"><\/i><\/a><\/p>\n","protected":false},"author":2,"featured_media":7972,"comment_status":"open","ping_status":"open","sticky":false,"template":"","format":"standard","meta":{"om_disable_all_campaigns":false,"_monsterinsights_skip_tracking":false,"_monsterinsights_sitenote_active":false,"_monsterinsights_sitenote_note":"","_monsterinsights_sitenote_category":0,"_uf_show_specific_survey":0,"_uf_disable_surveys":false,"footnotes":""},"categories":[1],"tags":[34,61,19],"class_list":["post-7970","post","type-post","status-publish","format-standard","has-post-thumbnail","hentry","category-blog","tag-policiaca","tag-politica","tag-regional"],"aioseo_notices":[],"_links":{"self":[{"href":"https:\/\/plumanegranoticias.com\/index.php?rest_route=\/wp\/v2\/posts\/7970","targetHints":{"allow":["GET"]}}],"collection":[{"href":"https:\/\/plumanegranoticias.com\/index.php?rest_route=\/wp\/v2\/posts"}],"about":[{"href":"https:\/\/plumanegranoticias.com\/index.php?rest_route=\/wp\/v2\/types\/post"}],"author":[{"embeddable":true,"href":"https:\/\/plumanegranoticias.com\/index.php?rest_route=\/wp\/v2\/users\/2"}],"replies":[{"embeddable":true,"href":"https:\/\/plumanegranoticias.com\/index.php?rest_route=%2Fwp%2Fv2%2Fcomments&post=7970"}],"version-history":[{"count":1,"href":"https:\/\/plumanegranoticias.com\/index.php?rest_route=\/wp\/v2\/posts\/7970\/revisions"}],"predecessor-version":[{"id":7971,"href":"https:\/\/plumanegranoticias.com\/index.php?rest_route=\/wp\/v2\/posts\/7970\/revisions\/7971"}],"wp:featuredmedia":[{"embeddable":true,"href":"https:\/\/plumanegranoticias.com\/index.php?rest_route=\/wp\/v2\/media\/7972"}],"wp:attachment":[{"href":"https:\/\/plumanegranoticias.com\/index.php?rest_route=%2Fwp%2Fv2%2Fmedia&parent=7970"}],"wp:term":[{"taxonomy":"category","embeddable":true,"href":"https:\/\/plumanegranoticias.com\/index.php?rest_route=%2Fwp%2Fv2%2Fcategories&post=7970"},{"taxonomy":"post_tag","embeddable":true,"href":"https:\/\/plumanegranoticias.com\/index.php?rest_route=%2Fwp%2Fv2%2Ftags&post=7970"}],"curies":[{"name":"wp","href":"https:\/\/api.w.org\/{rel}","templated":true}]}}