{"id":7982,"date":"2025-01-09T14:22:11","date_gmt":"2025-01-09T20:22:11","guid":{"rendered":"https:\/\/plumanegranoticias.com\/?p=7982"},"modified":"2025-01-09T14:22:50","modified_gmt":"2025-01-09T20:22:50","slug":"veracruz-avanza-contra-la-inseguridad-asesinato-de-director-de-gobernacion-de-mendoza-hecho-aislado-gobernadora","status":"publish","type":"post","link":"https:\/\/plumanegranoticias.com\/?p=7982","title":{"rendered":"Veracruz avanza contra la inseguridad, asesinato de director de Gobernaci\u00f3n de Mendoza, hecho aislado: Gobernadora"},"content":{"rendered":"\n<p><em>Define que postulaci\u00f3n de candidatos es responsabilidad de los partidos pol\u00edticos, tras el registro de Reveriano P\u00e9rez Vega<\/em><br>-Pedir\u00e1 informaci\u00f3n sobre desaparici\u00f3n de l\u00edder de MC en Amatl\u00e1n<br>Angeles Gonz\u00e1lez Ceballos<br>Xalapa, Ver., La gobernadora del Estado, Roc\u00edo Nahle Garc\u00eda, resalt\u00f3 que en los primeros ocho d\u00edas del a\u00f1o Veracruz se ubic\u00f3 en la posici\u00f3n 17 en materia de seguridad a nivel nacional, tal como lo dio a conocer este d\u00eda el titular de la Secretar\u00eda de Seguridad y Protecci\u00f3n Ciudadana, Omar Garc\u00eda Harfuch.<br>En entrevista previa a la entrega de la medalla \u201cAdolfo Ruiz Cortines\u201d en el Congreso del Estado, destac\u00f3 que su administraci\u00f3n ha avanzado mucho en el combate a la inseguridad.<br>\u201cTrabajamos todos los d\u00edas y va bastante bien\u2026\u201d, expres\u00f3 y afirm\u00f3 que lo sucedido con el director de Gobernaci\u00f3n del ayuntamiento de Camerino Z. Mendoza, Manuel Andrei Gamboa Soto, quien fue asesinado a disparos en el municipio de Ixtaczoquitl\u00e1n; fue un hecho aislado.<br>Nahle Garc\u00eda agreg\u00f3 que en ese caso, la Fiscal\u00eda General del Estado ya est\u00e1 trabajando en la investigaci\u00f3n.<br>Respecto del registro al proceso interno de Morena, del exalcalde Reveriano P\u00e9rez Vega, exalcalde del municipio de Coxquihui, quien tiene presuntos v\u00ednculos con la delincuencia, la Gobernadora defini\u00f3 que la postulaci\u00f3n de los candidatos es responsabilidad los partidos pol\u00edticos.<\/p>\n\n\n\n<p>En ese sentido, defini\u00f3 que los derechos constitucionales de cada persona est\u00e1n a salvo y descart\u00f3 dar una opini\u00f3n al respecto, porque esto lo deben resolver los partidos pol\u00edticos.<br \/>Por otra parte, la titular del Poder Ejecutivo asegur\u00f3 que hasta este momento ning\u00fan servidor p\u00fablico de su administraci\u00f3n le ha manifestado su inter\u00e9s de participar en el proceso electoral local para renovar las alcald\u00edas del Estado.<br \/>Asimismo, sobre la desaparici\u00f3n de Carlos Antonio Salinas Guerrero, comisionado municipal del partido Movimiento Ciudadano en Naranjos Amatl\u00e1n desde el pasado 3 de enero, la Mandataria dijo que preguntar\u00eda porque no tiene ese reporte.<\/p>\n\n\n\n<figure class=\"wp-block-image size-large\"><img loading=\"lazy\" decoding=\"async\" width=\"1024\" height=\"576\" src=\"https:\/\/plumanegranoticias.com\/wp-content\/uploads\/2025\/01\/img-20250109-wa00747760992885728508042-1024x576.jpg\" alt=\"\" class=\"wp-image-7980\" srcset=\"https:\/\/plumanegranoticias.com\/wp-content\/uploads\/2025\/01\/img-20250109-wa00747760992885728508042-1024x576.jpg 1024w, https:\/\/plumanegranoticias.com\/wp-content\/uploads\/2025\/01\/img-20250109-wa00747760992885728508042-300x169.jpg 300w, https:\/\/plumanegranoticias.com\/wp-content\/uploads\/2025\/01\/img-20250109-wa00747760992885728508042-768x432.jpg 768w, https:\/\/plumanegranoticias.com\/wp-content\/uploads\/2025\/01\/img-20250109-wa00747760992885728508042.jpg 1280w\" sizes=\"auto, (max-width: 1024px) 100vw, 1024px\" \/><\/figure>\n","protected":false},"excerpt":{"rendered":"<p>Define que postulaci\u00f3n de candidatos es responsabilidad de los partidos pol\u00edticos, tras el registro de Reveriano P\u00e9rez Vega-Pedir\u00e1 informaci\u00f3n sobre desaparici\u00f3n de l\u00edder de MC en Amatl\u00e1nAngeles Gonz\u00e1lez CeballosXalapa, Ver., La gobernadora del Estado, Roc\u00edo Nahle Garc\u00eda, resalt\u00f3 que en los primeros ocho d\u00edas del a\u00f1o Veracruz se ubic\u00f3 en la posici\u00f3n 17 en materia&#8230; <\/p>\n<div class=\"clear\"><\/div>\n<p><a href=\"https:\/\/plumanegranoticias.com\/?p=7982\" class=\"excerpt-read-more\">Read More<i class=\"fa fa-caret-right icon-caret-right\"><\/i><\/a><\/p>\n","protected":false},"author":2,"featured_media":7981,"comment_status":"open","ping_status":"open","sticky":false,"template":"","format":"standard","meta":{"om_disable_all_campaigns":false,"_monsterinsights_skip_tracking":false,"_monsterinsights_sitenote_active":false,"_monsterinsights_sitenote_note":"","_monsterinsights_sitenote_category":0,"_uf_show_specific_survey":0,"_uf_disable_surveys":false,"footnotes":""},"categories":[1],"tags":[61,31],"class_list":["post-7982","post","type-post","status-publish","format-standard","has-post-thumbnail","hentry","category-blog","tag-politica","tag-reporte-ciudadano"],"aioseo_notices":[],"_links":{"self":[{"href":"https:\/\/plumanegranoticias.com\/index.php?rest_route=\/wp\/v2\/posts\/7982","targetHints":{"allow":["GET"]}}],"collection":[{"href":"https:\/\/plumanegranoticias.com\/index.php?rest_route=\/wp\/v2\/posts"}],"about":[{"href":"https:\/\/plumanegranoticias.com\/index.php?rest_route=\/wp\/v2\/types\/post"}],"author":[{"embeddable":true,"href":"https:\/\/plumanegranoticias.com\/index.php?rest_route=\/wp\/v2\/users\/2"}],"replies":[{"embeddable":true,"href":"https:\/\/plumanegranoticias.com\/index.php?rest_route=%2Fwp%2Fv2%2Fcomments&post=7982"}],"version-history":[{"count":1,"href":"https:\/\/plumanegranoticias.com\/index.php?rest_route=\/wp\/v2\/posts\/7982\/revisions"}],"predecessor-version":[{"id":7983,"href":"https:\/\/plumanegranoticias.com\/index.php?rest_route=\/wp\/v2\/posts\/7982\/revisions\/7983"}],"wp:featuredmedia":[{"embeddable":true,"href":"https:\/\/plumanegranoticias.com\/index.php?rest_route=\/wp\/v2\/media\/7981"}],"wp:attachment":[{"href":"https:\/\/plumanegranoticias.com\/index.php?rest_route=%2Fwp%2Fv2%2Fmedia&parent=7982"}],"wp:term":[{"taxonomy":"category","embeddable":true,"href":"https:\/\/plumanegranoticias.com\/index.php?rest_route=%2Fwp%2Fv2%2Fcategories&post=7982"},{"taxonomy":"post_tag","embeddable":true,"href":"https:\/\/plumanegranoticias.com\/index.php?rest_route=%2Fwp%2Fv2%2Ftags&post=7982"}],"curies":[{"name":"wp","href":"https:\/\/api.w.org\/{rel}","templated":true}]}}