{"id":7991,"date":"2025-01-09T20:19:36","date_gmt":"2025-01-10T02:19:36","guid":{"rendered":"https:\/\/plumanegranoticias.com\/?p=7991"},"modified":"2025-01-09T20:20:29","modified_gmt":"2025-01-10T02:20:29","slug":"cae-en-moto-a-un-rio-con-2-menores-en-cuitlahuac","status":"publish","type":"post","link":"https:\/\/plumanegranoticias.com\/?p=7991","title":{"rendered":"CAE EN MOTO A UN RIO CON 2 MENORES EN CUITL\u00c1HUAC"},"content":{"rendered":"\n<p>El accidente se registr\u00f3 en la Carretera Federal La Tinaja-Cuitlahuac a la altura de El Nanche, kil\u00f3metro 28, cuando derrap\u00f3 la motocicleta y cay\u00f3 a un arroyo de una profundidad de 5 metros y dej\u00f3 un saldo de dos menores lesionados fueron trasladados al Hospital Regional de C\u00f3rdoba Ver.<\/p>\n\n\n\n<p>Atienden Param\u00e9dicos SAMUV de YANGA al Mando del Director de Protecci\u00f3n Civil y Param\u00e9dico Porfirio P\u00e9rez Aguilera: Menores con lesiones Laceraciones golpes .<\/p>\n\n\n\n<p>El masculino conductor de la Motocicleta Sufre Graves Lesiones fue atendido por param\u00e9dicos SAMUV de Cuitlahuac y lo trasladan de Urgencias del Hospital Regional de C\u00f3rdoba Ver.<\/p>\n\n\n\n<figure class=\"wp-block-image size-large\"><img loading=\"lazy\" decoding=\"async\" width=\"576\" height=\"1024\" src=\"https:\/\/plumanegranoticias.com\/wp-content\/uploads\/2025\/01\/img-20250109-wa01313434089594809707661-576x1024.jpg\" alt=\"\" class=\"wp-image-7989\" srcset=\"https:\/\/plumanegranoticias.com\/wp-content\/uploads\/2025\/01\/img-20250109-wa01313434089594809707661-576x1024.jpg 576w, https:\/\/plumanegranoticias.com\/wp-content\/uploads\/2025\/01\/img-20250109-wa01313434089594809707661-169x300.jpg 169w, https:\/\/plumanegranoticias.com\/wp-content\/uploads\/2025\/01\/img-20250109-wa01313434089594809707661.jpg 585w\" sizes=\"auto, (max-width: 576px) 100vw, 576px\" \/><\/figure>\n\n\n\n<figure class=\"wp-block-image\"><img loading=\"lazy\" decoding=\"async\" width=\"576\" height=\"1024\" src=\"https:\/\/plumanegranoticias.com\/wp-content\/uploads\/2025\/01\/img-20250109-wa01295331588699712891442-576x1024.jpg\" alt=\"\" class=\"wp-image-7990\" srcset=\"https:\/\/plumanegranoticias.com\/wp-content\/uploads\/2025\/01\/img-20250109-wa01295331588699712891442-576x1024.jpg 576w, https:\/\/plumanegranoticias.com\/wp-content\/uploads\/2025\/01\/img-20250109-wa01295331588699712891442-169x300.jpg 169w, https:\/\/plumanegranoticias.com\/wp-content\/uploads\/2025\/01\/img-20250109-wa01295331588699712891442.jpg 585w\" sizes=\"auto, (max-width: 576px) 100vw, 576px\" \/><\/figure>\n\n\n\n<figure class=\"wp-block-image\"><img loading=\"lazy\" decoding=\"async\" width=\"576\" height=\"1024\" src=\"https:\/\/plumanegranoticias.com\/wp-content\/uploads\/2025\/01\/img-20250109-wa01331869923304216962407-576x1024.jpg\" alt=\"\" class=\"wp-image-7988\" srcset=\"https:\/\/plumanegranoticias.com\/wp-content\/uploads\/2025\/01\/img-20250109-wa01331869923304216962407-576x1024.jpg 576w, https:\/\/plumanegranoticias.com\/wp-content\/uploads\/2025\/01\/img-20250109-wa01331869923304216962407-169x300.jpg 169w, https:\/\/plumanegranoticias.com\/wp-content\/uploads\/2025\/01\/img-20250109-wa01331869923304216962407.jpg 720w\" sizes=\"auto, (max-width: 576px) 100vw, 576px\" \/><\/figure>\n","protected":false},"excerpt":{"rendered":"<p>El accidente se registr\u00f3 en la Carretera Federal La Tinaja-Cuitlahuac a la altura de El Nanche, kil\u00f3metro 28, cuando derrap\u00f3 la motocicleta y cay\u00f3 a un arroyo de una profundidad de 5 metros y dej\u00f3 un saldo de dos menores lesionados fueron trasladados al Hospital Regional de C\u00f3rdoba Ver. Atienden Param\u00e9dicos SAMUV de YANGA al&#8230; <\/p>\n<div class=\"clear\"><\/div>\n<p><a href=\"https:\/\/plumanegranoticias.com\/?p=7991\" class=\"excerpt-read-more\">Read More<i class=\"fa fa-caret-right icon-caret-right\"><\/i><\/a><\/p>\n","protected":false},"author":2,"featured_media":7993,"comment_status":"open","ping_status":"open","sticky":false,"template":"","format":"standard","meta":{"om_disable_all_campaigns":false,"_monsterinsights_skip_tracking":false,"_monsterinsights_sitenote_active":false,"_monsterinsights_sitenote_note":"","_monsterinsights_sitenote_category":0,"_uf_show_specific_survey":0,"_uf_disable_surveys":false,"footnotes":""},"categories":[1],"tags":[22,18,30],"class_list":["post-7991","post","type-post","status-publish","format-standard","has-post-thumbnail","hentry","category-blog","tag-nota-roja","tag-noticia","tag-plumazos"],"aioseo_notices":[],"_links":{"self":[{"href":"https:\/\/plumanegranoticias.com\/index.php?rest_route=\/wp\/v2\/posts\/7991","targetHints":{"allow":["GET"]}}],"collection":[{"href":"https:\/\/plumanegranoticias.com\/index.php?rest_route=\/wp\/v2\/posts"}],"about":[{"href":"https:\/\/plumanegranoticias.com\/index.php?rest_route=\/wp\/v2\/types\/post"}],"author":[{"embeddable":true,"href":"https:\/\/plumanegranoticias.com\/index.php?rest_route=\/wp\/v2\/users\/2"}],"replies":[{"embeddable":true,"href":"https:\/\/plumanegranoticias.com\/index.php?rest_route=%2Fwp%2Fv2%2Fcomments&post=7991"}],"version-history":[{"count":1,"href":"https:\/\/plumanegranoticias.com\/index.php?rest_route=\/wp\/v2\/posts\/7991\/revisions"}],"predecessor-version":[{"id":7992,"href":"https:\/\/plumanegranoticias.com\/index.php?rest_route=\/wp\/v2\/posts\/7991\/revisions\/7992"}],"wp:featuredmedia":[{"embeddable":true,"href":"https:\/\/plumanegranoticias.com\/index.php?rest_route=\/wp\/v2\/media\/7993"}],"wp:attachment":[{"href":"https:\/\/plumanegranoticias.com\/index.php?rest_route=%2Fwp%2Fv2%2Fmedia&parent=7991"}],"wp:term":[{"taxonomy":"category","embeddable":true,"href":"https:\/\/plumanegranoticias.com\/index.php?rest_route=%2Fwp%2Fv2%2Fcategories&post=7991"},{"taxonomy":"post_tag","embeddable":true,"href":"https:\/\/plumanegranoticias.com\/index.php?rest_route=%2Fwp%2Fv2%2Ftags&post=7991"}],"curies":[{"name":"wp","href":"https:\/\/api.w.org\/{rel}","templated":true}]}}