{"id":7998,"date":"2025-01-09T21:45:14","date_gmt":"2025-01-10T03:45:14","guid":{"rendered":"https:\/\/plumanegranoticias.com\/?p=7998"},"modified":"2025-01-09T21:45:54","modified_gmt":"2025-01-10T03:45:54","slug":"rechazan-a-maduro-venezolano-en-veracruz","status":"publish","type":"post","link":"https:\/\/plumanegranoticias.com\/?p=7998","title":{"rendered":"RECHAZAN A MADURO VENEZOLANOS EN VERACRUZ"},"content":{"rendered":"\n<p>Ciudadanos de origen venezolano, se manifestaron en el bulevar Manuel \u00c1vila Camacho de Veracruz, para rechazar la toma de protesta del nuevo periodo del Presidente Nicol\u00e1s Maduroe Nicol\u00e1s y la detenci\u00f3n de la lideresa opositora, Mar\u00eda Corina Machado tras las manifestaciones en Venezuela.<\/p>\n\n\n\n<p>Los venezolanos llegaron a la Plaza de la bandera monumental con banderas de su pa\u00eds y cantaron su Himno Nacional en protesta contra la reelecci\u00f3n de Maduro.<\/p>\n\n\n\n<p>Desde Veracruz, tambi\u00e9n rechazaron la detenci\u00f3n arbitraria de la lideresa opositora Mar\u00eda Corina Machado, quien fue detenida por las movilizaciones internacionales contra el r\u00e9gimen de Nicol\u00e1s Maduro.<\/p>\n\n\n\n<figure class=\"wp-block-image size-large\"><img loading=\"lazy\" decoding=\"async\" width=\"1024\" height=\"768\" src=\"https:\/\/plumanegranoticias.com\/wp-content\/uploads\/2025\/01\/img-20250109-wa01473011120563386879796-1024x768.jpg\" alt=\"\" class=\"wp-image-7994\" srcset=\"https:\/\/plumanegranoticias.com\/wp-content\/uploads\/2025\/01\/img-20250109-wa01473011120563386879796-1024x768.jpg 1024w, https:\/\/plumanegranoticias.com\/wp-content\/uploads\/2025\/01\/img-20250109-wa01473011120563386879796-300x225.jpg 300w, https:\/\/plumanegranoticias.com\/wp-content\/uploads\/2025\/01\/img-20250109-wa01473011120563386879796-768x576.jpg 768w, https:\/\/plumanegranoticias.com\/wp-content\/uploads\/2025\/01\/img-20250109-wa01473011120563386879796-1536x1152.jpg 1536w, https:\/\/plumanegranoticias.com\/wp-content\/uploads\/2025\/01\/img-20250109-wa01473011120563386879796-400x300.jpg 400w, https:\/\/plumanegranoticias.com\/wp-content\/uploads\/2025\/01\/img-20250109-wa01473011120563386879796.jpg 1600w\" sizes=\"auto, (max-width: 1024px) 100vw, 1024px\" \/><\/figure>\n\n\n\n<figure class=\"wp-block-image\"><img loading=\"lazy\" decoding=\"async\" width=\"768\" height=\"1024\" src=\"https:\/\/plumanegranoticias.com\/wp-content\/uploads\/2025\/01\/img-20250109-wa0146233906635903146885-768x1024.jpg\" alt=\"\" class=\"wp-image-7996\" srcset=\"https:\/\/plumanegranoticias.com\/wp-content\/uploads\/2025\/01\/img-20250109-wa0146233906635903146885-768x1024.jpg 768w, https:\/\/plumanegranoticias.com\/wp-content\/uploads\/2025\/01\/img-20250109-wa0146233906635903146885-225x300.jpg 225w, https:\/\/plumanegranoticias.com\/wp-content\/uploads\/2025\/01\/img-20250109-wa0146233906635903146885-1152x1536.jpg 1152w, https:\/\/plumanegranoticias.com\/wp-content\/uploads\/2025\/01\/img-20250109-wa0146233906635903146885.jpg 1200w\" sizes=\"auto, (max-width: 768px) 100vw, 768px\" \/><\/figure>\n\n\n\n<figure class=\"wp-block-image\"><img loading=\"lazy\" decoding=\"async\" width=\"1024\" height=\"768\" src=\"https:\/\/plumanegranoticias.com\/wp-content\/uploads\/2025\/01\/img-20250109-wa01495485621984845677856-1024x768.jpg\" alt=\"\" class=\"wp-image-7995\" srcset=\"https:\/\/plumanegranoticias.com\/wp-content\/uploads\/2025\/01\/img-20250109-wa01495485621984845677856-1024x768.jpg 1024w, https:\/\/plumanegranoticias.com\/wp-content\/uploads\/2025\/01\/img-20250109-wa01495485621984845677856-300x225.jpg 300w, https:\/\/plumanegranoticias.com\/wp-content\/uploads\/2025\/01\/img-20250109-wa01495485621984845677856-768x576.jpg 768w, https:\/\/plumanegranoticias.com\/wp-content\/uploads\/2025\/01\/img-20250109-wa01495485621984845677856-1536x1152.jpg 1536w, https:\/\/plumanegranoticias.com\/wp-content\/uploads\/2025\/01\/img-20250109-wa01495485621984845677856-400x300.jpg 400w, https:\/\/plumanegranoticias.com\/wp-content\/uploads\/2025\/01\/img-20250109-wa01495485621984845677856.jpg 1600w\" sizes=\"auto, (max-width: 1024px) 100vw, 1024px\" \/><\/figure>\n\n\n\n<figure class=\"wp-block-image\"><img loading=\"lazy\" decoding=\"async\" width=\"1024\" height=\"768\" src=\"https:\/\/plumanegranoticias.com\/wp-content\/uploads\/2025\/01\/img-20250109-wa01488077256685634991676-1024x768.jpg\" alt=\"\" class=\"wp-image-7997\" srcset=\"https:\/\/plumanegranoticias.com\/wp-content\/uploads\/2025\/01\/img-20250109-wa01488077256685634991676-1024x768.jpg 1024w, https:\/\/plumanegranoticias.com\/wp-content\/uploads\/2025\/01\/img-20250109-wa01488077256685634991676-300x225.jpg 300w, https:\/\/plumanegranoticias.com\/wp-content\/uploads\/2025\/01\/img-20250109-wa01488077256685634991676-768x576.jpg 768w, https:\/\/plumanegranoticias.com\/wp-content\/uploads\/2025\/01\/img-20250109-wa01488077256685634991676-1536x1152.jpg 1536w, https:\/\/plumanegranoticias.com\/wp-content\/uploads\/2025\/01\/img-20250109-wa01488077256685634991676-400x300.jpg 400w, https:\/\/plumanegranoticias.com\/wp-content\/uploads\/2025\/01\/img-20250109-wa01488077256685634991676.jpg 1600w\" sizes=\"auto, (max-width: 1024px) 100vw, 1024px\" \/><\/figure>\n","protected":false},"excerpt":{"rendered":"<p>Ciudadanos de origen venezolano, se manifestaron en el bulevar Manuel \u00c1vila Camacho de Veracruz, para rechazar la toma de protesta del nuevo periodo del Presidente Nicol\u00e1s Maduroe Nicol\u00e1s y la detenci\u00f3n de la lideresa opositora, Mar\u00eda Corina Machado tras las manifestaciones en Venezuela. Los venezolanos llegaron a la Plaza de la bandera monumental con banderas&#8230; <\/p>\n<div class=\"clear\"><\/div>\n<p><a href=\"https:\/\/plumanegranoticias.com\/?p=7998\" class=\"excerpt-read-more\">Read More<i class=\"fa fa-caret-right icon-caret-right\"><\/i><\/a><\/p>\n","protected":false},"author":2,"featured_media":8000,"comment_status":"open","ping_status":"open","sticky":false,"template":"","format":"standard","meta":{"om_disable_all_campaigns":false,"_monsterinsights_skip_tracking":false,"_monsterinsights_sitenote_active":false,"_monsterinsights_sitenote_note":"","_monsterinsights_sitenote_category":0,"_uf_show_specific_survey":0,"_uf_disable_surveys":false,"footnotes":""},"categories":[1],"tags":[28,22,18,34,61],"class_list":["post-7998","post","type-post","status-publish","format-standard","has-post-thumbnail","hentry","category-blog","tag-nacionales","tag-nota-roja","tag-noticia","tag-policiaca","tag-politica"],"aioseo_notices":[],"_links":{"self":[{"href":"https:\/\/plumanegranoticias.com\/index.php?rest_route=\/wp\/v2\/posts\/7998","targetHints":{"allow":["GET"]}}],"collection":[{"href":"https:\/\/plumanegranoticias.com\/index.php?rest_route=\/wp\/v2\/posts"}],"about":[{"href":"https:\/\/plumanegranoticias.com\/index.php?rest_route=\/wp\/v2\/types\/post"}],"author":[{"embeddable":true,"href":"https:\/\/plumanegranoticias.com\/index.php?rest_route=\/wp\/v2\/users\/2"}],"replies":[{"embeddable":true,"href":"https:\/\/plumanegranoticias.com\/index.php?rest_route=%2Fwp%2Fv2%2Fcomments&post=7998"}],"version-history":[{"count":2,"href":"https:\/\/plumanegranoticias.com\/index.php?rest_route=\/wp\/v2\/posts\/7998\/revisions"}],"predecessor-version":[{"id":8001,"href":"https:\/\/plumanegranoticias.com\/index.php?rest_route=\/wp\/v2\/posts\/7998\/revisions\/8001"}],"wp:featuredmedia":[{"embeddable":true,"href":"https:\/\/plumanegranoticias.com\/index.php?rest_route=\/wp\/v2\/media\/8000"}],"wp:attachment":[{"href":"https:\/\/plumanegranoticias.com\/index.php?rest_route=%2Fwp%2Fv2%2Fmedia&parent=7998"}],"wp:term":[{"taxonomy":"category","embeddable":true,"href":"https:\/\/plumanegranoticias.com\/index.php?rest_route=%2Fwp%2Fv2%2Fcategories&post=7998"},{"taxonomy":"post_tag","embeddable":true,"href":"https:\/\/plumanegranoticias.com\/index.php?rest_route=%2Fwp%2Fv2%2Ftags&post=7998"}],"curies":[{"name":"wp","href":"https:\/\/api.w.org\/{rel}","templated":true}]}}