{"id":8343,"date":"2025-01-20T14:07:58","date_gmt":"2025-01-20T20:07:58","guid":{"rendered":"https:\/\/plumanegranoticias.com\/?p=8343"},"modified":"2025-01-20T14:08:25","modified_gmt":"2025-01-20T20:08:25","slug":"autoriza-sev-corrimiento-de-horario-en-educacion-basica-por-bajas-temperaturas","status":"publish","type":"post","link":"https:\/\/plumanegranoticias.com\/?p=8343","title":{"rendered":"Autoriza SEV corrimiento de horario en educaci\u00f3n b\u00e1sica por bajas temperaturas"},"content":{"rendered":"\n<p class=\"wp-block-paragraph\">La medida se implementar\u00e1 \u00fanicamente en aquellas escuelas en donde los padres de familia y el Consejo T\u00e9cnico Escolar lo acuerden<\/p>\n\n\n\n<p class=\"wp-block-paragraph\">\u00c1ngeles Gonz\u00e1lez Ceballos<br>Xalapa, Ver.,La Secretar\u00eda de Educaci\u00f3n de Veracruz (SEV), anunci\u00f3 que habr\u00e1 corrimiento de horario a partir de este lunes y hasta el 28 de febrero, pero no defini\u00f3 en qu\u00e9 municipios.<\/p>\n\n\n\n<p class=\"wp-block-paragraph\">La medida es para poder ingresar 30 minutos m\u00e1s tarde de sus horarios oficiales y se respetar\u00e1 el horario de la salida habitual.<\/p>\n\n\n\n<p class=\"wp-block-paragraph\">La m\u00e9dica aplicar\u00e1 en planteles de preescolar, primaria, secundarias y Centros de Atenci\u00f3n M\u00faltiple, todas del turno matutino.<\/p>\n\n\n\n<p class=\"wp-block-paragraph\">En tanto que las primarias y secundarias generales, t\u00e9cnicas y telesecundarias con turno vespertino la salida ser\u00e1 30 minutos antes de su horario habitual.<\/p>\n\n\n\n<p class=\"wp-block-paragraph\">Con respecto a las escuelas nocturnas, se mantendr\u00e1 su horario regular.<\/p>\n\n\n\n<p class=\"wp-block-paragraph\">El objetivo es proteger a las y los estudiantes de enfermedades respiratorias.<\/p>\n\n\n\n<p class=\"wp-block-paragraph\">La SEV aclar\u00f3 que la medida se implementar\u00e1 \u00fanicamente en aquellas escuelas en donde los padres de familia y el Consejo T\u00e9cnico Escolar consideren su procedencia.<\/p>\n\n\n\n<p class=\"wp-block-paragraph\">El cambio no deber\u00e1 afectar al personal docente ni administrativo, ya que mantendr\u00e1n su jornada laboral establecida.<\/p>\n\n\n\n<p class=\"wp-block-paragraph\">La dependencia exhort\u00f3 a las familias a seguir las recomendaciones del sector salud, asegur\u00e1ndose de cumplir con los esquemas de vacunaci\u00f3n en menores, vestirlos adecuadamente para el fr\u00edo y fomentar una alimentaci\u00f3n saludable.<\/p>\n\n\n\n<p class=\"wp-block-paragraph\">Asimismo, instruy\u00f3 a las autoridades a acatar las medidas de prevenci\u00f3n y las recomendaciones emitidas por el Consejo Estatal de Protecci\u00f3n Civil, garantizando el resguardo de los edificios escolares y la seguridad de la comunidad educativa.<\/p>\n\n\n\n<figure class=\"wp-block-image size-large\"><img loading=\"lazy\" decoding=\"async\" width=\"1024\" height=\"682\" src=\"https:\/\/plumanegranoticias.com\/wp-content\/uploads\/2025\/01\/img-20250120-wa01436217333973204513594-1024x682.jpg\" alt=\"\" class=\"wp-image-8342\" srcset=\"https:\/\/plumanegranoticias.com\/wp-content\/uploads\/2025\/01\/img-20250120-wa01436217333973204513594-1024x682.jpg 1024w, https:\/\/plumanegranoticias.com\/wp-content\/uploads\/2025\/01\/img-20250120-wa01436217333973204513594-300x200.jpg 300w, https:\/\/plumanegranoticias.com\/wp-content\/uploads\/2025\/01\/img-20250120-wa01436217333973204513594-768x512.jpg 768w, https:\/\/plumanegranoticias.com\/wp-content\/uploads\/2025\/01\/img-20250120-wa01436217333973204513594-1536x1023.jpg 1536w, https:\/\/plumanegranoticias.com\/wp-content\/uploads\/2025\/01\/img-20250120-wa01436217333973204513594.jpg 1600w\" sizes=\"auto, (max-width: 1024px) 100vw, 1024px\" \/><\/figure>\n","protected":false},"excerpt":{"rendered":"<p>La medida se implementar\u00e1 \u00fanicamente en aquellas escuelas en donde los padres de familia y el Consejo T\u00e9cnico Escolar lo acuerden \u00c1ngeles Gonz\u00e1lez CeballosXalapa, Ver.,La Secretar\u00eda de Educaci\u00f3n de Veracruz (SEV), anunci\u00f3 que habr\u00e1 corrimiento de horario a partir de este lunes y hasta el 28 de febrero, pero no defini\u00f3 en qu\u00e9 municipios. La&#8230; <\/p>\n<div class=\"clear\"><\/div>\n<p><a href=\"https:\/\/plumanegranoticias.com\/?p=8343\" class=\"excerpt-read-more\">Read More<i class=\"fa fa-caret-right icon-caret-right\"><\/i><\/a><\/p>\n","protected":false},"author":2,"featured_media":8345,"comment_status":"open","ping_status":"open","sticky":false,"template":"","format":"standard","meta":{"om_disable_all_campaigns":false,"_monsterinsights_skip_tracking":false,"_uf_show_specific_survey":0,"_uf_disable_surveys":false,"footnotes":""},"categories":[1],"tags":[18,61,19],"class_list":["post-8343","post","type-post","status-publish","format-standard","has-post-thumbnail","hentry","category-blog","tag-noticia","tag-politica","tag-regional"],"aioseo_notices":[],"aioseo_head":"\n\t\t<!-- All in One SEO 5.0.0.1 - aioseo.com -->\n\t<meta name=\"description\" content=\"La medida se implementar\u00e1 \u00fanicamente en aquellas escuelas en donde los padres de familia y el Consejo T\u00e9cnico Escolar lo acuerden \u00c1ngeles Gonz\u00e1lez CeballosXalapa, Ver.,La Secretar\u00eda de Educaci\u00f3n de Veracruz (SEV), anunci\u00f3 que habr\u00e1 corrimiento de horario a partir de este lunes y hasta el 28 de febrero, pero no defini\u00f3 en qu\u00e9 municipios. La\" \/>\n\t<meta name=\"robots\" content=\"max-image-preview:large\" \/>\n\t<meta name=\"author\" content=\"Ignacio \u00c1lvarez\"\/>\n\t<link rel=\"canonical\" href=\"https:\/\/plumanegranoticias.com\/?p=8343\" \/>\n\t<meta name=\"generator\" content=\"All in One SEO (AIOSEO) 5.0.0.1\" \/>\n\t\t<meta property=\"og:locale\" content=\"es_MX\" \/>\n\t\t<meta property=\"og:site_name\" content=\"plumanegranoticias.com -\" \/>\n\t\t<meta property=\"og:type\" content=\"article\" \/>\n\t\t<meta property=\"og:title\" content=\"Autoriza SEV corrimiento de horario en educaci\u00f3n b\u00e1sica por bajas temperaturas - plumanegranoticias.com\" \/>\n\t\t<meta property=\"og:description\" content=\"La medida se implementar\u00e1 \u00fanicamente en aquellas escuelas en donde los padres de familia y el Consejo T\u00e9cnico Escolar lo acuerden \u00c1ngeles Gonz\u00e1lez CeballosXalapa, Ver.,La Secretar\u00eda de Educaci\u00f3n de Veracruz (SEV), anunci\u00f3 que habr\u00e1 corrimiento de horario a partir de este lunes y hasta el 28 de febrero, pero no defini\u00f3 en qu\u00e9 municipios. La\" \/>\n\t\t<meta property=\"og:url\" content=\"https:\/\/plumanegranoticias.com\/?p=8343\" \/>\n\t\t<meta property=\"article:published_time\" content=\"2025-01-20T20:07:58+00:00\" \/>\n\t\t<meta property=\"article:modified_time\" content=\"2025-01-20T20:08:25+00:00\" \/>\n\t\t<meta name=\"twitter:card\" content=\"summary_large_image\" \/>\n\t\t<meta name=\"twitter:title\" content=\"Autoriza SEV corrimiento de horario en educaci\u00f3n b\u00e1sica por bajas temperaturas - plumanegranoticias.com\" \/>\n\t\t<meta name=\"twitter:description\" content=\"La medida se implementar\u00e1 \u00fanicamente en aquellas escuelas en donde los padres de familia y el Consejo T\u00e9cnico Escolar lo acuerden \u00c1ngeles Gonz\u00e1lez CeballosXalapa, Ver.,La Secretar\u00eda de Educaci\u00f3n de Veracruz (SEV), anunci\u00f3 que habr\u00e1 corrimiento de horario a partir de este lunes y hasta el 28 de febrero, pero no defini\u00f3 en qu\u00e9 municipios. La\" \/>\n\t\t<script type=\"application\/ld+json\" class=\"aioseo-schema\">\n\t\t\t{\"@context\":\"https:\\\/\\\/schema.org\",\"@graph\":[{\"@type\":\"BlogPosting\",\"@id\":\"https:\\\/\\\/plumanegranoticias.com\\\/?p=8343#blogposting\",\"name\":\"Autoriza SEV corrimiento de horario en educaci\\u00f3n b\\u00e1sica por bajas temperaturas - plumanegranoticias.com\",\"headline\":\"Autoriza SEV corrimiento de horario en educaci\\u00f3n b\\u00e1sica por bajas temperaturas\",\"author\":{\"@id\":\"https:\\\/\\\/plumanegranoticias.com\\\/?author=2#author\"},\"publisher\":{\"@id\":\"https:\\\/\\\/plumanegranoticias.com\\\/#organization\"},\"image\":{\"@type\":\"ImageObject\",\"url\":\"https:\\\/\\\/plumanegranoticias.com\\\/wp-content\\\/uploads\\\/2025\\\/01\\\/IMG-20250120-WA0143.jpg\",\"width\":1600,\"height\":1066},\"datePublished\":\"2025-01-20T14:07:58-06:00\",\"dateModified\":\"2025-01-20T14:08:25-06:00\",\"inLanguage\":\"es-MX\",\"mainEntityOfPage\":{\"@id\":\"https:\\\/\\\/plumanegranoticias.com\\\/?p=8343#webpage\"},\"isPartOf\":{\"@id\":\"https:\\\/\\\/plumanegranoticias.com\\\/?p=8343#webpage\"},\"articleSection\":\"Blog, Noticia, Pol\\u00edtica, Regional\"},{\"@type\":\"BreadcrumbList\",\"@id\":\"https:\\\/\\\/plumanegranoticias.com\\\/?p=8343#breadcrumblist\",\"itemListElement\":[{\"@type\":\"ListItem\",\"@id\":\"https:\\\/\\\/plumanegranoticias.com#listItem\",\"position\":1,\"name\":\"Home\",\"item\":\"https:\\\/\\\/plumanegranoticias.com\",\"nextItem\":{\"@type\":\"ListItem\",\"@id\":\"https:\\\/\\\/plumanegranoticias.com\\\/?cat=1#listItem\",\"name\":\"Blog\"}},{\"@type\":\"ListItem\",\"@id\":\"https:\\\/\\\/plumanegranoticias.com\\\/?cat=1#listItem\",\"position\":2,\"name\":\"Blog\",\"item\":\"https:\\\/\\\/plumanegranoticias.com\\\/?cat=1\",\"nextItem\":{\"@type\":\"ListItem\",\"@id\":\"https:\\\/\\\/plumanegranoticias.com\\\/?p=8343#listItem\",\"name\":\"Autoriza SEV corrimiento de horario en educaci\\u00f3n b\\u00e1sica por bajas temperaturas\"},\"previousItem\":{\"@type\":\"ListItem\",\"@id\":\"https:\\\/\\\/plumanegranoticias.com#listItem\",\"name\":\"Home\"}},{\"@type\":\"ListItem\",\"@id\":\"https:\\\/\\\/plumanegranoticias.com\\\/?p=8343#listItem\",\"position\":3,\"name\":\"Autoriza SEV corrimiento de horario en educaci\\u00f3n b\\u00e1sica por bajas temperaturas\",\"previousItem\":{\"@type\":\"ListItem\",\"@id\":\"https:\\\/\\\/plumanegranoticias.com\\\/?cat=1#listItem\",\"name\":\"Blog\"}}]},{\"@type\":\"Organization\",\"@id\":\"https:\\\/\\\/plumanegranoticias.com\\\/#organization\",\"name\":\"plumanegranoticias.com\",\"url\":\"https:\\\/\\\/plumanegranoticias.com\\\/\"},{\"@type\":\"Person\",\"@id\":\"https:\\\/\\\/plumanegranoticias.com\\\/?author=2#author\",\"url\":\"https:\\\/\\\/plumanegranoticias.com\\\/?author=2\",\"name\":\"Ignacio \\u00c1lvarez\",\"image\":{\"@type\":\"ImageObject\",\"@id\":\"https:\\\/\\\/plumanegranoticias.com\\\/?p=8343#authorImage\",\"url\":\"https:\\\/\\\/secure.gravatar.com\\\/avatar\\\/50d15f5139fd84e7a48ef23fcd81dc58ca9890401d4d15ad86caf43620b1771f?s=96&d=mm&r=g\",\"width\":96,\"height\":96,\"caption\":\"Ignacio \\u00c1lvarez\"}},{\"@type\":\"WebPage\",\"@id\":\"https:\\\/\\\/plumanegranoticias.com\\\/?p=8343#webpage\",\"url\":\"https:\\\/\\\/plumanegranoticias.com\\\/?p=8343\",\"name\":\"Autoriza SEV corrimiento de horario en educaci\\u00f3n b\\u00e1sica por bajas temperaturas - plumanegranoticias.com\",\"description\":\"La medida se implementar\\u00e1 \\u00fanicamente en aquellas escuelas en donde los padres de familia y el Consejo T\\u00e9cnico Escolar lo acuerden \\u00c1ngeles Gonz\\u00e1lez CeballosXalapa, Ver.,La Secretar\\u00eda de Educaci\\u00f3n de Veracruz (SEV), anunci\\u00f3 que habr\\u00e1 corrimiento de horario a partir de este lunes y hasta el 28 de febrero, pero no defini\\u00f3 en qu\\u00e9 municipios. La\",\"inLanguage\":\"es-MX\",\"isPartOf\":{\"@id\":\"https:\\\/\\\/plumanegranoticias.com\\\/#website\"},\"breadcrumb\":{\"@id\":\"https:\\\/\\\/plumanegranoticias.com\\\/?p=8343#breadcrumblist\"},\"author\":{\"@id\":\"https:\\\/\\\/plumanegranoticias.com\\\/?author=2#author\"},\"creator\":{\"@id\":\"https:\\\/\\\/plumanegranoticias.com\\\/?author=2#author\"},\"image\":{\"@type\":\"ImageObject\",\"url\":\"https:\\\/\\\/plumanegranoticias.com\\\/wp-content\\\/uploads\\\/2025\\\/01\\\/IMG-20250120-WA0143.jpg\",\"@id\":\"https:\\\/\\\/plumanegranoticias.com\\\/?p=8343\\\/#mainImage\",\"width\":1600,\"height\":1066},\"primaryImageOfPage\":{\"@id\":\"https:\\\/\\\/plumanegranoticias.com\\\/?p=8343#mainImage\"},\"datePublished\":\"2025-01-20T14:07:58-06:00\",\"dateModified\":\"2025-01-20T14:08:25-06:00\"},{\"@type\":\"WebSite\",\"@id\":\"https:\\\/\\\/plumanegranoticias.com\\\/#website\",\"url\":\"https:\\\/\\\/plumanegranoticias.com\\\/\",\"name\":\"plumanegranoticias.com\",\"inLanguage\":\"es-MX\",\"publisher\":{\"@id\":\"https:\\\/\\\/plumanegranoticias.com\\\/#organization\"}}]}\n\t\t<\/script>\n\t\t<!-- All in One SEO -->\n\n","aioseo_head_json":{"title":"Autoriza SEV corrimiento de horario en educaci\u00f3n b\u00e1sica por bajas temperaturas - plumanegranoticias.com","description":"La medida se implementar\u00e1 \u00fanicamente en aquellas escuelas en donde los padres de familia y el Consejo T\u00e9cnico Escolar lo acuerden \u00c1ngeles Gonz\u00e1lez CeballosXalapa, Ver.,La Secretar\u00eda de Educaci\u00f3n de Veracruz (SEV), anunci\u00f3 que habr\u00e1 corrimiento de horario a partir de este lunes y hasta el 28 de febrero, pero no defini\u00f3 en qu\u00e9 municipios. La","canonical_url":"https:\/\/plumanegranoticias.com\/?p=8343","robots":"max-image-preview:large","keywords":"","webmasterTools":{"miscellaneous":""},"schema":{"@context":"https:\/\/schema.org","@graph":[{"@type":"BlogPosting","@id":"https:\/\/plumanegranoticias.com\/?p=8343#blogposting","name":"Autoriza SEV corrimiento de horario en educaci\u00f3n b\u00e1sica por bajas temperaturas - plumanegranoticias.com","headline":"Autoriza SEV corrimiento de horario en educaci\u00f3n b\u00e1sica por bajas temperaturas","author":{"@id":"https:\/\/plumanegranoticias.com\/?author=2#author"},"publisher":{"@id":"https:\/\/plumanegranoticias.com\/#organization"},"image":{"@type":"ImageObject","url":"https:\/\/plumanegranoticias.com\/wp-content\/uploads\/2025\/01\/IMG-20250120-WA0143.jpg","width":1600,"height":1066},"datePublished":"2025-01-20T14:07:58-06:00","dateModified":"2025-01-20T14:08:25-06:00","inLanguage":"es-MX","mainEntityOfPage":{"@id":"https:\/\/plumanegranoticias.com\/?p=8343#webpage"},"isPartOf":{"@id":"https:\/\/plumanegranoticias.com\/?p=8343#webpage"},"articleSection":"Blog, Noticia, Pol\u00edtica, Regional"},{"@type":"BreadcrumbList","@id":"https:\/\/plumanegranoticias.com\/?p=8343#breadcrumblist","itemListElement":[{"@type":"ListItem","@id":"https:\/\/plumanegranoticias.com#listItem","position":1,"name":"Home","item":"https:\/\/plumanegranoticias.com","nextItem":{"@type":"ListItem","@id":"https:\/\/plumanegranoticias.com\/?cat=1#listItem","name":"Blog"}},{"@type":"ListItem","@id":"https:\/\/plumanegranoticias.com\/?cat=1#listItem","position":2,"name":"Blog","item":"https:\/\/plumanegranoticias.com\/?cat=1","nextItem":{"@type":"ListItem","@id":"https:\/\/plumanegranoticias.com\/?p=8343#listItem","name":"Autoriza SEV corrimiento de horario en educaci\u00f3n b\u00e1sica por bajas temperaturas"},"previousItem":{"@type":"ListItem","@id":"https:\/\/plumanegranoticias.com#listItem","name":"Home"}},{"@type":"ListItem","@id":"https:\/\/plumanegranoticias.com\/?p=8343#listItem","position":3,"name":"Autoriza SEV corrimiento de horario en educaci\u00f3n b\u00e1sica por bajas temperaturas","previousItem":{"@type":"ListItem","@id":"https:\/\/plumanegranoticias.com\/?cat=1#listItem","name":"Blog"}}]},{"@type":"Organization","@id":"https:\/\/plumanegranoticias.com\/#organization","name":"plumanegranoticias.com","url":"https:\/\/plumanegranoticias.com\/"},{"@type":"Person","@id":"https:\/\/plumanegranoticias.com\/?author=2#author","url":"https:\/\/plumanegranoticias.com\/?author=2","name":"Ignacio \u00c1lvarez","image":{"@type":"ImageObject","@id":"https:\/\/plumanegranoticias.com\/?p=8343#authorImage","url":"https:\/\/secure.gravatar.com\/avatar\/50d15f5139fd84e7a48ef23fcd81dc58ca9890401d4d15ad86caf43620b1771f?s=96&d=mm&r=g","width":96,"height":96,"caption":"Ignacio \u00c1lvarez"}},{"@type":"WebPage","@id":"https:\/\/plumanegranoticias.com\/?p=8343#webpage","url":"https:\/\/plumanegranoticias.com\/?p=8343","name":"Autoriza SEV corrimiento de horario en educaci\u00f3n b\u00e1sica por bajas temperaturas - plumanegranoticias.com","description":"La medida se implementar\u00e1 \u00fanicamente en aquellas escuelas en donde los padres de familia y el Consejo T\u00e9cnico Escolar lo acuerden \u00c1ngeles Gonz\u00e1lez CeballosXalapa, Ver.,La Secretar\u00eda de Educaci\u00f3n de Veracruz (SEV), anunci\u00f3 que habr\u00e1 corrimiento de horario a partir de este lunes y hasta el 28 de febrero, pero no defini\u00f3 en qu\u00e9 municipios. La","inLanguage":"es-MX","isPartOf":{"@id":"https:\/\/plumanegranoticias.com\/#website"},"breadcrumb":{"@id":"https:\/\/plumanegranoticias.com\/?p=8343#breadcrumblist"},"author":{"@id":"https:\/\/plumanegranoticias.com\/?author=2#author"},"creator":{"@id":"https:\/\/plumanegranoticias.com\/?author=2#author"},"image":{"@type":"ImageObject","url":"https:\/\/plumanegranoticias.com\/wp-content\/uploads\/2025\/01\/IMG-20250120-WA0143.jpg","@id":"https:\/\/plumanegranoticias.com\/?p=8343\/#mainImage","width":1600,"height":1066},"primaryImageOfPage":{"@id":"https:\/\/plumanegranoticias.com\/?p=8343#mainImage"},"datePublished":"2025-01-20T14:07:58-06:00","dateModified":"2025-01-20T14:08:25-06:00"},{"@type":"WebSite","@id":"https:\/\/plumanegranoticias.com\/#website","url":"https:\/\/plumanegranoticias.com\/","name":"plumanegranoticias.com","inLanguage":"es-MX","publisher":{"@id":"https:\/\/plumanegranoticias.com\/#organization"}}]},"og:locale":"es_MX","og:site_name":"plumanegranoticias.com -","og:type":"article","og:title":"Autoriza SEV corrimiento de horario en educaci\u00f3n b\u00e1sica por bajas temperaturas - plumanegranoticias.com","og:description":"La medida se implementar\u00e1 \u00fanicamente en aquellas escuelas en donde los padres de familia y el Consejo T\u00e9cnico Escolar lo acuerden \u00c1ngeles Gonz\u00e1lez CeballosXalapa, Ver.,La Secretar\u00eda de Educaci\u00f3n de Veracruz (SEV), anunci\u00f3 que habr\u00e1 corrimiento de horario a partir de este lunes y hasta el 28 de febrero, pero no defini\u00f3 en qu\u00e9 municipios. La","og:url":"https:\/\/plumanegranoticias.com\/?p=8343","article:published_time":"2025-01-20T20:07:58+00:00","article:modified_time":"2025-01-20T20:08:25+00:00","twitter:card":"summary_large_image","twitter:title":"Autoriza SEV corrimiento de horario en educaci\u00f3n b\u00e1sica por bajas temperaturas - plumanegranoticias.com","twitter:description":"La medida se implementar\u00e1 \u00fanicamente en aquellas escuelas en donde los padres de familia y el Consejo T\u00e9cnico Escolar lo acuerden \u00c1ngeles Gonz\u00e1lez CeballosXalapa, Ver.,La Secretar\u00eda de Educaci\u00f3n de Veracruz (SEV), anunci\u00f3 que habr\u00e1 corrimiento de horario a partir de este lunes y hasta el 28 de febrero, pero no defini\u00f3 en qu\u00e9 municipios. La"},"aioseo_meta_data":{"post_id":"8343","title":null,"description":null,"keywords":null,"keyphrases":null,"primary_term":null,"canonical_url":null,"og_title":null,"og_description":null,"og_object_type":"default","og_image_type":"default","og_image_url":null,"og_image_width":null,"og_image_height":null,"og_image_custom_url":null,"og_image_custom_fields":null,"og_video":null,"og_custom_url":null,"og_article_section":null,"og_article_tags":null,"twitter_use_og":false,"twitter_card":"default","twitter_image_type":"default","twitter_image_url":null,"twitter_image_custom_url":null,"twitter_image_custom_fields":null,"twitter_title":null,"twitter_description":null,"schema":{"blockGraphs":[],"customGraphs":[],"default":{"data":{"Article":[],"Course":[],"Dataset":[],"FAQPage":[],"Movie":[],"Person":[],"Product":[],"ProductReview":[],"Car":[],"Recipe":[],"Service":[],"SoftwareApplication":[],"WebPage":[]},"graphName":"","isEnabled":true},"graphs":[]},"schema_type":"default","schema_type_options":null,"pillar_content":false,"robots_default":true,"robots_noindex":false,"robots_noarchive":false,"robots_nosnippet":false,"robots_nofollow":false,"robots_noimageindex":false,"robots_noodp":false,"robots_notranslate":false,"robots_max_snippet":null,"robots_max_videopreview":null,"robots_max_imagepreview":"large","priority":null,"frequency":null,"local_seo":null,"breadcrumb_settings":null,"limit_modified_date":false,"ai":null,"created":"2025-01-20 20:12:23","updated":"2025-09-24 03:07:19","seo_analyzer_scan_date":null,"focus_keyword":null,"additional_keywords":null,"truseo_locale":null},"aioseo_breadcrumb":"<div class=\"aioseo-breadcrumbs\"><span class=\"aioseo-breadcrumb\">\n\t\t\t<a href=\"https:\/\/plumanegranoticias.com\" title=\"Home\">Home<\/a>\n\t\t<\/span><span class=\"aioseo-breadcrumb-separator\">&raquo;<\/span><span class=\"aioseo-breadcrumb\">\n\t\t\t<a href=\"https:\/\/plumanegranoticias.com\/?cat=1\" title=\"Blog\">Blog<\/a>\n\t\t<\/span><span class=\"aioseo-breadcrumb-separator\">&raquo;<\/span><span class=\"aioseo-breadcrumb\">\n\t\t\tAutoriza SEV corrimiento de horario en educaci\u00f3n b\u00e1sica por bajas temperaturas\n\t\t<\/span><\/div>","aioseo_breadcrumb_json":[{"label":"Home","link":"https:\/\/plumanegranoticias.com"},{"label":"Blog","link":"https:\/\/plumanegranoticias.com\/?cat=1"},{"label":"Autoriza SEV corrimiento de horario en educaci\u00f3n b\u00e1sica por bajas temperaturas","link":"https:\/\/plumanegranoticias.com\/?p=8343"}],"_links":{"self":[{"href":"https:\/\/plumanegranoticias.com\/index.php?rest_route=\/wp\/v2\/posts\/8343","targetHints":{"allow":["GET"]}}],"collection":[{"href":"https:\/\/plumanegranoticias.com\/index.php?rest_route=\/wp\/v2\/posts"}],"about":[{"href":"https:\/\/plumanegranoticias.com\/index.php?rest_route=\/wp\/v2\/types\/post"}],"author":[{"embeddable":true,"href":"https:\/\/plumanegranoticias.com\/index.php?rest_route=\/wp\/v2\/users\/2"}],"replies":[{"embeddable":true,"href":"https:\/\/plumanegranoticias.com\/index.php?rest_route=%2Fwp%2Fv2%2Fcomments&post=8343"}],"version-history":[{"count":1,"href":"https:\/\/plumanegranoticias.com\/index.php?rest_route=\/wp\/v2\/posts\/8343\/revisions"}],"predecessor-version":[{"id":8344,"href":"https:\/\/plumanegranoticias.com\/index.php?rest_route=\/wp\/v2\/posts\/8343\/revisions\/8344"}],"wp:featuredmedia":[{"embeddable":true,"href":"https:\/\/plumanegranoticias.com\/index.php?rest_route=\/wp\/v2\/media\/8345"}],"wp:attachment":[{"href":"https:\/\/plumanegranoticias.com\/index.php?rest_route=%2Fwp%2Fv2%2Fmedia&parent=8343"}],"wp:term":[{"taxonomy":"category","embeddable":true,"href":"https:\/\/plumanegranoticias.com\/index.php?rest_route=%2Fwp%2Fv2%2Fcategories&post=8343"},{"taxonomy":"post_tag","embeddable":true,"href":"https:\/\/plumanegranoticias.com\/index.php?rest_route=%2Fwp%2Fv2%2Ftags&post=8343"}],"curies":[{"name":"wp","href":"https:\/\/api.w.org\/{rel}","templated":true}]}}