{"id":8549,"date":"2025-02-15T08:08:27","date_gmt":"2025-02-15T14:08:27","guid":{"rendered":"https:\/\/plumanegranoticias.com\/?p=8549"},"modified":"2025-02-16T22:18:03","modified_gmt":"2025-02-17T04:18:03","slug":"en-operativo-conjunto-con-fuerzas-federales-en-coatzacoalcos-se-aseguraron-granadas-armas-blancas-y-un-vehiculo","status":"publish","type":"post","link":"https:\/\/plumanegranoticias.com\/?p=8549","title":{"rendered":"EN OPERATIVO CONJUNTO CON FUERZAS FEDERALES EN COATZACOALCOS SE ASEGURARON GRANADAS, ARMAS BLANCAS Y UN VEH\u00cdCULO"},"content":{"rendered":"\n<p class=\"wp-block-paragraph\">Coatzacoalcos, Ver., a 15 de febrero del 2025.-La Fiscal\u00eda General del Estado informa que, Fiscales, Peritos y Polic\u00edas Ministeriales adscritos a la Fiscal\u00eda Regional Coatzacoalcos, en coordinaci\u00f3n con la Secretar\u00eda de la Defensa Nacional, Guardia Nacional y la Secretar\u00eda de Seguridad P\u00fablica Estatal, llevaron a cabo un cateo autorizado por un juez, en el fraccionamiento Las Dunas de este municipio.&nbsp;&nbsp;<\/p>\n\n\n\n<p class=\"wp-block-paragraph\">En el lugar fueron aseguradas 2 granadas de fragmentaci\u00f3n, armas blancas y un arma contuso contundente, documentos, b\u00e1sculas grameras, tel\u00e9fonos celulares, bolsas tipo ziploc para el probable empaquetado de droga, casquillos bal\u00edsticos, un veh\u00edculo de motocicleta y una cartulina con amenazas de un presunto grupo delictivo.&nbsp;<\/p>\n\n\n\n<figure class=\"wp-block-image size-large\"><img loading=\"lazy\" decoding=\"async\" width=\"300\" height=\"300\" src=\"https:\/\/plumanegranoticias.com\/wp-content\/uploads\/2025\/02\/img-20250215-wa00088299917981974446406-300x300.jpg\" alt=\"\" class=\"wp-image-8548\" srcset=\"https:\/\/plumanegranoticias.com\/wp-content\/uploads\/2025\/02\/img-20250215-wa00088299917981974446406-300x300.jpg 300w, https:\/\/plumanegranoticias.com\/wp-content\/uploads\/2025\/02\/img-20250215-wa00088299917981974446406-150x150.jpg 150w, https:\/\/plumanegranoticias.com\/wp-content\/uploads\/2025\/02\/img-20250215-wa00088299917981974446406-400x400.jpg 400w, https:\/\/plumanegranoticias.com\/wp-content\/uploads\/2025\/02\/img-20250215-wa00088299917981974446406.jpg 720w\" sizes=\"auto, (max-width: 300px) 100vw, 300px\" \/><\/figure>\n","protected":false},"excerpt":{"rendered":"<p>Coatzacoalcos, Ver., a 15 de febrero del 2025.-La Fiscal\u00eda General del Estado informa que, Fiscales, Peritos y Polic\u00edas Ministeriales adscritos a la Fiscal\u00eda Regional Coatzacoalcos, en coordinaci\u00f3n con la Secretar\u00eda de la Defensa Nacional, Guardia Nacional y la Secretar\u00eda de Seguridad P\u00fablica Estatal, llevaron a cabo un cateo autorizado por un juez, en el fraccionamiento&#8230; <\/p>\n<div class=\"clear\"><\/div>\n<p><a href=\"https:\/\/plumanegranoticias.com\/?p=8549\" class=\"excerpt-read-more\">Read More<i class=\"fa fa-caret-right icon-caret-right\"><\/i><\/a><\/p>\n","protected":false},"author":2,"featured_media":8551,"comment_status":"open","ping_status":"open","sticky":false,"template":"","format":"standard","meta":{"om_disable_all_campaigns":false,"_monsterinsights_skip_tracking":false,"_uf_show_specific_survey":0,"_uf_disable_surveys":false,"footnotes":""},"categories":[67],"tags":[18,61],"class_list":["post-8549","post","type-post","status-publish","format-standard","has-post-thumbnail","hentry","category-policiaca","tag-noticia","tag-politica"],"aioseo_notices":[],"aioseo_head":"\n\t\t<!-- All in One SEO 5.0.0.1 - aioseo.com -->\n\t<meta name=\"description\" content=\"Coatzacoalcos, Ver., a 15 de febrero del 2025.-La Fiscal\u00eda General del Estado informa que, Fiscales, Peritos y Polic\u00edas Ministeriales adscritos a la Fiscal\u00eda Regional Coatzacoalcos, en coordinaci\u00f3n con la Secretar\u00eda de la Defensa Nacional, Guardia Nacional y la Secretar\u00eda de Seguridad P\u00fablica Estatal, llevaron a cabo un cateo autorizado por un juez, en el fraccionamiento\" \/>\n\t<meta name=\"robots\" content=\"max-image-preview:large\" \/>\n\t<meta name=\"author\" content=\"Ignacio \u00c1lvarez\"\/>\n\t<link rel=\"canonical\" href=\"https:\/\/plumanegranoticias.com\/?p=8549\" \/>\n\t<meta name=\"generator\" content=\"All in One SEO (AIOSEO) 5.0.0.1\" \/>\n\t\t<meta property=\"og:locale\" content=\"es_MX\" \/>\n\t\t<meta property=\"og:site_name\" content=\"plumanegranoticias.com -\" \/>\n\t\t<meta property=\"og:type\" content=\"article\" \/>\n\t\t<meta property=\"og:title\" content=\"EN OPERATIVO CONJUNTO CON FUERZAS FEDERALES EN COATZACOALCOS SE ASEGURARON GRANADAS, ARMAS BLANCAS Y UN VEH\u00cdCULO - plumanegranoticias.com\" \/>\n\t\t<meta property=\"og:description\" content=\"Coatzacoalcos, Ver., a 15 de febrero del 2025.-La Fiscal\u00eda General del Estado informa que, Fiscales, Peritos y Polic\u00edas Ministeriales adscritos a la Fiscal\u00eda Regional Coatzacoalcos, en coordinaci\u00f3n con la Secretar\u00eda de la Defensa Nacional, Guardia Nacional y la Secretar\u00eda de Seguridad P\u00fablica Estatal, llevaron a cabo un cateo autorizado por un juez, en el fraccionamiento\" \/>\n\t\t<meta property=\"og:url\" content=\"https:\/\/plumanegranoticias.com\/?p=8549\" \/>\n\t\t<meta property=\"article:published_time\" content=\"2025-02-15T14:08:27+00:00\" \/>\n\t\t<meta property=\"article:modified_time\" content=\"2025-02-17T04:18:03+00:00\" \/>\n\t\t<meta name=\"twitter:card\" content=\"summary_large_image\" \/>\n\t\t<meta name=\"twitter:title\" content=\"EN OPERATIVO CONJUNTO CON FUERZAS FEDERALES EN COATZACOALCOS SE ASEGURARON GRANADAS, ARMAS BLANCAS Y UN VEH\u00cdCULO - plumanegranoticias.com\" \/>\n\t\t<meta name=\"twitter:description\" content=\"Coatzacoalcos, Ver., a 15 de febrero del 2025.-La Fiscal\u00eda General del Estado informa que, Fiscales, Peritos y Polic\u00edas Ministeriales adscritos a la Fiscal\u00eda Regional Coatzacoalcos, en coordinaci\u00f3n con la Secretar\u00eda de la Defensa Nacional, Guardia Nacional y la Secretar\u00eda de Seguridad P\u00fablica Estatal, llevaron a cabo un cateo autorizado por un juez, en el fraccionamiento\" \/>\n\t\t<script type=\"application\/ld+json\" class=\"aioseo-schema\">\n\t\t\t{\"@context\":\"https:\\\/\\\/schema.org\",\"@graph\":[{\"@type\":\"BlogPosting\",\"@id\":\"https:\\\/\\\/plumanegranoticias.com\\\/?p=8549#blogposting\",\"name\":\"EN OPERATIVO CONJUNTO CON FUERZAS FEDERALES EN COATZACOALCOS SE ASEGURARON GRANADAS, ARMAS BLANCAS Y UN VEH\\u00cdCULO - plumanegranoticias.com\",\"headline\":\"EN OPERATIVO CONJUNTO CON FUERZAS FEDERALES EN COATZACOALCOS SE ASEGURARON GRANADAS, ARMAS BLANCAS Y UN VEH\\u00cdCULO\",\"author\":{\"@id\":\"https:\\\/\\\/plumanegranoticias.com\\\/?author=2#author\"},\"publisher\":{\"@id\":\"https:\\\/\\\/plumanegranoticias.com\\\/#organization\"},\"image\":{\"@type\":\"ImageObject\",\"url\":\"https:\\\/\\\/plumanegranoticias.com\\\/wp-content\\\/uploads\\\/2025\\\/02\\\/IMG-20250215-WA0008.jpg\",\"width\":720,\"height\":720},\"datePublished\":\"2025-02-15T08:08:27-06:00\",\"dateModified\":\"2025-02-16T22:18:03-06:00\",\"inLanguage\":\"es-MX\",\"mainEntityOfPage\":{\"@id\":\"https:\\\/\\\/plumanegranoticias.com\\\/?p=8549#webpage\"},\"isPartOf\":{\"@id\":\"https:\\\/\\\/plumanegranoticias.com\\\/?p=8549#webpage\"},\"articleSection\":\"policiaca, Noticia, Pol\\u00edtica\"},{\"@type\":\"BreadcrumbList\",\"@id\":\"https:\\\/\\\/plumanegranoticias.com\\\/?p=8549#breadcrumblist\",\"itemListElement\":[{\"@type\":\"ListItem\",\"@id\":\"https:\\\/\\\/plumanegranoticias.com#listItem\",\"position\":1,\"name\":\"Home\",\"item\":\"https:\\\/\\\/plumanegranoticias.com\",\"nextItem\":{\"@type\":\"ListItem\",\"@id\":\"https:\\\/\\\/plumanegranoticias.com\\\/?cat=67#listItem\",\"name\":\"policiaca\"}},{\"@type\":\"ListItem\",\"@id\":\"https:\\\/\\\/plumanegranoticias.com\\\/?cat=67#listItem\",\"position\":2,\"name\":\"policiaca\",\"item\":\"https:\\\/\\\/plumanegranoticias.com\\\/?cat=67\",\"nextItem\":{\"@type\":\"ListItem\",\"@id\":\"https:\\\/\\\/plumanegranoticias.com\\\/?p=8549#listItem\",\"name\":\"EN OPERATIVO CONJUNTO CON FUERZAS FEDERALES EN COATZACOALCOS SE ASEGURARON GRANADAS, ARMAS BLANCAS Y UN VEH\\u00cdCULO\"},\"previousItem\":{\"@type\":\"ListItem\",\"@id\":\"https:\\\/\\\/plumanegranoticias.com#listItem\",\"name\":\"Home\"}},{\"@type\":\"ListItem\",\"@id\":\"https:\\\/\\\/plumanegranoticias.com\\\/?p=8549#listItem\",\"position\":3,\"name\":\"EN OPERATIVO CONJUNTO CON FUERZAS FEDERALES EN COATZACOALCOS SE ASEGURARON GRANADAS, ARMAS BLANCAS Y UN VEH\\u00cdCULO\",\"previousItem\":{\"@type\":\"ListItem\",\"@id\":\"https:\\\/\\\/plumanegranoticias.com\\\/?cat=67#listItem\",\"name\":\"policiaca\"}}]},{\"@type\":\"Organization\",\"@id\":\"https:\\\/\\\/plumanegranoticias.com\\\/#organization\",\"name\":\"plumanegranoticias.com\",\"url\":\"https:\\\/\\\/plumanegranoticias.com\\\/\"},{\"@type\":\"Person\",\"@id\":\"https:\\\/\\\/plumanegranoticias.com\\\/?author=2#author\",\"url\":\"https:\\\/\\\/plumanegranoticias.com\\\/?author=2\",\"name\":\"Ignacio \\u00c1lvarez\",\"image\":{\"@type\":\"ImageObject\",\"@id\":\"https:\\\/\\\/plumanegranoticias.com\\\/?p=8549#authorImage\",\"url\":\"https:\\\/\\\/secure.gravatar.com\\\/avatar\\\/50d15f5139fd84e7a48ef23fcd81dc58ca9890401d4d15ad86caf43620b1771f?s=96&d=mm&r=g\",\"width\":96,\"height\":96,\"caption\":\"Ignacio \\u00c1lvarez\"}},{\"@type\":\"WebPage\",\"@id\":\"https:\\\/\\\/plumanegranoticias.com\\\/?p=8549#webpage\",\"url\":\"https:\\\/\\\/plumanegranoticias.com\\\/?p=8549\",\"name\":\"EN OPERATIVO CONJUNTO CON FUERZAS FEDERALES EN COATZACOALCOS SE ASEGURARON GRANADAS, ARMAS BLANCAS Y UN VEH\\u00cdCULO - plumanegranoticias.com\",\"description\":\"Coatzacoalcos, Ver., a 15 de febrero del 2025.-La Fiscal\\u00eda General del Estado informa que, Fiscales, Peritos y Polic\\u00edas Ministeriales adscritos a la Fiscal\\u00eda Regional Coatzacoalcos, en coordinaci\\u00f3n con la Secretar\\u00eda de la Defensa Nacional, Guardia Nacional y la Secretar\\u00eda de Seguridad P\\u00fablica Estatal, llevaron a cabo un cateo autorizado por un juez, en el fraccionamiento\",\"inLanguage\":\"es-MX\",\"isPartOf\":{\"@id\":\"https:\\\/\\\/plumanegranoticias.com\\\/#website\"},\"breadcrumb\":{\"@id\":\"https:\\\/\\\/plumanegranoticias.com\\\/?p=8549#breadcrumblist\"},\"author\":{\"@id\":\"https:\\\/\\\/plumanegranoticias.com\\\/?author=2#author\"},\"creator\":{\"@id\":\"https:\\\/\\\/plumanegranoticias.com\\\/?author=2#author\"},\"image\":{\"@type\":\"ImageObject\",\"url\":\"https:\\\/\\\/plumanegranoticias.com\\\/wp-content\\\/uploads\\\/2025\\\/02\\\/IMG-20250215-WA0008.jpg\",\"@id\":\"https:\\\/\\\/plumanegranoticias.com\\\/?p=8549\\\/#mainImage\",\"width\":720,\"height\":720},\"primaryImageOfPage\":{\"@id\":\"https:\\\/\\\/plumanegranoticias.com\\\/?p=8549#mainImage\"},\"datePublished\":\"2025-02-15T08:08:27-06:00\",\"dateModified\":\"2025-02-16T22:18:03-06:00\"},{\"@type\":\"WebSite\",\"@id\":\"https:\\\/\\\/plumanegranoticias.com\\\/#website\",\"url\":\"https:\\\/\\\/plumanegranoticias.com\\\/\",\"name\":\"plumanegranoticias.com\",\"inLanguage\":\"es-MX\",\"publisher\":{\"@id\":\"https:\\\/\\\/plumanegranoticias.com\\\/#organization\"}}]}\n\t\t<\/script>\n\t\t<!-- All in One SEO -->\n\n","aioseo_head_json":{"title":"EN OPERATIVO CONJUNTO CON FUERZAS FEDERALES EN COATZACOALCOS SE ASEGURARON GRANADAS, ARMAS BLANCAS Y UN VEH\u00cdCULO - plumanegranoticias.com","description":"Coatzacoalcos, Ver., a 15 de febrero del 2025.-La Fiscal\u00eda General del Estado informa que, Fiscales, Peritos y Polic\u00edas Ministeriales adscritos a la Fiscal\u00eda Regional Coatzacoalcos, en coordinaci\u00f3n con la Secretar\u00eda de la Defensa Nacional, Guardia Nacional y la Secretar\u00eda de Seguridad P\u00fablica Estatal, llevaron a cabo un cateo autorizado por un juez, en el fraccionamiento","canonical_url":"https:\/\/plumanegranoticias.com\/?p=8549","robots":"max-image-preview:large","keywords":"","webmasterTools":{"miscellaneous":""},"schema":{"@context":"https:\/\/schema.org","@graph":[{"@type":"BlogPosting","@id":"https:\/\/plumanegranoticias.com\/?p=8549#blogposting","name":"EN OPERATIVO CONJUNTO CON FUERZAS FEDERALES EN COATZACOALCOS SE ASEGURARON GRANADAS, ARMAS BLANCAS Y UN VEH\u00cdCULO - plumanegranoticias.com","headline":"EN OPERATIVO CONJUNTO CON FUERZAS FEDERALES EN COATZACOALCOS SE ASEGURARON GRANADAS, ARMAS BLANCAS Y UN VEH\u00cdCULO","author":{"@id":"https:\/\/plumanegranoticias.com\/?author=2#author"},"publisher":{"@id":"https:\/\/plumanegranoticias.com\/#organization"},"image":{"@type":"ImageObject","url":"https:\/\/plumanegranoticias.com\/wp-content\/uploads\/2025\/02\/IMG-20250215-WA0008.jpg","width":720,"height":720},"datePublished":"2025-02-15T08:08:27-06:00","dateModified":"2025-02-16T22:18:03-06:00","inLanguage":"es-MX","mainEntityOfPage":{"@id":"https:\/\/plumanegranoticias.com\/?p=8549#webpage"},"isPartOf":{"@id":"https:\/\/plumanegranoticias.com\/?p=8549#webpage"},"articleSection":"policiaca, Noticia, Pol\u00edtica"},{"@type":"BreadcrumbList","@id":"https:\/\/plumanegranoticias.com\/?p=8549#breadcrumblist","itemListElement":[{"@type":"ListItem","@id":"https:\/\/plumanegranoticias.com#listItem","position":1,"name":"Home","item":"https:\/\/plumanegranoticias.com","nextItem":{"@type":"ListItem","@id":"https:\/\/plumanegranoticias.com\/?cat=67#listItem","name":"policiaca"}},{"@type":"ListItem","@id":"https:\/\/plumanegranoticias.com\/?cat=67#listItem","position":2,"name":"policiaca","item":"https:\/\/plumanegranoticias.com\/?cat=67","nextItem":{"@type":"ListItem","@id":"https:\/\/plumanegranoticias.com\/?p=8549#listItem","name":"EN OPERATIVO CONJUNTO CON FUERZAS FEDERALES EN COATZACOALCOS SE ASEGURARON GRANADAS, ARMAS BLANCAS Y UN VEH\u00cdCULO"},"previousItem":{"@type":"ListItem","@id":"https:\/\/plumanegranoticias.com#listItem","name":"Home"}},{"@type":"ListItem","@id":"https:\/\/plumanegranoticias.com\/?p=8549#listItem","position":3,"name":"EN OPERATIVO CONJUNTO CON FUERZAS FEDERALES EN COATZACOALCOS SE ASEGURARON GRANADAS, ARMAS BLANCAS Y UN VEH\u00cdCULO","previousItem":{"@type":"ListItem","@id":"https:\/\/plumanegranoticias.com\/?cat=67#listItem","name":"policiaca"}}]},{"@type":"Organization","@id":"https:\/\/plumanegranoticias.com\/#organization","name":"plumanegranoticias.com","url":"https:\/\/plumanegranoticias.com\/"},{"@type":"Person","@id":"https:\/\/plumanegranoticias.com\/?author=2#author","url":"https:\/\/plumanegranoticias.com\/?author=2","name":"Ignacio \u00c1lvarez","image":{"@type":"ImageObject","@id":"https:\/\/plumanegranoticias.com\/?p=8549#authorImage","url":"https:\/\/secure.gravatar.com\/avatar\/50d15f5139fd84e7a48ef23fcd81dc58ca9890401d4d15ad86caf43620b1771f?s=96&d=mm&r=g","width":96,"height":96,"caption":"Ignacio \u00c1lvarez"}},{"@type":"WebPage","@id":"https:\/\/plumanegranoticias.com\/?p=8549#webpage","url":"https:\/\/plumanegranoticias.com\/?p=8549","name":"EN OPERATIVO CONJUNTO CON FUERZAS FEDERALES EN COATZACOALCOS SE ASEGURARON GRANADAS, ARMAS BLANCAS Y UN VEH\u00cdCULO - plumanegranoticias.com","description":"Coatzacoalcos, Ver., a 15 de febrero del 2025.-La Fiscal\u00eda General del Estado informa que, Fiscales, Peritos y Polic\u00edas Ministeriales adscritos a la Fiscal\u00eda Regional Coatzacoalcos, en coordinaci\u00f3n con la Secretar\u00eda de la Defensa Nacional, Guardia Nacional y la Secretar\u00eda de Seguridad P\u00fablica Estatal, llevaron a cabo un cateo autorizado por un juez, en el fraccionamiento","inLanguage":"es-MX","isPartOf":{"@id":"https:\/\/plumanegranoticias.com\/#website"},"breadcrumb":{"@id":"https:\/\/plumanegranoticias.com\/?p=8549#breadcrumblist"},"author":{"@id":"https:\/\/plumanegranoticias.com\/?author=2#author"},"creator":{"@id":"https:\/\/plumanegranoticias.com\/?author=2#author"},"image":{"@type":"ImageObject","url":"https:\/\/plumanegranoticias.com\/wp-content\/uploads\/2025\/02\/IMG-20250215-WA0008.jpg","@id":"https:\/\/plumanegranoticias.com\/?p=8549\/#mainImage","width":720,"height":720},"primaryImageOfPage":{"@id":"https:\/\/plumanegranoticias.com\/?p=8549#mainImage"},"datePublished":"2025-02-15T08:08:27-06:00","dateModified":"2025-02-16T22:18:03-06:00"},{"@type":"WebSite","@id":"https:\/\/plumanegranoticias.com\/#website","url":"https:\/\/plumanegranoticias.com\/","name":"plumanegranoticias.com","inLanguage":"es-MX","publisher":{"@id":"https:\/\/plumanegranoticias.com\/#organization"}}]},"og:locale":"es_MX","og:site_name":"plumanegranoticias.com -","og:type":"article","og:title":"EN OPERATIVO CONJUNTO CON FUERZAS FEDERALES EN COATZACOALCOS SE ASEGURARON GRANADAS, ARMAS BLANCAS Y UN VEH\u00cdCULO - plumanegranoticias.com","og:description":"Coatzacoalcos, Ver., a 15 de febrero del 2025.-La Fiscal\u00eda General del Estado informa que, Fiscales, Peritos y Polic\u00edas Ministeriales adscritos a la Fiscal\u00eda Regional Coatzacoalcos, en coordinaci\u00f3n con la Secretar\u00eda de la Defensa Nacional, Guardia Nacional y la Secretar\u00eda de Seguridad P\u00fablica Estatal, llevaron a cabo un cateo autorizado por un juez, en el fraccionamiento","og:url":"https:\/\/plumanegranoticias.com\/?p=8549","article:published_time":"2025-02-15T14:08:27+00:00","article:modified_time":"2025-02-17T04:18:03+00:00","twitter:card":"summary_large_image","twitter:title":"EN OPERATIVO CONJUNTO CON FUERZAS FEDERALES EN COATZACOALCOS SE ASEGURARON GRANADAS, ARMAS BLANCAS Y UN VEH\u00cdCULO - plumanegranoticias.com","twitter:description":"Coatzacoalcos, Ver., a 15 de febrero del 2025.-La Fiscal\u00eda General del Estado informa que, Fiscales, Peritos y Polic\u00edas Ministeriales adscritos a la Fiscal\u00eda Regional Coatzacoalcos, en coordinaci\u00f3n con la Secretar\u00eda de la Defensa Nacional, Guardia Nacional y la Secretar\u00eda de Seguridad P\u00fablica Estatal, llevaron a cabo un cateo autorizado por un juez, en el fraccionamiento"},"aioseo_meta_data":{"post_id":"8549","title":null,"description":null,"keywords":null,"keyphrases":null,"primary_term":null,"canonical_url":null,"og_title":null,"og_description":null,"og_object_type":"default","og_image_type":"default","og_image_url":null,"og_image_width":null,"og_image_height":null,"og_image_custom_url":null,"og_image_custom_fields":null,"og_video":null,"og_custom_url":null,"og_article_section":null,"og_article_tags":null,"twitter_use_og":false,"twitter_card":"default","twitter_image_type":"default","twitter_image_url":null,"twitter_image_custom_url":null,"twitter_image_custom_fields":null,"twitter_title":null,"twitter_description":null,"schema":{"blockGraphs":[],"customGraphs":[],"default":{"data":{"Article":[],"Course":[],"Dataset":[],"FAQPage":[],"Movie":[],"Person":[],"Product":[],"ProductReview":[],"Car":[],"Recipe":[],"Service":[],"SoftwareApplication":[],"WebPage":[]},"graphName":"","isEnabled":true},"graphs":[]},"schema_type":"default","schema_type_options":null,"pillar_content":false,"robots_default":true,"robots_noindex":false,"robots_noarchive":false,"robots_nosnippet":false,"robots_nofollow":false,"robots_noimageindex":false,"robots_noodp":false,"robots_notranslate":false,"robots_max_snippet":null,"robots_max_videopreview":null,"robots_max_imagepreview":"large","priority":null,"frequency":null,"local_seo":null,"breadcrumb_settings":null,"limit_modified_date":false,"ai":null,"created":"2025-02-15 14:09:19","updated":"2025-09-24 03:12:38","seo_analyzer_scan_date":null,"focus_keyword":null,"additional_keywords":null,"truseo_locale":null},"aioseo_breadcrumb":"<div class=\"aioseo-breadcrumbs\"><span class=\"aioseo-breadcrumb\">\n\t\t\t<a href=\"https:\/\/plumanegranoticias.com\" title=\"Home\">Home<\/a>\n\t\t<\/span><span class=\"aioseo-breadcrumb-separator\">&raquo;<\/span><span class=\"aioseo-breadcrumb\">\n\t\t\t<a href=\"https:\/\/plumanegranoticias.com\/?cat=67\" title=\"policiaca\">policiaca<\/a>\n\t\t<\/span><span class=\"aioseo-breadcrumb-separator\">&raquo;<\/span><span class=\"aioseo-breadcrumb\">\n\t\t\tEN OPERATIVO CONJUNTO CON FUERZAS FEDERALES EN COATZACOALCOS SE ASEGURARON GRANADAS, ARMAS BLANCAS Y UN VEH\u00cdCULO\n\t\t<\/span><\/div>","aioseo_breadcrumb_json":[{"label":"Home","link":"https:\/\/plumanegranoticias.com"},{"label":"policiaca","link":"https:\/\/plumanegranoticias.com\/?cat=67"},{"label":"EN OPERATIVO CONJUNTO CON FUERZAS FEDERALES EN COATZACOALCOS SE ASEGURARON GRANADAS, ARMAS BLANCAS Y UN VEH\u00cdCULO","link":"https:\/\/plumanegranoticias.com\/?p=8549"}],"_links":{"self":[{"href":"https:\/\/plumanegranoticias.com\/index.php?rest_route=\/wp\/v2\/posts\/8549","targetHints":{"allow":["GET"]}}],"collection":[{"href":"https:\/\/plumanegranoticias.com\/index.php?rest_route=\/wp\/v2\/posts"}],"about":[{"href":"https:\/\/plumanegranoticias.com\/index.php?rest_route=\/wp\/v2\/types\/post"}],"author":[{"embeddable":true,"href":"https:\/\/plumanegranoticias.com\/index.php?rest_route=\/wp\/v2\/users\/2"}],"replies":[{"embeddable":true,"href":"https:\/\/plumanegranoticias.com\/index.php?rest_route=%2Fwp%2Fv2%2Fcomments&post=8549"}],"version-history":[{"count":1,"href":"https:\/\/plumanegranoticias.com\/index.php?rest_route=\/wp\/v2\/posts\/8549\/revisions"}],"predecessor-version":[{"id":8550,"href":"https:\/\/plumanegranoticias.com\/index.php?rest_route=\/wp\/v2\/posts\/8549\/revisions\/8550"}],"wp:featuredmedia":[{"embeddable":true,"href":"https:\/\/plumanegranoticias.com\/index.php?rest_route=\/wp\/v2\/media\/8551"}],"wp:attachment":[{"href":"https:\/\/plumanegranoticias.com\/index.php?rest_route=%2Fwp%2Fv2%2Fmedia&parent=8549"}],"wp:term":[{"taxonomy":"category","embeddable":true,"href":"https:\/\/plumanegranoticias.com\/index.php?rest_route=%2Fwp%2Fv2%2Fcategories&post=8549"},{"taxonomy":"post_tag","embeddable":true,"href":"https:\/\/plumanegranoticias.com\/index.php?rest_route=%2Fwp%2Fv2%2Ftags&post=8549"}],"curies":[{"name":"wp","href":"https:\/\/api.w.org\/{rel}","templated":true}]}}