{"id":8553,"date":"2025-02-15T08:20:05","date_gmt":"2025-02-15T14:20:05","guid":{"rendered":"https:\/\/plumanegranoticias.com\/?p=8553"},"modified":"2025-02-15T08:20:53","modified_gmt":"2025-02-15T14:20:53","slug":"ople-veracruz-aprueba-el-plan-y-calendario-integral-del-proceso-electoral-local-extraordinario-para-la-eleccion-de-personas-juzgadoras-del-poder-judicial-del-estado-de-veracruz-2024-2025","status":"publish","type":"post","link":"https:\/\/plumanegranoticias.com\/?p=8553","title":{"rendered":"OPLE Veracruz aprueba el Plan y Calendario Integral del Proceso Electoral Local Extraordinario para la elecci\u00f3n de personas juzgadoras del Poder Judicial del Estado de Veracruz 2024-2025"},"content":{"rendered":"\n<p>Xalapa, Veracruz, 14 de febrero de 2025. El Consejo General del Organismo P\u00fablico Local Electoral del Estado de Veracruz (OPLE Veracruz) aprob\u00f3 el Plan y Calendario Integral del Proceso Electoral Local Extraordinario para la elecci\u00f3n de personas juzgadoras del Poder Judicial del Estado de Veracruz 2024-2025.<br \/>En sesi\u00f3n extraordinaria, la Consejera Presidenta del OPLE Veracruz, Marisol Alicia Delgadillo Morales detall\u00f3 que el plan y calendario integral contiene la temporalidad en la que se deber\u00e1n realizar las actividades sustantivas y las \u00e1reas responsables del Organismo.<br \/>\u201cAgradecer la participaci\u00f3n de todas las \u00e1reas y seguimos avanzando en este Proceso Local Extraordinario para la elecci\u00f3n de personas juzgadoras del Poder Judicial del Estado de Veracruz\u201d, expres\u00f3.<br \/>De igual forma, la Consejera Electoral, Mabel Aseret Hern\u00e1ndez Meneses reconoci\u00f3 el trabajo de todas las \u00e1reas para integrar el plan y calendario del primer Proceso Electoral del Poder Judicial del Estado de Veracruz.<br \/>Al respecto, el Secretario Ejecutivo del Consejo General del Organismo, Luis Fernando Reyes Rocha expres\u00f3 que este plan y calendario servir\u00e1 hist\u00f3ricamente como un primer documento referencial sobre el desarrollo de los primeros comicios judiciales del siglo XXI en Veracruz.<br \/>\u201cEl Organismo planific\u00f3 19 subprocesos y 84 actividades con una participaci\u00f3n de 10 \u00e1reas operativas y administrativas que dentro de sus atribuciones normativas tendr\u00e1n las responsabilidades de llevar a cabo todas las tareas de las elecciones judiciales, sin implicar dilaciones o incumplimiento respecto al proceso ordinario de ayuntamientos\u201d, resalt\u00f3.<\/p>\n\n\n\n<figure class=\"wp-block-image size-large\"><img loading=\"lazy\" decoding=\"async\" width=\"1024\" height=\"682\" src=\"https:\/\/plumanegranoticias.com\/wp-content\/uploads\/2025\/02\/img-20250214-wa01766329820135958979569-1024x682.jpg\" alt=\"\" class=\"wp-image-8552\" srcset=\"https:\/\/plumanegranoticias.com\/wp-content\/uploads\/2025\/02\/img-20250214-wa01766329820135958979569-1024x682.jpg 1024w, https:\/\/plumanegranoticias.com\/wp-content\/uploads\/2025\/02\/img-20250214-wa01766329820135958979569-300x200.jpg 300w, https:\/\/plumanegranoticias.com\/wp-content\/uploads\/2025\/02\/img-20250214-wa01766329820135958979569-768x512.jpg 768w, https:\/\/plumanegranoticias.com\/wp-content\/uploads\/2025\/02\/img-20250214-wa01766329820135958979569-1536x1023.jpg 1536w, https:\/\/plumanegranoticias.com\/wp-content\/uploads\/2025\/02\/img-20250214-wa01766329820135958979569.jpg 1600w\" sizes=\"auto, (max-width: 1024px) 100vw, 1024px\" \/><\/figure>\n","protected":false},"excerpt":{"rendered":"<p>Xalapa, Veracruz, 14 de febrero de 2025. El Consejo General del Organismo P\u00fablico Local Electoral del Estado de Veracruz (OPLE Veracruz) aprob\u00f3 el Plan y Calendario Integral del Proceso Electoral Local Extraordinario para la elecci\u00f3n de personas juzgadoras del Poder Judicial del Estado de Veracruz 2024-2025.En sesi\u00f3n extraordinaria, la Consejera Presidenta del OPLE Veracruz, Marisol&#8230; <\/p>\n<div class=\"clear\"><\/div>\n<p><a href=\"https:\/\/plumanegranoticias.com\/?p=8553\" class=\"excerpt-read-more\">Read More<i class=\"fa fa-caret-right icon-caret-right\"><\/i><\/a><\/p>\n","protected":false},"author":2,"featured_media":8555,"comment_status":"open","ping_status":"open","sticky":false,"template":"","format":"standard","meta":{"om_disable_all_campaigns":false,"_monsterinsights_skip_tracking":false,"_monsterinsights_sitenote_active":false,"_monsterinsights_sitenote_note":"","_monsterinsights_sitenote_category":0,"_uf_show_specific_survey":0,"_uf_disable_surveys":false,"footnotes":""},"categories":[8,12],"tags":[18,61,19],"class_list":["post-8553","post","type-post","status-publish","format-standard","has-post-thumbnail","hentry","category-politica","category-regional","tag-noticia","tag-politica","tag-regional"],"aioseo_notices":[],"_links":{"self":[{"href":"https:\/\/plumanegranoticias.com\/index.php?rest_route=\/wp\/v2\/posts\/8553","targetHints":{"allow":["GET"]}}],"collection":[{"href":"https:\/\/plumanegranoticias.com\/index.php?rest_route=\/wp\/v2\/posts"}],"about":[{"href":"https:\/\/plumanegranoticias.com\/index.php?rest_route=\/wp\/v2\/types\/post"}],"author":[{"embeddable":true,"href":"https:\/\/plumanegranoticias.com\/index.php?rest_route=\/wp\/v2\/users\/2"}],"replies":[{"embeddable":true,"href":"https:\/\/plumanegranoticias.com\/index.php?rest_route=%2Fwp%2Fv2%2Fcomments&post=8553"}],"version-history":[{"count":1,"href":"https:\/\/plumanegranoticias.com\/index.php?rest_route=\/wp\/v2\/posts\/8553\/revisions"}],"predecessor-version":[{"id":8554,"href":"https:\/\/plumanegranoticias.com\/index.php?rest_route=\/wp\/v2\/posts\/8553\/revisions\/8554"}],"wp:featuredmedia":[{"embeddable":true,"href":"https:\/\/plumanegranoticias.com\/index.php?rest_route=\/wp\/v2\/media\/8555"}],"wp:attachment":[{"href":"https:\/\/plumanegranoticias.com\/index.php?rest_route=%2Fwp%2Fv2%2Fmedia&parent=8553"}],"wp:term":[{"taxonomy":"category","embeddable":true,"href":"https:\/\/plumanegranoticias.com\/index.php?rest_route=%2Fwp%2Fv2%2Fcategories&post=8553"},{"taxonomy":"post_tag","embeddable":true,"href":"https:\/\/plumanegranoticias.com\/index.php?rest_route=%2Fwp%2Fv2%2Ftags&post=8553"}],"curies":[{"name":"wp","href":"https:\/\/api.w.org\/{rel}","templated":true}]}}