{"id":8591,"date":"2025-02-17T11:51:38","date_gmt":"2025-02-17T17:51:38","guid":{"rendered":"https:\/\/plumanegranoticias.com\/?p=8591"},"modified":"2025-02-17T11:52:12","modified_gmt":"2025-02-17T17:52:12","slug":"fallece-paquita-la-del-barrio","status":"publish","type":"post","link":"https:\/\/plumanegranoticias.com\/?p=8591","title":{"rendered":"FALLECE PAQUITA LA DEL BARRIO\u00a0"},"content":{"rendered":"\n<p>Veracruz, Ver., La artista veracruzana Paquita la del Barrio, (Francisca Viveros Barradas) falleci\u00f3 esta ma\u00f1ana en su domicilio particular de Veracruz a los 77 a\u00f1os de edad. Su familia pidi\u00f3 privacidad para estos momentos de dolor.<\/p>\n\n\n\n<p>En un comunicado en el sitio oficial de Paquita la del Barrio, se confirm\u00f3 la noticia alrededor de las 10:00 horas de este lunes, con la s\u00faplica a los medios de comunicaci\u00f3n, de respeto al espacio de su funeral.<\/p>\n\n\n\n<p>La artista originaria de Alto Lucero, Veracruz y que creci\u00f3 en la colonia Guerrero de la Ciudad de M\u00e9xico, se hizo famosa al revolucionar la m\u00fasica ranchera mexicana con su estilo propio. Me est\u00e1s oyendo in\u00fatil! Fue una de sus frases c\u00e9lebres.<\/p>\n\n\n\n<p>La int\u00e9rprete de canciones de resentimiento a los hombres y de empoderamiento de la mujer, causaron eco en las \u00faltimas d\u00e9cadas en la m\u00fasica mexicana.<\/p>\n\n\n\n<p>Rata de dos patas&nbsp; y Cheque en blanco, son canciones que inmortalizar\u00e1n a la veracruzana y su talento, fruto de la interpretaci\u00f3n de las canciones de Manuel Eduardo Toscano, tambi\u00e9n veracruzano, originario de la regi\u00f3n de las Altas Monta\u00f1as de Huatusco.<\/p>\n\n\n\n<figure class=\"wp-block-image size-large\"><img loading=\"lazy\" decoding=\"async\" width=\"819\" height=\"1024\" src=\"https:\/\/plumanegranoticias.com\/wp-content\/uploads\/2025\/02\/fb_img_1739814028260632364153084789407-819x1024.jpg\" alt=\"\" class=\"wp-image-8590\" srcset=\"https:\/\/plumanegranoticias.com\/wp-content\/uploads\/2025\/02\/fb_img_1739814028260632364153084789407-819x1024.jpg 819w, https:\/\/plumanegranoticias.com\/wp-content\/uploads\/2025\/02\/fb_img_1739814028260632364153084789407-240x300.jpg 240w, https:\/\/plumanegranoticias.com\/wp-content\/uploads\/2025\/02\/fb_img_1739814028260632364153084789407-768x960.jpg 768w, https:\/\/plumanegranoticias.com\/wp-content\/uploads\/2025\/02\/fb_img_1739814028260632364153084789407-440x550.jpg 440w, https:\/\/plumanegranoticias.com\/wp-content\/uploads\/2025\/02\/fb_img_1739814028260632364153084789407.jpg 1080w\" sizes=\"auto, (max-width: 819px) 100vw, 819px\" \/><\/figure>\n","protected":false},"excerpt":{"rendered":"<p>Veracruz, Ver., La artista veracruzana Paquita la del Barrio, (Francisca Viveros Barradas) falleci\u00f3 esta ma\u00f1ana en su domicilio particular de Veracruz a los 77 a\u00f1os de edad. Su familia pidi\u00f3 privacidad para estos momentos de dolor. En un comunicado en el sitio oficial de Paquita la del Barrio, se confirm\u00f3 la noticia alrededor de las&#8230; <\/p>\n<div class=\"clear\"><\/div>\n<p><a href=\"https:\/\/plumanegranoticias.com\/?p=8591\" class=\"excerpt-read-more\">Read More<i class=\"fa fa-caret-right icon-caret-right\"><\/i><\/a><\/p>\n","protected":false},"author":2,"featured_media":8593,"comment_status":"open","ping_status":"open","sticky":false,"template":"","format":"standard","meta":{"om_disable_all_campaigns":false,"_monsterinsights_skip_tracking":false,"_monsterinsights_sitenote_active":false,"_monsterinsights_sitenote_note":"","_monsterinsights_sitenote_category":0,"_uf_show_specific_survey":0,"_uf_disable_surveys":false,"footnotes":""},"categories":[15,13,12,9],"tags":[23,18,33],"class_list":["post-8591","post","type-post","status-publish","format-standard","has-post-thumbnail","hentry","category-nacionales","category-nota-roja","category-regional","category-tendencias","tag-entretenimiento","tag-noticia","tag-tendencias"],"aioseo_notices":[],"_links":{"self":[{"href":"https:\/\/plumanegranoticias.com\/index.php?rest_route=\/wp\/v2\/posts\/8591","targetHints":{"allow":["GET"]}}],"collection":[{"href":"https:\/\/plumanegranoticias.com\/index.php?rest_route=\/wp\/v2\/posts"}],"about":[{"href":"https:\/\/plumanegranoticias.com\/index.php?rest_route=\/wp\/v2\/types\/post"}],"author":[{"embeddable":true,"href":"https:\/\/plumanegranoticias.com\/index.php?rest_route=\/wp\/v2\/users\/2"}],"replies":[{"embeddable":true,"href":"https:\/\/plumanegranoticias.com\/index.php?rest_route=%2Fwp%2Fv2%2Fcomments&post=8591"}],"version-history":[{"count":1,"href":"https:\/\/plumanegranoticias.com\/index.php?rest_route=\/wp\/v2\/posts\/8591\/revisions"}],"predecessor-version":[{"id":8592,"href":"https:\/\/plumanegranoticias.com\/index.php?rest_route=\/wp\/v2\/posts\/8591\/revisions\/8592"}],"wp:featuredmedia":[{"embeddable":true,"href":"https:\/\/plumanegranoticias.com\/index.php?rest_route=\/wp\/v2\/media\/8593"}],"wp:attachment":[{"href":"https:\/\/plumanegranoticias.com\/index.php?rest_route=%2Fwp%2Fv2%2Fmedia&parent=8591"}],"wp:term":[{"taxonomy":"category","embeddable":true,"href":"https:\/\/plumanegranoticias.com\/index.php?rest_route=%2Fwp%2Fv2%2Fcategories&post=8591"},{"taxonomy":"post_tag","embeddable":true,"href":"https:\/\/plumanegranoticias.com\/index.php?rest_route=%2Fwp%2Fv2%2Ftags&post=8591"}],"curies":[{"name":"wp","href":"https:\/\/api.w.org\/{rel}","templated":true}]}}