{"id":8664,"date":"2025-02-18T18:49:11","date_gmt":"2025-02-19T00:49:11","guid":{"rendered":"https:\/\/plumanegranoticias.com\/?p=8664"},"modified":"2025-02-18T18:49:49","modified_gmt":"2025-02-19T00:49:49","slug":"investigaran-pago-de-mas-de-10-mdp-en-despensas-para-sindicalizados-del-congreso-de-veracruz","status":"publish","type":"post","link":"https:\/\/plumanegranoticias.com\/?p=8664","title":{"rendered":"Investigar\u00e1n pago de m\u00e1s de 10 mdp en despensas para sindicalizados del Congreso de Veracruz"},"content":{"rendered":"\n<p>Alejandro \u00c1vila<\/p>\n\n\n\n<p>Veracruz, Ver.- Una revisi\u00f3n a fondo se har\u00e1 tras el pago de m\u00e1s de 10 millones de pesos anuales en despensas a 700 trabajadores sindicalizados del Congreso de Veracruz.<\/p>\n\n\n\n<p>El presidente de la Junta de Coordinaci\u00f3n Pol\u00edtica (JUCOPO), Esteban Bautista Hern\u00e1ndez, se\u00f1al\u00f3 que la empresa contratada para este servicio fue creada ex profeso, por lo cual, adem\u00e1s, se investigar\u00e1 los productos que se entregaron y se comparar\u00e1n los precios en centros comerciales.<\/p>\n\n\n\n<p>&#8220;Me dicen que es una empresa que nada que ver, es una empresa como tantas que fueron creadas, pero hasta aqu\u00ed lleg\u00f3, no va a surtir m\u00e1s&#8221;, afirm\u00f3.<\/p>\n\n\n\n<p>Reconoci\u00f3 que para que se paguen este tipo de costos debe de haber forzosamente intermediarios, los cuales tienen sus d\u00edas contados si a\u00fan trabajan en el Congreso.<\/p>\n\n\n\n<p>&#8220;Vamos a ir a cotizar, vamos a ir a Soriana, a una abarrotera, que no haya intermediarios, porque de que los hay, los hay, pero que quede claro, esos se van a ir, se est\u00e1n yendo ya&#8221;, asest\u00f3.<\/p>\n\n\n\n<p>El legislador dijo que no se permitir\u00e1 ning\u00fan saqueo y que tras una reuni\u00f3n con Recursos Materiales y Tesorer\u00eda se conocer\u00e1 el nombre de la empresa, misma que ser\u00e1 vetada autom\u00e1ticamente.<\/p>\n\n\n\n<p>Bautista Hern\u00e1ndez asegur\u00f3 que la investigaci\u00f3n no da\u00f1ar\u00e1 su relaci\u00f3n con el Sindicato \u00danico de Trabajadores al Servicio del Poder Legislativo y su l\u00edder, Jos\u00e9 de Jes\u00fas Rodr\u00edguez Hern\u00e1ndez.<\/p>\n\n\n\n<p>En ese sentido, adelant\u00f3 que en la negociaci\u00f3n para el incremento salarial de este a\u00f1o, habr\u00e1 negociaci\u00f3n, que no se cumplir\u00e1 al cien por ciento de c\u00f3mo lo demandan, pero s\u00ed les cumplir\u00e1n.<\/p>\n\n\n\n<p>En ese orden de ideas, explic\u00f3 que hay algunos contratos que se hicieron en el \u00faltimo a\u00f1o de la pasada administraci\u00f3n que vencen en distintos meses, algunos en enero, otros en febrero, por lo que verificar\u00e1 a las empresas que hab\u00edan sido contratadas.<\/p>\n\n\n\n<p>Cit\u00f3 algunos ejemplos, como el del servicio de jardiner\u00eda que anteriormente cobraban m\u00e1s de un mill\u00f3n 600 mil pesos, pero el due\u00f1o de la empresa acept\u00f3 bajar sus costos en m\u00e1s de 500 mil pesos.<\/p>\n\n\n\n<figure class=\"wp-block-image size-large\"><img loading=\"lazy\" decoding=\"async\" width=\"1024\" height=\"576\" src=\"https:\/\/plumanegranoticias.com\/wp-content\/uploads\/2025\/02\/img-20250218-wa00938083431971416941032-1024x576.jpg\" alt=\"\" class=\"wp-image-8663\" srcset=\"https:\/\/plumanegranoticias.com\/wp-content\/uploads\/2025\/02\/img-20250218-wa00938083431971416941032-1024x576.jpg 1024w, https:\/\/plumanegranoticias.com\/wp-content\/uploads\/2025\/02\/img-20250218-wa00938083431971416941032-300x169.jpg 300w, https:\/\/plumanegranoticias.com\/wp-content\/uploads\/2025\/02\/img-20250218-wa00938083431971416941032-768x432.jpg 768w, https:\/\/plumanegranoticias.com\/wp-content\/uploads\/2025\/02\/img-20250218-wa00938083431971416941032.jpg 1280w\" sizes=\"auto, (max-width: 1024px) 100vw, 1024px\" \/><\/figure>\n","protected":false},"excerpt":{"rendered":"<p>Alejandro \u00c1vila Veracruz, Ver.- Una revisi\u00f3n a fondo se har\u00e1 tras el pago de m\u00e1s de 10 millones de pesos anuales en despensas a 700 trabajadores sindicalizados del Congreso de Veracruz. El presidente de la Junta de Coordinaci\u00f3n Pol\u00edtica (JUCOPO), Esteban Bautista Hern\u00e1ndez, se\u00f1al\u00f3 que la empresa contratada para este servicio fue creada ex profeso,&#8230; <\/p>\n<div class=\"clear\"><\/div>\n<p><a href=\"https:\/\/plumanegranoticias.com\/?p=8664\" class=\"excerpt-read-more\">Read More<i class=\"fa fa-caret-right icon-caret-right\"><\/i><\/a><\/p>\n","protected":false},"author":2,"featured_media":8666,"comment_status":"open","ping_status":"open","sticky":false,"template":"","format":"standard","meta":{"om_disable_all_campaigns":false,"_monsterinsights_skip_tracking":false,"_monsterinsights_sitenote_active":false,"_monsterinsights_sitenote_note":"","_monsterinsights_sitenote_category":0,"_uf_show_specific_survey":0,"_uf_disable_surveys":false,"footnotes":""},"categories":[8],"tags":[18],"class_list":["post-8664","post","type-post","status-publish","format-standard","has-post-thumbnail","hentry","category-politica","tag-noticia"],"aioseo_notices":[],"_links":{"self":[{"href":"https:\/\/plumanegranoticias.com\/index.php?rest_route=\/wp\/v2\/posts\/8664","targetHints":{"allow":["GET"]}}],"collection":[{"href":"https:\/\/plumanegranoticias.com\/index.php?rest_route=\/wp\/v2\/posts"}],"about":[{"href":"https:\/\/plumanegranoticias.com\/index.php?rest_route=\/wp\/v2\/types\/post"}],"author":[{"embeddable":true,"href":"https:\/\/plumanegranoticias.com\/index.php?rest_route=\/wp\/v2\/users\/2"}],"replies":[{"embeddable":true,"href":"https:\/\/plumanegranoticias.com\/index.php?rest_route=%2Fwp%2Fv2%2Fcomments&post=8664"}],"version-history":[{"count":1,"href":"https:\/\/plumanegranoticias.com\/index.php?rest_route=\/wp\/v2\/posts\/8664\/revisions"}],"predecessor-version":[{"id":8665,"href":"https:\/\/plumanegranoticias.com\/index.php?rest_route=\/wp\/v2\/posts\/8664\/revisions\/8665"}],"wp:featuredmedia":[{"embeddable":true,"href":"https:\/\/plumanegranoticias.com\/index.php?rest_route=\/wp\/v2\/media\/8666"}],"wp:attachment":[{"href":"https:\/\/plumanegranoticias.com\/index.php?rest_route=%2Fwp%2Fv2%2Fmedia&parent=8664"}],"wp:term":[{"taxonomy":"category","embeddable":true,"href":"https:\/\/plumanegranoticias.com\/index.php?rest_route=%2Fwp%2Fv2%2Fcategories&post=8664"},{"taxonomy":"post_tag","embeddable":true,"href":"https:\/\/plumanegranoticias.com\/index.php?rest_route=%2Fwp%2Fv2%2Ftags&post=8664"}],"curies":[{"name":"wp","href":"https:\/\/api.w.org\/{rel}","templated":true}]}}