{"id":8668,"date":"2025-02-19T07:23:42","date_gmt":"2025-02-19T13:23:42","guid":{"rendered":"https:\/\/plumanegranoticias.com\/?p=8668"},"modified":"2025-02-19T07:24:15","modified_gmt":"2025-02-19T13:24:15","slug":"las-reynas-de-col-ejidal","status":"publish","type":"post","link":"https:\/\/plumanegranoticias.com\/?p=8668","title":{"rendered":"LAS REYNAS DE COL. EJIDAL"},"content":{"rendered":"\n<p>Cr\u00f3nicas de Cotaxtla<br \/>Las reinas de la Colonia Ejidal<br \/>Por Pedro Cruz.<\/p>\n\n\n\n<p>Aylet y Mariela, son las reinas de la Cabalgata y de la fiesta que se celebra, ininterrumpidamente, desde 1936 por la fundaci\u00f3n del Ejido en la Colonia Ejidal, municipio de Cotaxtla, Veracruz, a 40 kil\u00f3metros del puerto por la carretera federal que va C\u00f3rdoba.<br \/>La coronaci\u00f3n ser\u00e1 el domingo 9 de marzo a las 6:00 pm en la explanada del parque; tambi\u00e9n se coronar\u00e1 a la reina del jard\u00edn de ni\u00f1os y de la escuela primaria.<br \/>Est\u00e1n invitadas las autoridades municipales, los representes de otros ejidos y todo el pueblo. El 10 de marzo es la fiesta de la Colonia Ejidal.<br \/>El festejo inicia a las 11:00 am; contempla diversas actividades entre las que destaca el desfiles de ejidatarios, el paseo de las reinas, el desfile de alumnos de las escuelas y la cabalgata para culminar en un almuerzo p\u00fablico; por la tarde carreras de caballos, juegos mec\u00e1nicos, por la noche gran baile amenizado por Hugo Ruiz.<br \/>Los padres fundadores del ejido fueron Gumersindo Osorio Ponce, Candelario Ortiz Sarmiento, Marcelino Reyna V\u00e1zquez, Juan Pulido Mata, Froil\u00e1n Reyna V\u00e1zquez, Ignacio Cajinas Leal, In\u00e9s Ortiz Rodr\u00edguez, Felipe Reyes Borbonio, Timoteo Flores Cruz, Felipe Mart\u00ednez Hern\u00e1ndez y Felipe Ortiz Rodr\u00edguez.<\/p>\n\n\n\n<p>El 10 de marzo de 1936 recibieron sus t\u00edtulos de propiedad. Aquel d\u00eda, alrededor de las tres de la tarde, retorn\u00f3 Gumersindo Osorio y el grupo de comisionados de la Ciudad de M\u00e9xico para tomar posesi\u00f3n oficial del ejido.<br>Tra\u00edan la resoluci\u00f3n presidencial y los planos del ejido. Su primer mandato como autoridad ejidal fue expedir un decreto para organizar un desfile y luego un baile para celebrar el triunfo agrario, evento que, hasta el d\u00eda de hoy, cada 10 de marzo, se realiza.<\/p>\n\n\n\n<figure class=\"wp-block-image size-large\"><img loading=\"lazy\" decoding=\"async\" width=\"300\" height=\"181\" src=\"https:\/\/plumanegranoticias.com\/wp-content\/uploads\/2025\/02\/img-20250219-wa00194137223959191943104-300x181.jpg\" alt=\"\" class=\"wp-image-8667\" srcset=\"https:\/\/plumanegranoticias.com\/wp-content\/uploads\/2025\/02\/img-20250219-wa00194137223959191943104-300x181.jpg 300w, https:\/\/plumanegranoticias.com\/wp-content\/uploads\/2025\/02\/img-20250219-wa00194137223959191943104.jpg 576w\" sizes=\"auto, (max-width: 300px) 100vw, 300px\" \/><\/figure>\n","protected":false},"excerpt":{"rendered":"<p>Cr\u00f3nicas de CotaxtlaLas reinas de la Colonia EjidalPor Pedro Cruz. Aylet y Mariela, son las reinas de la Cabalgata y de la fiesta que se celebra, ininterrumpidamente, desde 1936 por la fundaci\u00f3n del Ejido en la Colonia Ejidal, municipio de Cotaxtla, Veracruz, a 40 kil\u00f3metros del puerto por la carretera federal que va C\u00f3rdoba.La coronaci\u00f3n&#8230; <\/p>\n<div class=\"clear\"><\/div>\n<p><a href=\"https:\/\/plumanegranoticias.com\/?p=8668\" class=\"excerpt-read-more\">Read More<i class=\"fa fa-caret-right icon-caret-right\"><\/i><\/a><\/p>\n","protected":false},"author":2,"featured_media":8670,"comment_status":"open","ping_status":"open","sticky":false,"template":"","format":"standard","meta":{"om_disable_all_campaigns":false,"_monsterinsights_skip_tracking":false,"_monsterinsights_sitenote_active":false,"_monsterinsights_sitenote_note":"","_monsterinsights_sitenote_category":0,"_uf_show_specific_survey":0,"_uf_disable_surveys":false,"footnotes":""},"categories":[8,12,10],"tags":[21,22,18],"class_list":["post-8668","post","type-post","status-publish","format-standard","has-post-thumbnail","hentry","category-politica","category-regional","category-sociales","tag-eventos","tag-nota-roja","tag-noticia"],"aioseo_notices":[],"_links":{"self":[{"href":"https:\/\/plumanegranoticias.com\/index.php?rest_route=\/wp\/v2\/posts\/8668","targetHints":{"allow":["GET"]}}],"collection":[{"href":"https:\/\/plumanegranoticias.com\/index.php?rest_route=\/wp\/v2\/posts"}],"about":[{"href":"https:\/\/plumanegranoticias.com\/index.php?rest_route=\/wp\/v2\/types\/post"}],"author":[{"embeddable":true,"href":"https:\/\/plumanegranoticias.com\/index.php?rest_route=\/wp\/v2\/users\/2"}],"replies":[{"embeddable":true,"href":"https:\/\/plumanegranoticias.com\/index.php?rest_route=%2Fwp%2Fv2%2Fcomments&post=8668"}],"version-history":[{"count":1,"href":"https:\/\/plumanegranoticias.com\/index.php?rest_route=\/wp\/v2\/posts\/8668\/revisions"}],"predecessor-version":[{"id":8669,"href":"https:\/\/plumanegranoticias.com\/index.php?rest_route=\/wp\/v2\/posts\/8668\/revisions\/8669"}],"wp:featuredmedia":[{"embeddable":true,"href":"https:\/\/plumanegranoticias.com\/index.php?rest_route=\/wp\/v2\/media\/8670"}],"wp:attachment":[{"href":"https:\/\/plumanegranoticias.com\/index.php?rest_route=%2Fwp%2Fv2%2Fmedia&parent=8668"}],"wp:term":[{"taxonomy":"category","embeddable":true,"href":"https:\/\/plumanegranoticias.com\/index.php?rest_route=%2Fwp%2Fv2%2Fcategories&post=8668"},{"taxonomy":"post_tag","embeddable":true,"href":"https:\/\/plumanegranoticias.com\/index.php?rest_route=%2Fwp%2Fv2%2Ftags&post=8668"}],"curies":[{"name":"wp","href":"https:\/\/api.w.org\/{rel}","templated":true}]}}