{"id":8685,"date":"2025-02-19T13:16:55","date_gmt":"2025-02-19T19:16:55","guid":{"rendered":"https:\/\/plumanegranoticias.com\/?p=8685"},"modified":"2025-02-19T13:17:20","modified_gmt":"2025-02-19T19:17:20","slug":"consejos-municipales-que-fueron-cabeceras-distritales-contaran-votos-de-eleccion-judicial","status":"publish","type":"post","link":"https:\/\/plumanegranoticias.com\/?p=8685","title":{"rendered":"Consejos municipales que fueron cabeceras distritales contar\u00e1n votos de elecci\u00f3n judicial"},"content":{"rendered":"\n<p>Angeles Gonz\u00e1lez Ceballos<br>Xalapa, Ver., La consejera presidenta del Organismo P\u00fablico Local Electoral (OPLE), Marisol Alicia Delgadillo Morales, inform\u00f3 que los consejos municipales que fueron cabeceras distritales ser\u00e1n los encargados de contar los votos de la elecci\u00f3n judicial.<\/p>\n\n\n\n<p>En entrevista, expuso que se procesar\u00e1 con base en un acuerdo del Consejo General para dotarlos de las facultades correspondientes y se les definan los procedimientos que tendr\u00e1n que realizar.<\/p>\n\n\n\n<p>En el caso del programa CONOCELES para los aspirantes a personas juzgadoras, Delgadillo Morales indic\u00f3 que en la p\u00e1gina del \u00f3rgano electoral habr\u00e1 un micrositio para conocer las candidaturas.<\/p>\n\n\n\n<p>La Consejera resalt\u00f3 que el \u00fanico partido pol\u00edtico que registr\u00f3 periodo de precampa\u00f1a fue Movimiento Ciudadano.<\/p>\n\n\n\n<p>En ese sentido record\u00f3 que dicho periodo concluye el pr\u00f3ximo 28 de febrero.<\/p>\n\n\n\n<figure class=\"wp-block-image size-large\"><img loading=\"lazy\" decoding=\"async\" width=\"1024\" height=\"563\" src=\"https:\/\/plumanegranoticias.com\/wp-content\/uploads\/2025\/02\/img-20250219-wa01184759125553041255080-1024x563.jpg\" alt=\"\" class=\"wp-image-8683\" srcset=\"https:\/\/plumanegranoticias.com\/wp-content\/uploads\/2025\/02\/img-20250219-wa01184759125553041255080-1024x563.jpg 1024w, https:\/\/plumanegranoticias.com\/wp-content\/uploads\/2025\/02\/img-20250219-wa01184759125553041255080-300x165.jpg 300w, https:\/\/plumanegranoticias.com\/wp-content\/uploads\/2025\/02\/img-20250219-wa01184759125553041255080-768x422.jpg 768w, https:\/\/plumanegranoticias.com\/wp-content\/uploads\/2025\/02\/img-20250219-wa01184759125553041255080-790x435.jpg 790w, https:\/\/plumanegranoticias.com\/wp-content\/uploads\/2025\/02\/img-20250219-wa01184759125553041255080.jpg 1080w\" sizes=\"auto, (max-width: 1024px) 100vw, 1024px\" \/><\/figure>\n\n\n\n<figure class=\"wp-block-image\"><img loading=\"lazy\" decoding=\"async\" width=\"1024\" height=\"759\" src=\"https:\/\/plumanegranoticias.com\/wp-content\/uploads\/2025\/02\/img-20250219-wa0115824525995945718159-1024x759.jpg\" alt=\"\" class=\"wp-image-8684\" srcset=\"https:\/\/plumanegranoticias.com\/wp-content\/uploads\/2025\/02\/img-20250219-wa0115824525995945718159-1024x759.jpg 1024w, https:\/\/plumanegranoticias.com\/wp-content\/uploads\/2025\/02\/img-20250219-wa0115824525995945718159-300x222.jpg 300w, https:\/\/plumanegranoticias.com\/wp-content\/uploads\/2025\/02\/img-20250219-wa0115824525995945718159-768x569.jpg 768w, https:\/\/plumanegranoticias.com\/wp-content\/uploads\/2025\/02\/img-20250219-wa0115824525995945718159.jpg 1213w\" sizes=\"auto, (max-width: 1024px) 100vw, 1024px\" \/><\/figure>\n","protected":false},"excerpt":{"rendered":"<p>Angeles Gonz\u00e1lez CeballosXalapa, Ver., La consejera presidenta del Organismo P\u00fablico Local Electoral (OPLE), Marisol Alicia Delgadillo Morales, inform\u00f3 que los consejos municipales que fueron cabeceras distritales ser\u00e1n los encargados de contar los votos de la elecci\u00f3n judicial. En entrevista, expuso que se procesar\u00e1 con base en un acuerdo del Consejo General para dotarlos de las&#8230; <\/p>\n<div class=\"clear\"><\/div>\n<p><a href=\"https:\/\/plumanegranoticias.com\/?p=8685\" class=\"excerpt-read-more\">Read More<i class=\"fa fa-caret-right icon-caret-right\"><\/i><\/a><\/p>\n","protected":false},"author":2,"featured_media":8687,"comment_status":"open","ping_status":"open","sticky":false,"template":"","format":"standard","meta":{"om_disable_all_campaigns":false,"_monsterinsights_skip_tracking":false,"_monsterinsights_sitenote_active":false,"_monsterinsights_sitenote_note":"","_monsterinsights_sitenote_category":0,"_uf_show_specific_survey":0,"_uf_disable_surveys":false,"footnotes":""},"categories":[16,8,12],"tags":[18,30,34,19],"class_list":["post-8685","post","type-post","status-publish","format-standard","has-post-thumbnail","hentry","category-plumazos","category-politica","category-regional","tag-noticia","tag-plumazos","tag-policiaca","tag-regional"],"aioseo_notices":[],"_links":{"self":[{"href":"https:\/\/plumanegranoticias.com\/index.php?rest_route=\/wp\/v2\/posts\/8685","targetHints":{"allow":["GET"]}}],"collection":[{"href":"https:\/\/plumanegranoticias.com\/index.php?rest_route=\/wp\/v2\/posts"}],"about":[{"href":"https:\/\/plumanegranoticias.com\/index.php?rest_route=\/wp\/v2\/types\/post"}],"author":[{"embeddable":true,"href":"https:\/\/plumanegranoticias.com\/index.php?rest_route=\/wp\/v2\/users\/2"}],"replies":[{"embeddable":true,"href":"https:\/\/plumanegranoticias.com\/index.php?rest_route=%2Fwp%2Fv2%2Fcomments&post=8685"}],"version-history":[{"count":1,"href":"https:\/\/plumanegranoticias.com\/index.php?rest_route=\/wp\/v2\/posts\/8685\/revisions"}],"predecessor-version":[{"id":8686,"href":"https:\/\/plumanegranoticias.com\/index.php?rest_route=\/wp\/v2\/posts\/8685\/revisions\/8686"}],"wp:featuredmedia":[{"embeddable":true,"href":"https:\/\/plumanegranoticias.com\/index.php?rest_route=\/wp\/v2\/media\/8687"}],"wp:attachment":[{"href":"https:\/\/plumanegranoticias.com\/index.php?rest_route=%2Fwp%2Fv2%2Fmedia&parent=8685"}],"wp:term":[{"taxonomy":"category","embeddable":true,"href":"https:\/\/plumanegranoticias.com\/index.php?rest_route=%2Fwp%2Fv2%2Fcategories&post=8685"},{"taxonomy":"post_tag","embeddable":true,"href":"https:\/\/plumanegranoticias.com\/index.php?rest_route=%2Fwp%2Fv2%2Ftags&post=8685"}],"curies":[{"name":"wp","href":"https:\/\/api.w.org\/{rel}","templated":true}]}}