{"id":8697,"date":"2025-02-19T14:52:31","date_gmt":"2025-02-19T20:52:31","guid":{"rendered":"https:\/\/plumanegranoticias.com\/?p=8697"},"modified":"2025-02-19T14:52:48","modified_gmt":"2025-02-19T20:52:48","slug":"misantlecos-denuncian-nepotismo-del-alcalde-al-intentar-dejarle-el-cargo-a-su-hija","status":"publish","type":"post","link":"https:\/\/plumanegranoticias.com\/?p=8697","title":{"rendered":"Misantlecos denuncian nepotismo del alcalde al intentar dejarle el cargo a su hija"},"content":{"rendered":"\n<p>Alejandro \u00c1vila<\/p>\n\n\n\n<p>Misantla, Ver.- A trav\u00e9s de redes sociales cientos de misantlecos han denunciado el presunto nepotismo del alcalde, Javier Hern\u00e1ndez Candanedo, quien desde hace semanas promociona a su hija en los eventos del Ayuntamiento.<\/p>\n\n\n\n<p>Cabe mencionar que, Marlen Hern\u00e1ndez Castillo, hija del alcalde de Misantla, hab\u00eda sido puesta como suplente del ahora diputado local, Vicente Aguilar Castillo; posteriormente, el presidente municipal logr\u00f3 imponerla en la tercera posici\u00f3n de plurinominales de Morena, a pesar de haber logrado su acceso al Congreso de Veracruz, fue &#8220;bajada&#8221; del cargo por la dirigencia estatal y en su lugar le dieron cabida a su suplente, dejando a Marlene Hern\u00e1ndez con un premio de consolaci\u00f3n como directora de Asistencia e Integraci\u00f3n Social del DIF Estatal.<\/p>\n\n\n\n<p>Desde hace algunas semanas la funcionaria estatal se placea en el municipio de Misantla y es fotografiado en compa\u00f1\u00eda de su padre entregando apoyos a los ciudadanos, por lo que las redes sociales estallaron en su contra, apenas este lunes por la tarde acudi\u00f3 a la iglesia de la comunidad de Libertad a entregar unos cu\u00e1ntos bultos de cemento.<\/p>\n\n\n\n<p>Por su parte, el mun\u00edcipe misanteco, Javier Hern\u00e1ndez, sin importarle incurrir en delitos electorales, al hacer entrega de recursos publicos abiertamente para apuntalar la pre campa\u00f1a de su hija para que sea la candidata de MORENA a la Presidencia Municipal de Misantla.<\/p>\n\n\n\n<p>Hern\u00e1ndez Candanedo no promueve los principios e ideales de la 4T, sino pretende imponer una monarqu\u00eda al querer heredarle en lugar de una corona la Presidencia Municipal a su hija, qui\u00e9n no tiene ni experiencia mucho menos trayectoria pol\u00edtica ni en la funci\u00f3n p\u00fablica.<\/p>\n\n\n\n<p>Desde la visita a Misantla de la Gobernadora Roc\u00edo Nahle Garc\u00eda el pasado 15 de Febrero se hizo viral en redes c\u00f3mo la Gobernadora le orden\u00f3 que les pague a los Agentes Municipales y desde ese d\u00eda, parece que la desesperaci\u00f3n se apoder\u00f3 del a\u00fan mun\u00edcipe.<\/p>\n\n\n\n<figure class=\"wp-block-image size-large\"><img loading=\"lazy\" decoding=\"async\" width=\"300\" height=\"173\" src=\"https:\/\/plumanegranoticias.com\/wp-content\/uploads\/2025\/02\/img-20250219-wa01393023389095484833775-300x173.jpg\" alt=\"\" class=\"wp-image-8696\" srcset=\"https:\/\/plumanegranoticias.com\/wp-content\/uploads\/2025\/02\/img-20250219-wa01393023389095484833775-300x173.jpg 300w, https:\/\/plumanegranoticias.com\/wp-content\/uploads\/2025\/02\/img-20250219-wa01393023389095484833775-768x443.jpg 768w, https:\/\/plumanegranoticias.com\/wp-content\/uploads\/2025\/02\/img-20250219-wa01393023389095484833775.jpg 990w\" sizes=\"auto, (max-width: 300px) 100vw, 300px\" \/><\/figure>\n","protected":false},"excerpt":{"rendered":"<p>Alejandro \u00c1vila Misantla, Ver.- A trav\u00e9s de redes sociales cientos de misantlecos han denunciado el presunto nepotismo del alcalde, Javier Hern\u00e1ndez Candanedo, quien desde hace semanas promociona a su hija en los eventos del Ayuntamiento. Cabe mencionar que, Marlen Hern\u00e1ndez Castillo, hija del alcalde de Misantla, hab\u00eda sido puesta como suplente del ahora diputado local,&#8230; <\/p>\n<div class=\"clear\"><\/div>\n<p><a href=\"https:\/\/plumanegranoticias.com\/?p=8697\" class=\"excerpt-read-more\">Read More<i class=\"fa fa-caret-right icon-caret-right\"><\/i><\/a><\/p>\n","protected":false},"author":2,"featured_media":8699,"comment_status":"open","ping_status":"open","sticky":false,"template":"","format":"standard","meta":{"om_disable_all_campaigns":false,"_monsterinsights_skip_tracking":false,"_monsterinsights_sitenote_active":false,"_monsterinsights_sitenote_note":"","_monsterinsights_sitenote_category":0,"_uf_show_specific_survey":0,"_uf_disable_surveys":false,"footnotes":""},"categories":[8,12],"tags":[22,18],"class_list":["post-8697","post","type-post","status-publish","format-standard","has-post-thumbnail","hentry","category-politica","category-regional","tag-nota-roja","tag-noticia"],"aioseo_notices":[],"_links":{"self":[{"href":"https:\/\/plumanegranoticias.com\/index.php?rest_route=\/wp\/v2\/posts\/8697","targetHints":{"allow":["GET"]}}],"collection":[{"href":"https:\/\/plumanegranoticias.com\/index.php?rest_route=\/wp\/v2\/posts"}],"about":[{"href":"https:\/\/plumanegranoticias.com\/index.php?rest_route=\/wp\/v2\/types\/post"}],"author":[{"embeddable":true,"href":"https:\/\/plumanegranoticias.com\/index.php?rest_route=\/wp\/v2\/users\/2"}],"replies":[{"embeddable":true,"href":"https:\/\/plumanegranoticias.com\/index.php?rest_route=%2Fwp%2Fv2%2Fcomments&post=8697"}],"version-history":[{"count":1,"href":"https:\/\/plumanegranoticias.com\/index.php?rest_route=\/wp\/v2\/posts\/8697\/revisions"}],"predecessor-version":[{"id":8698,"href":"https:\/\/plumanegranoticias.com\/index.php?rest_route=\/wp\/v2\/posts\/8697\/revisions\/8698"}],"wp:featuredmedia":[{"embeddable":true,"href":"https:\/\/plumanegranoticias.com\/index.php?rest_route=\/wp\/v2\/media\/8699"}],"wp:attachment":[{"href":"https:\/\/plumanegranoticias.com\/index.php?rest_route=%2Fwp%2Fv2%2Fmedia&parent=8697"}],"wp:term":[{"taxonomy":"category","embeddable":true,"href":"https:\/\/plumanegranoticias.com\/index.php?rest_route=%2Fwp%2Fv2%2Fcategories&post=8697"},{"taxonomy":"post_tag","embeddable":true,"href":"https:\/\/plumanegranoticias.com\/index.php?rest_route=%2Fwp%2Fv2%2Ftags&post=8697"}],"curies":[{"name":"wp","href":"https:\/\/api.w.org\/{rel}","templated":true}]}}