{"id":8720,"date":"2025-02-21T13:12:12","date_gmt":"2025-02-21T19:12:12","guid":{"rendered":"https:\/\/plumanegranoticias.com\/?p=8720"},"modified":"2025-02-21T13:13:10","modified_gmt":"2025-02-21T19:13:10","slug":"diserta-juez-belmonte-lara-conferencia-a-la-barra-de-licenciados-en-derecho","status":"publish","type":"post","link":"https:\/\/plumanegranoticias.com\/?p=8720","title":{"rendered":"DISERTA JUEZ BELMONTE LARA CONFERENCIA A LA BARRA DE LICENCIADOS EN DERECHO"},"content":{"rendered":"\n<p>Veracruz, Ver.- En el marco del D\u00eda Internacional de la Justicia Social, la tarde de ayer, el maestro Luis Eduardo Belmonte Lara, juez D\u00e9cimo Segundo de Primera Instancia Especializado en Materia Familiar, present\u00f3 la conferencia \u201cMedidas Cautelares en el Derecho de la Familia\u201d en el auditorio de la Canaco.<\/p>\n\n\n\n<p>Este evento fue organizado por la Barra de Licenciados en Derecho de Veracruz AC, que preside la maestra Mar\u00eda del Carmen Narv\u00e1ez Zamudio y que integran, entre otros, el vicepresidente licenciado Edilberto Rend\u00f3n D\u00edaz y el secretario, licenciado Francisco Garc\u00eda Espinosa y que busca mejorar la profesionalizaci\u00f3n y acercar la actualizaci\u00f3n del derecho a sus integrantes.<\/p>\n\n\n\n<p>Belmonte Lara, licenciado en derecho por la Universidad Veracruzana y maestro en Derecho Constitucional, es un destacado jurista con una amplia trayectoria, especializado en derecho familiar, constitucional y en la academia.<\/p>\n\n\n\n<p>Antes de ser juez de Primera Instancia en lo familiar, cargo que ocupa desde septiembre de 2024, fungi\u00f3 como juez de Primera Instancia en los Distritos Judiciales de Orizaba, Veracruz, Tierra Blanca, P\u00e1nuco, Coatepec, as\u00ed como en el juzgado D\u00e9cimo de Primera Instancia en Xalapa donde obtuvo su titularidad por concurso de oposici\u00f3n.<\/p>\n\n\n\n<p>Su experiencia en el Poder Judicial de Veracruz, abarca otros cargos importantes como secretario de Estudio y Cuenta y coordinador de la Central de Actuarios, sin pasar por alto que inici\u00f3 su carrera judicial como oficial administrativo en 2008.<\/p>\n\n\n\n<p>Su compromiso con la actualizaci\u00f3n profesional lo ha llevado a capacitarse en temas como aplicaci\u00f3n del control de convencionalidad en la jurisdicci\u00f3n local, los nuevos paradigmas del derecho de la familia, la justicia con perspectiva de g\u00e9nero y la protecci\u00f3n de los derechos de la infancia y la adolescencia.<\/p>\n\n\n\n<p>Particip\u00f3 en un intercambio acad\u00e9mico y jur\u00eddico en China donde tuvo la oportunidad de conocer el sistema legal y judicial de ese pa\u00eds, ampliando su visi\u00f3n sobre el derecho comparado y las din\u00e1micas internacionales en materia jur\u00eddica.<\/p>\n\n\n\n<p>Participaron, como maestro de ceremonias, el licenciado Ernesto Francisco Robles Mena; el catedr\u00e1tico de la UPAV, Narv\u00edn P\u00e9rez \u00c1lvarez y estudiantes de diversas Facultades de Derecho de universidades p\u00fablicas y privadas que abarrotaron el auditorio de la C\u00e1mara Nacional de Comercio-Veracruz.<\/p>\n\n\n\n<figure class=\"wp-block-image size-large\"><img loading=\"lazy\" decoding=\"async\" width=\"1024\" height=\"884\" src=\"https:\/\/plumanegranoticias.com\/wp-content\/uploads\/2025\/02\/img-20250221-wa00385795590086739727898-1024x884.jpg\" alt=\"\" class=\"wp-image-8718\" srcset=\"https:\/\/plumanegranoticias.com\/wp-content\/uploads\/2025\/02\/img-20250221-wa00385795590086739727898-1024x884.jpg 1024w, https:\/\/plumanegranoticias.com\/wp-content\/uploads\/2025\/02\/img-20250221-wa00385795590086739727898-300x259.jpg 300w, https:\/\/plumanegranoticias.com\/wp-content\/uploads\/2025\/02\/img-20250221-wa00385795590086739727898-768x663.jpg 768w, https:\/\/plumanegranoticias.com\/wp-content\/uploads\/2025\/02\/img-20250221-wa00385795590086739727898.jpg 1280w\" sizes=\"auto, (max-width: 1024px) 100vw, 1024px\" \/><\/figure>\n","protected":false},"excerpt":{"rendered":"<p>Veracruz, Ver.- En el marco del D\u00eda Internacional de la Justicia Social, la tarde de ayer, el maestro Luis Eduardo Belmonte Lara, juez D\u00e9cimo Segundo de Primera Instancia Especializado en Materia Familiar, present\u00f3 la conferencia \u201cMedidas Cautelares en el Derecho de la Familia\u201d en el auditorio de la Canaco. Este evento fue organizado por la&#8230; <\/p>\n<div class=\"clear\"><\/div>\n<p><a href=\"https:\/\/plumanegranoticias.com\/?p=8720\" class=\"excerpt-read-more\">Read More<i class=\"fa fa-caret-right icon-caret-right\"><\/i><\/a><\/p>\n","protected":false},"author":2,"featured_media":8719,"comment_status":"open","ping_status":"open","sticky":false,"template":"","format":"standard","meta":{"om_disable_all_campaigns":false,"_monsterinsights_skip_tracking":false,"_monsterinsights_sitenote_active":false,"_monsterinsights_sitenote_note":"","_monsterinsights_sitenote_category":0,"_uf_show_specific_survey":0,"_uf_disable_surveys":false,"footnotes":""},"categories":[8,12],"tags":[18,34],"class_list":["post-8720","post","type-post","status-publish","format-standard","has-post-thumbnail","hentry","category-politica","category-regional","tag-noticia","tag-policiaca"],"aioseo_notices":[],"_links":{"self":[{"href":"https:\/\/plumanegranoticias.com\/index.php?rest_route=\/wp\/v2\/posts\/8720","targetHints":{"allow":["GET"]}}],"collection":[{"href":"https:\/\/plumanegranoticias.com\/index.php?rest_route=\/wp\/v2\/posts"}],"about":[{"href":"https:\/\/plumanegranoticias.com\/index.php?rest_route=\/wp\/v2\/types\/post"}],"author":[{"embeddable":true,"href":"https:\/\/plumanegranoticias.com\/index.php?rest_route=\/wp\/v2\/users\/2"}],"replies":[{"embeddable":true,"href":"https:\/\/plumanegranoticias.com\/index.php?rest_route=%2Fwp%2Fv2%2Fcomments&post=8720"}],"version-history":[{"count":1,"href":"https:\/\/plumanegranoticias.com\/index.php?rest_route=\/wp\/v2\/posts\/8720\/revisions"}],"predecessor-version":[{"id":8721,"href":"https:\/\/plumanegranoticias.com\/index.php?rest_route=\/wp\/v2\/posts\/8720\/revisions\/8721"}],"wp:featuredmedia":[{"embeddable":true,"href":"https:\/\/plumanegranoticias.com\/index.php?rest_route=\/wp\/v2\/media\/8719"}],"wp:attachment":[{"href":"https:\/\/plumanegranoticias.com\/index.php?rest_route=%2Fwp%2Fv2%2Fmedia&parent=8720"}],"wp:term":[{"taxonomy":"category","embeddable":true,"href":"https:\/\/plumanegranoticias.com\/index.php?rest_route=%2Fwp%2Fv2%2Fcategories&post=8720"},{"taxonomy":"post_tag","embeddable":true,"href":"https:\/\/plumanegranoticias.com\/index.php?rest_route=%2Fwp%2Fv2%2Ftags&post=8720"}],"curies":[{"name":"wp","href":"https:\/\/api.w.org\/{rel}","templated":true}]}}