{"id":8762,"date":"2025-02-24T10:11:40","date_gmt":"2025-02-24T16:11:40","guid":{"rendered":"https:\/\/plumanegranoticias.com\/?p=8762"},"modified":"2025-02-24T10:12:12","modified_gmt":"2025-02-24T16:12:12","slug":"escandalo-de-cuitlahuac","status":"publish","type":"post","link":"https:\/\/plumanegranoticias.com\/?p=8762","title":{"rendered":"ESC\u00c1NDALO DE CUITL\u00c1HUAC"},"content":{"rendered":"\n<p class=\"Poromisin\">Pluma Negra<\/p>\n\n\n\n<p class=\"Poromisin\">Ignacio Alvarez<\/p>\n\n\n\n<p class=\"Poromisin\">\u00a0Esc\u00e1ndalo de Cuitl\u00e1huac<\/p>\n\n\n\n<p class=\"Poromisin\">La Auditor\u00eda Superior de la Federaci\u00f3n (ASF) observ\u00f3 tres mil 598 millones 505 mil pesos en la Fiscalizaci\u00f3n de la Cuenta P\u00fablica 2023 de Veracruz; dem\u00e1s, de un incremento a la deuda p\u00fablica, de m\u00e1s de tres mil millones de pesos que en su momento, fueron negados por los funcionarios del gobierno pasado y del propio, Cuitl\u00e1huac Garc\u00eda Jim\u00e9nez, quien hoy ocupada una direcci\u00f3n en el gobierno federal. La situaci\u00f3n coloca al ex gobernador en un esc\u00e1ndalo por resolver.\u00a0 \u00a0<\/p>\n\n\n\n<p class=\"Poromisin\">\u00a0La administraci\u00f3n de Cuitl\u00e1huac Garc\u00eda y de Jos\u00e9 Luis Lima Franco en Sefiplan, que ahora, busca ser candidato en Poza Rica,\u00a0 tuvo un mal manejo de mil 724 millones 37 mil pesos que no comprobaron adecuadamente en qu\u00e9, o c\u00f3mo se los gastaron en el a\u00f1o 2023 y falta el 2024.<\/p>\n\n\n\n<p class=\"Poromisin\">\u00a0Con esos n\u00fameros rojos, Veracruz se convierte en uno de los estados del pa\u00eds con m\u00e1s irregularidades en el manejo de los recursos p\u00fablicos que el gobierno federal envi\u00f3 al estado en ese a\u00f1o fiscal; pero no s\u00f3lo el gobierno de Veracruz, sino tambi\u00e9n los gobiernos municipales no comprobaron bien el dinero p\u00fablico que recibieron en el 2023.<\/p>\n\n\n\n<p class=\"Poromisin\">\u00a0El gobierno de Cuitl\u00e1huac Garc\u00eda result\u00f3 muy parecido a sus antecesores, a los que se critic\u00f3 por a\u00f1os, en el 2023 el gobierno de Veracruz no pudo comprobar m\u00e1s de mil 700 millones y entra ahora, a un proceso legal de solventaci\u00f3n, que obliga a los ex funcionarios, en especial a Jose Luis Lima Franco y al diputado federal, Eleazar Guerrero a regresar a revisar sus cuentas, al igual que al ex gobernador y director general de la Comisi\u00f3n Nacional de Control Gas Natural, como principal responsable de la administraci\u00f3n p\u00fablica.<\/p>\n\n\n\n<p class=\"Poromisin\">\u00a0Y de malos administradores, pasaron a mentirosos,\u00a0 ya que siempre se dijo que en su administraci\u00f3n se pagaba la deuda y no se endeudaba m\u00e1s a Veracruz, pero las cuentas de la federaci\u00f3n indican que se adquiri\u00f3 una deuda superior a los tres mil millones de pesos para los veracruzanos.<\/p>\n\n\n\n<p class=\"Poromisin\">\u00a0Algunos municipios del estado, no cantan mal las rancheras y deber\u00e1n de aclarar el manejo de 620 millones 703 mil de pesos que recibieron de la federaci\u00f3n y no comprobaron \u00a0<\/p>\n\n\n\n<p class=\"Poromisin\">\u00a0Pero Veracruz en los tiempos de MORENA, no es el \u00fanico en malos manejos, el gobierno federal en la administraci\u00f3n del ex presidente Andr\u00e9s Manuel L\u00f3pez Obrador, tuvo observaciones de irregularidades por 51 mil 979 millones de pesos, de acuerdo al informe de la Auditor\u00eda Superior de la Federaci\u00f3n.<\/p>\n\n\n\n<p class=\"Poromisin\">\u00a0Y para muestra un bot\u00f3n; en el sector Salud de Veracruz es donde se registraron buena parte de las irregularidades que se reflejan en esa constante falta de medicamentos y de infraestructura de los centros hospitalarios de todo el estado.<\/p>\n\n\n\n<p class=\"Poromisin\">\u00a0Este nuevo esc\u00e1ndalo de un ex gobernador de MORENA y sus colaboradores, supera las primaras planas de los medios de comunicaci\u00f3n, por encima de la incomodidad que provoc\u00f3 en las huestes morenistas el ingreso del ex panista, Miguel Angel Yunes M\u00e1rquez.<\/p>\n\n\n\n<figure class=\"wp-block-image size-large\"><img loading=\"lazy\" decoding=\"async\" width=\"1024\" height=\"663\" src=\"https:\/\/plumanegranoticias.com\/wp-content\/uploads\/2025\/02\/fb_img_17404134110895096931837758397365-1024x663.jpg\" alt=\"\" class=\"wp-image-8761\" srcset=\"https:\/\/plumanegranoticias.com\/wp-content\/uploads\/2025\/02\/fb_img_17404134110895096931837758397365-1024x663.jpg 1024w, https:\/\/plumanegranoticias.com\/wp-content\/uploads\/2025\/02\/fb_img_17404134110895096931837758397365-300x194.jpg 300w, https:\/\/plumanegranoticias.com\/wp-content\/uploads\/2025\/02\/fb_img_17404134110895096931837758397365-768x497.jpg 768w, https:\/\/plumanegranoticias.com\/wp-content\/uploads\/2025\/02\/fb_img_17404134110895096931837758397365.jpg 1080w\" sizes=\"auto, (max-width: 1024px) 100vw, 1024px\" \/><\/figure>\n","protected":false},"excerpt":{"rendered":"<p>Pluma Negra Ignacio Alvarez \u00a0Esc\u00e1ndalo de Cuitl\u00e1huac La Auditor\u00eda Superior de la Federaci\u00f3n (ASF) observ\u00f3 tres mil 598 millones 505 mil pesos en la Fiscalizaci\u00f3n de la Cuenta P\u00fablica 2023 de Veracruz; dem\u00e1s, de un incremento a la deuda p\u00fablica, de m\u00e1s de tres mil millones de pesos que en su momento, fueron negados por&#8230; <\/p>\n<div class=\"clear\"><\/div>\n<p><a href=\"https:\/\/plumanegranoticias.com\/?p=8762\" class=\"excerpt-read-more\">Read More<i class=\"fa fa-caret-right icon-caret-right\"><\/i><\/a><\/p>\n","protected":false},"author":2,"featured_media":8764,"comment_status":"open","ping_status":"open","sticky":false,"template":"","format":"standard","meta":{"om_disable_all_campaigns":false,"_monsterinsights_skip_tracking":false,"_monsterinsights_sitenote_active":false,"_monsterinsights_sitenote_note":"","_monsterinsights_sitenote_category":0,"_uf_show_specific_survey":0,"_uf_disable_surveys":false,"footnotes":""},"categories":[16,8,12],"tags":[37,18,30],"class_list":["post-8762","post","type-post","status-publish","format-standard","has-post-thumbnail","hentry","category-plumazos","category-politica","category-regional","tag-editorial","tag-noticia","tag-plumazos"],"aioseo_notices":[],"_links":{"self":[{"href":"https:\/\/plumanegranoticias.com\/index.php?rest_route=\/wp\/v2\/posts\/8762","targetHints":{"allow":["GET"]}}],"collection":[{"href":"https:\/\/plumanegranoticias.com\/index.php?rest_route=\/wp\/v2\/posts"}],"about":[{"href":"https:\/\/plumanegranoticias.com\/index.php?rest_route=\/wp\/v2\/types\/post"}],"author":[{"embeddable":true,"href":"https:\/\/plumanegranoticias.com\/index.php?rest_route=\/wp\/v2\/users\/2"}],"replies":[{"embeddable":true,"href":"https:\/\/plumanegranoticias.com\/index.php?rest_route=%2Fwp%2Fv2%2Fcomments&post=8762"}],"version-history":[{"count":1,"href":"https:\/\/plumanegranoticias.com\/index.php?rest_route=\/wp\/v2\/posts\/8762\/revisions"}],"predecessor-version":[{"id":8763,"href":"https:\/\/plumanegranoticias.com\/index.php?rest_route=\/wp\/v2\/posts\/8762\/revisions\/8763"}],"wp:featuredmedia":[{"embeddable":true,"href":"https:\/\/plumanegranoticias.com\/index.php?rest_route=\/wp\/v2\/media\/8764"}],"wp:attachment":[{"href":"https:\/\/plumanegranoticias.com\/index.php?rest_route=%2Fwp%2Fv2%2Fmedia&parent=8762"}],"wp:term":[{"taxonomy":"category","embeddable":true,"href":"https:\/\/plumanegranoticias.com\/index.php?rest_route=%2Fwp%2Fv2%2Fcategories&post=8762"},{"taxonomy":"post_tag","embeddable":true,"href":"https:\/\/plumanegranoticias.com\/index.php?rest_route=%2Fwp%2Fv2%2Ftags&post=8762"}],"curies":[{"name":"wp","href":"https:\/\/api.w.org\/{rel}","templated":true}]}}