{"id":8774,"date":"2025-02-24T11:48:46","date_gmt":"2025-02-24T17:48:46","guid":{"rendered":"https:\/\/plumanegranoticias.com\/?p=8774"},"modified":"2025-02-24T11:49:09","modified_gmt":"2025-02-24T17:49:09","slug":"imputado-como-probable-responsable-del-delito-de-feminicidio-en-grado-de-tentativa","status":"publish","type":"post","link":"https:\/\/plumanegranoticias.com\/?p=8774","title":{"rendered":"Imputado como probable responsable del delito de feminicidio en grado de tentativa"},"content":{"rendered":"\n<p class=\"MsoNormal\">Coatzacoalcos, Ver., 24 de febrero 2025.- La Fiscal\u00eda Especializada en Delitos de Violencia contra la Familia, Mujeres, Ni\u00f1as y Ni\u00f1os y de Trata de Personas realiz\u00f3 imputaci\u00f3n en contra de Vicente \u201cN\u201d como probable responsable del delito de feminicidio en grado de tentativa en agravio de una v\u00edctima de identidad resguardada.<\/p>\n\n\n\n<p class=\"MsoNormal\">Hechos ocurridos el 29 de febrero del a\u00f1o en curso, al interior de un domicilio ubicado en la colonia Puerto M\u00e9xico, de esta ciudad, cuando el ahora imputado probablemente violent\u00f3 de manera f\u00edsica a la v\u00edctima con la intenci\u00f3n de privarla de la vida con un machete, sin embargo, no aconteci\u00f3 por causas ajenas a la de su voluntad.<\/p>\n\n\n\n<p class=\"MsoNormal\">El juez dict\u00f3 como medida cautela prisi\u00f3n preventiva oficiosa, dentro del proceso penal 39\/2025.<\/p>\n\n\n\n<figure class=\"wp-block-image\"><img decoding=\"async\" src=\"file:\/\/\/data\/user\/0\/com.microsoft.office.word\/files\/temp\/msohtmlclip\/clip_image002.png\" alt=\"\"\/><\/figure>\n\n\n\n<figure class=\"wp-block-image size-large\"><img loading=\"lazy\" decoding=\"async\" width=\"1024\" height=\"1024\" src=\"https:\/\/plumanegranoticias.com\/wp-content\/uploads\/2025\/02\/img-20250224-wa00595511802922084094908-1024x1024.jpg\" alt=\"\" class=\"wp-image-8773\" srcset=\"https:\/\/plumanegranoticias.com\/wp-content\/uploads\/2025\/02\/img-20250224-wa00595511802922084094908-1024x1024.jpg 1024w, https:\/\/plumanegranoticias.com\/wp-content\/uploads\/2025\/02\/img-20250224-wa00595511802922084094908-300x300.jpg 300w, https:\/\/plumanegranoticias.com\/wp-content\/uploads\/2025\/02\/img-20250224-wa00595511802922084094908-150x150.jpg 150w, https:\/\/plumanegranoticias.com\/wp-content\/uploads\/2025\/02\/img-20250224-wa00595511802922084094908-768x768.jpg 768w, https:\/\/plumanegranoticias.com\/wp-content\/uploads\/2025\/02\/img-20250224-wa00595511802922084094908-400x400.jpg 400w, https:\/\/plumanegranoticias.com\/wp-content\/uploads\/2025\/02\/img-20250224-wa00595511802922084094908.jpg 1200w\" sizes=\"auto, (max-width: 1024px) 100vw, 1024px\" \/><\/figure>\n\n\n\n<figure class=\"wp-block-image\"><img decoding=\"async\" src=\"file:\/\/\/data\/user\/0\/com.microsoft.office.word\/files\/temp\/msohtmlclip\/clip_image004.jpg\" alt=\"\"\/><\/figure>\n","protected":false},"excerpt":{"rendered":"<p>Coatzacoalcos, Ver., 24 de febrero 2025.- La Fiscal\u00eda Especializada en Delitos de Violencia contra la Familia, Mujeres, Ni\u00f1as y Ni\u00f1os y de Trata de Personas realiz\u00f3 imputaci\u00f3n en contra de Vicente \u201cN\u201d como probable responsable del delito de feminicidio en grado de tentativa en agravio de una v\u00edctima de identidad resguardada. Hechos ocurridos el 29&#8230; <\/p>\n<div class=\"clear\"><\/div>\n<p><a href=\"https:\/\/plumanegranoticias.com\/?p=8774\" class=\"excerpt-read-more\">Read More<i class=\"fa fa-caret-right icon-caret-right\"><\/i><\/a><\/p>\n","protected":false},"author":2,"featured_media":8776,"comment_status":"open","ping_status":"open","sticky":false,"template":"","format":"standard","meta":{"om_disable_all_campaigns":false,"_monsterinsights_skip_tracking":false,"_monsterinsights_sitenote_active":false,"_monsterinsights_sitenote_note":"","_monsterinsights_sitenote_category":0,"_uf_show_specific_survey":0,"_uf_disable_surveys":false,"footnotes":""},"categories":[13,8,12],"tags":[22,18],"class_list":["post-8774","post","type-post","status-publish","format-standard","has-post-thumbnail","hentry","category-nota-roja","category-politica","category-regional","tag-nota-roja","tag-noticia"],"aioseo_notices":[],"_links":{"self":[{"href":"https:\/\/plumanegranoticias.com\/index.php?rest_route=\/wp\/v2\/posts\/8774","targetHints":{"allow":["GET"]}}],"collection":[{"href":"https:\/\/plumanegranoticias.com\/index.php?rest_route=\/wp\/v2\/posts"}],"about":[{"href":"https:\/\/plumanegranoticias.com\/index.php?rest_route=\/wp\/v2\/types\/post"}],"author":[{"embeddable":true,"href":"https:\/\/plumanegranoticias.com\/index.php?rest_route=\/wp\/v2\/users\/2"}],"replies":[{"embeddable":true,"href":"https:\/\/plumanegranoticias.com\/index.php?rest_route=%2Fwp%2Fv2%2Fcomments&post=8774"}],"version-history":[{"count":1,"href":"https:\/\/plumanegranoticias.com\/index.php?rest_route=\/wp\/v2\/posts\/8774\/revisions"}],"predecessor-version":[{"id":8775,"href":"https:\/\/plumanegranoticias.com\/index.php?rest_route=\/wp\/v2\/posts\/8774\/revisions\/8775"}],"wp:featuredmedia":[{"embeddable":true,"href":"https:\/\/plumanegranoticias.com\/index.php?rest_route=\/wp\/v2\/media\/8776"}],"wp:attachment":[{"href":"https:\/\/plumanegranoticias.com\/index.php?rest_route=%2Fwp%2Fv2%2Fmedia&parent=8774"}],"wp:term":[{"taxonomy":"category","embeddable":true,"href":"https:\/\/plumanegranoticias.com\/index.php?rest_route=%2Fwp%2Fv2%2Fcategories&post=8774"},{"taxonomy":"post_tag","embeddable":true,"href":"https:\/\/plumanegranoticias.com\/index.php?rest_route=%2Fwp%2Fv2%2Ftags&post=8774"}],"curies":[{"name":"wp","href":"https:\/\/api.w.org\/{rel}","templated":true}]}}