{"id":8887,"date":"2025-02-27T07:19:02","date_gmt":"2025-02-27T13:19:02","guid":{"rendered":"https:\/\/plumanegranoticias.com\/?p=8887"},"modified":"2025-02-27T07:19:26","modified_gmt":"2025-02-27T13:19:26","slug":"una-persona-detenida-evervantes-y-vehiculos-asegurados-en-operativo-de-cateo-con-fuerzas-federales-en-isla","status":"publish","type":"post","link":"https:\/\/plumanegranoticias.com\/?p=8887","title":{"rendered":"UNA PERSONA DETENIDA, EVERVANTES Y VEH\u00cdCULOS ASEGURADOS EN OPERATIVO DE CATEO CON FUERZAS FEDERALES EN ISLA."},"content":{"rendered":"\n<p class=\"MsoNormal wp-block-paragraph\"><\/p>\n\n\n\n<p class=\"MsoNormal wp-block-paragraph\"><strong>I<\/strong>\u00f1\u00f1<\/p>\n\n\n\n<p class=\"MsoNormal wp-block-paragraph\">I<strong>sla, Ver., a 27 de febrero del 2025.-<\/strong>La Fiscal\u00eda General del Estado informa que, Fiscales, Peritos y Polic\u00edas Ministeriales adscritos a la Fiscal\u00eda Regional Cosamaloapan, en coordinaci\u00f3n con la Secretar\u00eda de la Defensa Nacional, \u00a0detuvieron en flagrancia a Jairo Salim \u201cN\u201d.<\/p>\n\n\n\n<p class=\"MsoNormal wp-block-paragraph\">Los hechos ocurrieron cuando los elementos policiales llevaban a cabo un cateo autorizado por un juez en la avenida Ni\u00f1o Perdido de esta ciudad, donde le fue asegurada hierba verde seca con caracter\u00edsticas similares a las de la marihuana y una sustancia granulada, pipas hechizas y de cristal, una b\u00e1scula gramera, cartuchos bal\u00edsticos, autom\u00f3viles y camionetas de diferentes modelos y marcas, un tractocami\u00f3n y 43 motocicletas.<\/p>\n\n\n\n<p class=\"MsoNormal wp-block-paragraph\">Respetando sus derechos humanos y el debido proceso, el detenido fue presentado ante el fiscal correspondiente de la Fiscal\u00eda Regional Cosamaloapan para que defina su situaci\u00f3n jur\u00eddica.<\/p>\n\n\n\n<figure class=\"wp-block-image size-large\"><img loading=\"lazy\" decoding=\"async\" width=\"300\" height=\"300\" src=\"https:\/\/plumanegranoticias.com\/wp-content\/uploads\/2025\/02\/img-20250227-wa00016831592536147282974-300x300.jpg\" alt=\"\" class=\"wp-image-8886\" srcset=\"https:\/\/plumanegranoticias.com\/wp-content\/uploads\/2025\/02\/img-20250227-wa00016831592536147282974-300x300.jpg 300w, https:\/\/plumanegranoticias.com\/wp-content\/uploads\/2025\/02\/img-20250227-wa00016831592536147282974-150x150.jpg 150w, https:\/\/plumanegranoticias.com\/wp-content\/uploads\/2025\/02\/img-20250227-wa00016831592536147282974-400x400.jpg 400w, https:\/\/plumanegranoticias.com\/wp-content\/uploads\/2025\/02\/img-20250227-wa00016831592536147282974.jpg 720w\" sizes=\"auto, (max-width: 300px) 100vw, 300px\" \/><\/figure>\n\n\n\n<figure class=\"wp-block-image\"><img decoding=\"async\" src=\"file:\/\/\/data\/user\/0\/com.microsoft.office.word\/files\/temp\/msohtmlclip\/clip_image002.png\" alt=\"\"\/><\/figure>\n\n\n\n<figure class=\"wp-block-image\"><img decoding=\"async\" src=\"file:\/\/\/data\/user\/0\/com.microsoft.office.word\/files\/temp\/msohtmlclip\/clip_image004.jpg\" alt=\"\"\/><\/figure>\n","protected":false},"excerpt":{"rendered":"<p>I\u00f1\u00f1 Isla, Ver., a 27 de febrero del 2025.-La Fiscal\u00eda General del Estado informa que, Fiscales, Peritos y Polic\u00edas Ministeriales adscritos a la Fiscal\u00eda Regional Cosamaloapan, en coordinaci\u00f3n con la Secretar\u00eda de la Defensa Nacional, \u00a0detuvieron en flagrancia a Jairo Salim \u201cN\u201d. Los hechos ocurrieron cuando los elementos policiales llevaban a cabo un cateo autorizado&#8230; <\/p>\n<div class=\"clear\"><\/div>\n<p><a href=\"https:\/\/plumanegranoticias.com\/?p=8887\" class=\"excerpt-read-more\">Read More<i class=\"fa fa-caret-right icon-caret-right\"><\/i><\/a><\/p>\n","protected":false},"author":2,"featured_media":8889,"comment_status":"open","ping_status":"open","sticky":false,"template":"","format":"standard","meta":{"om_disable_all_campaigns":false,"_monsterinsights_skip_tracking":false,"_uf_show_specific_survey":0,"_uf_disable_surveys":false,"footnotes":""},"categories":[1],"tags":[22,18],"class_list":["post-8887","post","type-post","status-publish","format-standard","has-post-thumbnail","hentry","category-blog","tag-nota-roja","tag-noticia"],"aioseo_notices":[],"aioseo_head":"\n\t\t<!-- All in One SEO 5.0.0.1 - aioseo.com -->\n\t<meta name=\"description\" content=\"I\u00f1\u00f1 Isla, Ver., a 27 de febrero del 2025.-La Fiscal\u00eda General del Estado informa que, Fiscales, Peritos y Polic\u00edas Ministeriales adscritos a la Fiscal\u00eda Regional Cosamaloapan, en coordinaci\u00f3n con la Secretar\u00eda de la Defensa Nacional, detuvieron en flagrancia a Jairo Salim \u201cN\u201d. Los hechos ocurrieron cuando los elementos policiales llevaban a cabo un cateo autorizado\" \/>\n\t<meta name=\"robots\" content=\"max-image-preview:large\" \/>\n\t<meta name=\"author\" content=\"Ignacio \u00c1lvarez\"\/>\n\t<link rel=\"canonical\" href=\"https:\/\/plumanegranoticias.com\/?p=8887\" \/>\n\t<meta name=\"generator\" content=\"All in One SEO (AIOSEO) 5.0.0.1\" \/>\n\t\t<meta property=\"og:locale\" content=\"es_MX\" \/>\n\t\t<meta property=\"og:site_name\" content=\"plumanegranoticias.com -\" \/>\n\t\t<meta property=\"og:type\" content=\"article\" \/>\n\t\t<meta property=\"og:title\" content=\"UNA PERSONA DETENIDA, EVERVANTES Y VEH\u00cdCULOS ASEGURADOS EN OPERATIVO DE CATEO CON FUERZAS FEDERALES EN ISLA. - plumanegranoticias.com\" \/>\n\t\t<meta property=\"og:description\" content=\"I\u00f1\u00f1 Isla, Ver., a 27 de febrero del 2025.-La Fiscal\u00eda General del Estado informa que, Fiscales, Peritos y Polic\u00edas Ministeriales adscritos a la Fiscal\u00eda Regional Cosamaloapan, en coordinaci\u00f3n con la Secretar\u00eda de la Defensa Nacional, detuvieron en flagrancia a Jairo Salim \u201cN\u201d. Los hechos ocurrieron cuando los elementos policiales llevaban a cabo un cateo autorizado\" \/>\n\t\t<meta property=\"og:url\" content=\"https:\/\/plumanegranoticias.com\/?p=8887\" \/>\n\t\t<meta property=\"article:published_time\" content=\"2025-02-27T13:19:02+00:00\" \/>\n\t\t<meta property=\"article:modified_time\" content=\"2025-02-27T13:19:26+00:00\" \/>\n\t\t<meta name=\"twitter:card\" content=\"summary_large_image\" \/>\n\t\t<meta name=\"twitter:title\" content=\"UNA PERSONA DETENIDA, EVERVANTES Y VEH\u00cdCULOS ASEGURADOS EN OPERATIVO DE CATEO CON FUERZAS FEDERALES EN ISLA. - plumanegranoticias.com\" \/>\n\t\t<meta name=\"twitter:description\" content=\"I\u00f1\u00f1 Isla, Ver., a 27 de febrero del 2025.-La Fiscal\u00eda General del Estado informa que, Fiscales, Peritos y Polic\u00edas Ministeriales adscritos a la Fiscal\u00eda Regional Cosamaloapan, en coordinaci\u00f3n con la Secretar\u00eda de la Defensa Nacional, detuvieron en flagrancia a Jairo Salim \u201cN\u201d. Los hechos ocurrieron cuando los elementos policiales llevaban a cabo un cateo autorizado\" \/>\n\t\t<script type=\"application\/ld+json\" class=\"aioseo-schema\">\n\t\t\t{\"@context\":\"https:\\\/\\\/schema.org\",\"@graph\":[{\"@type\":\"BlogPosting\",\"@id\":\"https:\\\/\\\/plumanegranoticias.com\\\/?p=8887#blogposting\",\"name\":\"UNA PERSONA DETENIDA, EVERVANTES Y VEH\\u00cdCULOS ASEGURADOS EN OPERATIVO DE CATEO CON FUERZAS FEDERALES EN ISLA. - plumanegranoticias.com\",\"headline\":\"UNA PERSONA DETENIDA, EVERVANTES Y VEH\\u00cdCULOS ASEGURADOS EN OPERATIVO DE CATEO CON FUERZAS FEDERALES EN ISLA.\",\"author\":{\"@id\":\"https:\\\/\\\/plumanegranoticias.com\\\/?author=2#author\"},\"publisher\":{\"@id\":\"https:\\\/\\\/plumanegranoticias.com\\\/#organization\"},\"image\":{\"@type\":\"ImageObject\",\"url\":\"https:\\\/\\\/plumanegranoticias.com\\\/wp-content\\\/uploads\\\/2025\\\/02\\\/IMG-20250227-WA0009.jpg\",\"width\":720,\"height\":720},\"datePublished\":\"2025-02-27T07:19:02-06:00\",\"dateModified\":\"2025-02-27T07:19:26-06:00\",\"inLanguage\":\"es-MX\",\"mainEntityOfPage\":{\"@id\":\"https:\\\/\\\/plumanegranoticias.com\\\/?p=8887#webpage\"},\"isPartOf\":{\"@id\":\"https:\\\/\\\/plumanegranoticias.com\\\/?p=8887#webpage\"},\"articleSection\":\"Blog, Nota Roja, Noticia\"},{\"@type\":\"BreadcrumbList\",\"@id\":\"https:\\\/\\\/plumanegranoticias.com\\\/?p=8887#breadcrumblist\",\"itemListElement\":[{\"@type\":\"ListItem\",\"@id\":\"https:\\\/\\\/plumanegranoticias.com#listItem\",\"position\":1,\"name\":\"Home\",\"item\":\"https:\\\/\\\/plumanegranoticias.com\",\"nextItem\":{\"@type\":\"ListItem\",\"@id\":\"https:\\\/\\\/plumanegranoticias.com\\\/?cat=1#listItem\",\"name\":\"Blog\"}},{\"@type\":\"ListItem\",\"@id\":\"https:\\\/\\\/plumanegranoticias.com\\\/?cat=1#listItem\",\"position\":2,\"name\":\"Blog\",\"item\":\"https:\\\/\\\/plumanegranoticias.com\\\/?cat=1\",\"nextItem\":{\"@type\":\"ListItem\",\"@id\":\"https:\\\/\\\/plumanegranoticias.com\\\/?p=8887#listItem\",\"name\":\"UNA PERSONA DETENIDA, EVERVANTES Y VEH\\u00cdCULOS ASEGURADOS EN OPERATIVO DE CATEO CON FUERZAS FEDERALES EN ISLA.\"},\"previousItem\":{\"@type\":\"ListItem\",\"@id\":\"https:\\\/\\\/plumanegranoticias.com#listItem\",\"name\":\"Home\"}},{\"@type\":\"ListItem\",\"@id\":\"https:\\\/\\\/plumanegranoticias.com\\\/?p=8887#listItem\",\"position\":3,\"name\":\"UNA PERSONA DETENIDA, EVERVANTES Y VEH\\u00cdCULOS ASEGURADOS EN OPERATIVO DE CATEO CON FUERZAS FEDERALES EN ISLA.\",\"previousItem\":{\"@type\":\"ListItem\",\"@id\":\"https:\\\/\\\/plumanegranoticias.com\\\/?cat=1#listItem\",\"name\":\"Blog\"}}]},{\"@type\":\"Organization\",\"@id\":\"https:\\\/\\\/plumanegranoticias.com\\\/#organization\",\"name\":\"plumanegranoticias.com\",\"url\":\"https:\\\/\\\/plumanegranoticias.com\\\/\"},{\"@type\":\"Person\",\"@id\":\"https:\\\/\\\/plumanegranoticias.com\\\/?author=2#author\",\"url\":\"https:\\\/\\\/plumanegranoticias.com\\\/?author=2\",\"name\":\"Ignacio \\u00c1lvarez\",\"image\":{\"@type\":\"ImageObject\",\"@id\":\"https:\\\/\\\/plumanegranoticias.com\\\/?p=8887#authorImage\",\"url\":\"https:\\\/\\\/secure.gravatar.com\\\/avatar\\\/50d15f5139fd84e7a48ef23fcd81dc58ca9890401d4d15ad86caf43620b1771f?s=96&d=mm&r=g\",\"width\":96,\"height\":96,\"caption\":\"Ignacio \\u00c1lvarez\"}},{\"@type\":\"WebPage\",\"@id\":\"https:\\\/\\\/plumanegranoticias.com\\\/?p=8887#webpage\",\"url\":\"https:\\\/\\\/plumanegranoticias.com\\\/?p=8887\",\"name\":\"UNA PERSONA DETENIDA, EVERVANTES Y VEH\\u00cdCULOS ASEGURADOS EN OPERATIVO DE CATEO CON FUERZAS FEDERALES EN ISLA. - plumanegranoticias.com\",\"description\":\"I\\u00f1\\u00f1 Isla, Ver., a 27 de febrero del 2025.-La Fiscal\\u00eda General del Estado informa que, Fiscales, Peritos y Polic\\u00edas Ministeriales adscritos a la Fiscal\\u00eda Regional Cosamaloapan, en coordinaci\\u00f3n con la Secretar\\u00eda de la Defensa Nacional, detuvieron en flagrancia a Jairo Salim \\u201cN\\u201d. Los hechos ocurrieron cuando los elementos policiales llevaban a cabo un cateo autorizado\",\"inLanguage\":\"es-MX\",\"isPartOf\":{\"@id\":\"https:\\\/\\\/plumanegranoticias.com\\\/#website\"},\"breadcrumb\":{\"@id\":\"https:\\\/\\\/plumanegranoticias.com\\\/?p=8887#breadcrumblist\"},\"author\":{\"@id\":\"https:\\\/\\\/plumanegranoticias.com\\\/?author=2#author\"},\"creator\":{\"@id\":\"https:\\\/\\\/plumanegranoticias.com\\\/?author=2#author\"},\"image\":{\"@type\":\"ImageObject\",\"url\":\"https:\\\/\\\/plumanegranoticias.com\\\/wp-content\\\/uploads\\\/2025\\\/02\\\/IMG-20250227-WA0009.jpg\",\"@id\":\"https:\\\/\\\/plumanegranoticias.com\\\/?p=8887\\\/#mainImage\",\"width\":720,\"height\":720},\"primaryImageOfPage\":{\"@id\":\"https:\\\/\\\/plumanegranoticias.com\\\/?p=8887#mainImage\"},\"datePublished\":\"2025-02-27T07:19:02-06:00\",\"dateModified\":\"2025-02-27T07:19:26-06:00\"},{\"@type\":\"WebSite\",\"@id\":\"https:\\\/\\\/plumanegranoticias.com\\\/#website\",\"url\":\"https:\\\/\\\/plumanegranoticias.com\\\/\",\"name\":\"plumanegranoticias.com\",\"inLanguage\":\"es-MX\",\"publisher\":{\"@id\":\"https:\\\/\\\/plumanegranoticias.com\\\/#organization\"}}]}\n\t\t<\/script>\n\t\t<!-- All in One SEO -->\n\n","aioseo_head_json":{"title":"UNA PERSONA DETENIDA, EVERVANTES Y VEH\u00cdCULOS ASEGURADOS EN OPERATIVO DE CATEO CON FUERZAS FEDERALES EN ISLA. - plumanegranoticias.com","description":"I\u00f1\u00f1 Isla, Ver., a 27 de febrero del 2025.-La Fiscal\u00eda General del Estado informa que, Fiscales, Peritos y Polic\u00edas Ministeriales adscritos a la Fiscal\u00eda Regional Cosamaloapan, en coordinaci\u00f3n con la Secretar\u00eda de la Defensa Nacional, detuvieron en flagrancia a Jairo Salim \u201cN\u201d. Los hechos ocurrieron cuando los elementos policiales llevaban a cabo un cateo autorizado","canonical_url":"https:\/\/plumanegranoticias.com\/?p=8887","robots":"max-image-preview:large","keywords":"","webmasterTools":{"miscellaneous":""},"schema":{"@context":"https:\/\/schema.org","@graph":[{"@type":"BlogPosting","@id":"https:\/\/plumanegranoticias.com\/?p=8887#blogposting","name":"UNA PERSONA DETENIDA, EVERVANTES Y VEH\u00cdCULOS ASEGURADOS EN OPERATIVO DE CATEO CON FUERZAS FEDERALES EN ISLA. - plumanegranoticias.com","headline":"UNA PERSONA DETENIDA, EVERVANTES Y VEH\u00cdCULOS ASEGURADOS EN OPERATIVO DE CATEO CON FUERZAS FEDERALES EN ISLA.","author":{"@id":"https:\/\/plumanegranoticias.com\/?author=2#author"},"publisher":{"@id":"https:\/\/plumanegranoticias.com\/#organization"},"image":{"@type":"ImageObject","url":"https:\/\/plumanegranoticias.com\/wp-content\/uploads\/2025\/02\/IMG-20250227-WA0009.jpg","width":720,"height":720},"datePublished":"2025-02-27T07:19:02-06:00","dateModified":"2025-02-27T07:19:26-06:00","inLanguage":"es-MX","mainEntityOfPage":{"@id":"https:\/\/plumanegranoticias.com\/?p=8887#webpage"},"isPartOf":{"@id":"https:\/\/plumanegranoticias.com\/?p=8887#webpage"},"articleSection":"Blog, Nota Roja, Noticia"},{"@type":"BreadcrumbList","@id":"https:\/\/plumanegranoticias.com\/?p=8887#breadcrumblist","itemListElement":[{"@type":"ListItem","@id":"https:\/\/plumanegranoticias.com#listItem","position":1,"name":"Home","item":"https:\/\/plumanegranoticias.com","nextItem":{"@type":"ListItem","@id":"https:\/\/plumanegranoticias.com\/?cat=1#listItem","name":"Blog"}},{"@type":"ListItem","@id":"https:\/\/plumanegranoticias.com\/?cat=1#listItem","position":2,"name":"Blog","item":"https:\/\/plumanegranoticias.com\/?cat=1","nextItem":{"@type":"ListItem","@id":"https:\/\/plumanegranoticias.com\/?p=8887#listItem","name":"UNA PERSONA DETENIDA, EVERVANTES Y VEH\u00cdCULOS ASEGURADOS EN OPERATIVO DE CATEO CON FUERZAS FEDERALES EN ISLA."},"previousItem":{"@type":"ListItem","@id":"https:\/\/plumanegranoticias.com#listItem","name":"Home"}},{"@type":"ListItem","@id":"https:\/\/plumanegranoticias.com\/?p=8887#listItem","position":3,"name":"UNA PERSONA DETENIDA, EVERVANTES Y VEH\u00cdCULOS ASEGURADOS EN OPERATIVO DE CATEO CON FUERZAS FEDERALES EN ISLA.","previousItem":{"@type":"ListItem","@id":"https:\/\/plumanegranoticias.com\/?cat=1#listItem","name":"Blog"}}]},{"@type":"Organization","@id":"https:\/\/plumanegranoticias.com\/#organization","name":"plumanegranoticias.com","url":"https:\/\/plumanegranoticias.com\/"},{"@type":"Person","@id":"https:\/\/plumanegranoticias.com\/?author=2#author","url":"https:\/\/plumanegranoticias.com\/?author=2","name":"Ignacio \u00c1lvarez","image":{"@type":"ImageObject","@id":"https:\/\/plumanegranoticias.com\/?p=8887#authorImage","url":"https:\/\/secure.gravatar.com\/avatar\/50d15f5139fd84e7a48ef23fcd81dc58ca9890401d4d15ad86caf43620b1771f?s=96&d=mm&r=g","width":96,"height":96,"caption":"Ignacio \u00c1lvarez"}},{"@type":"WebPage","@id":"https:\/\/plumanegranoticias.com\/?p=8887#webpage","url":"https:\/\/plumanegranoticias.com\/?p=8887","name":"UNA PERSONA DETENIDA, EVERVANTES Y VEH\u00cdCULOS ASEGURADOS EN OPERATIVO DE CATEO CON FUERZAS FEDERALES EN ISLA. - plumanegranoticias.com","description":"I\u00f1\u00f1 Isla, Ver., a 27 de febrero del 2025.-La Fiscal\u00eda General del Estado informa que, Fiscales, Peritos y Polic\u00edas Ministeriales adscritos a la Fiscal\u00eda Regional Cosamaloapan, en coordinaci\u00f3n con la Secretar\u00eda de la Defensa Nacional, detuvieron en flagrancia a Jairo Salim \u201cN\u201d. Los hechos ocurrieron cuando los elementos policiales llevaban a cabo un cateo autorizado","inLanguage":"es-MX","isPartOf":{"@id":"https:\/\/plumanegranoticias.com\/#website"},"breadcrumb":{"@id":"https:\/\/plumanegranoticias.com\/?p=8887#breadcrumblist"},"author":{"@id":"https:\/\/plumanegranoticias.com\/?author=2#author"},"creator":{"@id":"https:\/\/plumanegranoticias.com\/?author=2#author"},"image":{"@type":"ImageObject","url":"https:\/\/plumanegranoticias.com\/wp-content\/uploads\/2025\/02\/IMG-20250227-WA0009.jpg","@id":"https:\/\/plumanegranoticias.com\/?p=8887\/#mainImage","width":720,"height":720},"primaryImageOfPage":{"@id":"https:\/\/plumanegranoticias.com\/?p=8887#mainImage"},"datePublished":"2025-02-27T07:19:02-06:00","dateModified":"2025-02-27T07:19:26-06:00"},{"@type":"WebSite","@id":"https:\/\/plumanegranoticias.com\/#website","url":"https:\/\/plumanegranoticias.com\/","name":"plumanegranoticias.com","inLanguage":"es-MX","publisher":{"@id":"https:\/\/plumanegranoticias.com\/#organization"}}]},"og:locale":"es_MX","og:site_name":"plumanegranoticias.com -","og:type":"article","og:title":"UNA PERSONA DETENIDA, EVERVANTES Y VEH\u00cdCULOS ASEGURADOS EN OPERATIVO DE CATEO CON FUERZAS FEDERALES EN ISLA. - plumanegranoticias.com","og:description":"I\u00f1\u00f1 Isla, Ver., a 27 de febrero del 2025.-La Fiscal\u00eda General del Estado informa que, Fiscales, Peritos y Polic\u00edas Ministeriales adscritos a la Fiscal\u00eda Regional Cosamaloapan, en coordinaci\u00f3n con la Secretar\u00eda de la Defensa Nacional, detuvieron en flagrancia a Jairo Salim \u201cN\u201d. Los hechos ocurrieron cuando los elementos policiales llevaban a cabo un cateo autorizado","og:url":"https:\/\/plumanegranoticias.com\/?p=8887","article:published_time":"2025-02-27T13:19:02+00:00","article:modified_time":"2025-02-27T13:19:26+00:00","twitter:card":"summary_large_image","twitter:title":"UNA PERSONA DETENIDA, EVERVANTES Y VEH\u00cdCULOS ASEGURADOS EN OPERATIVO DE CATEO CON FUERZAS FEDERALES EN ISLA. - plumanegranoticias.com","twitter:description":"I\u00f1\u00f1 Isla, Ver., a 27 de febrero del 2025.-La Fiscal\u00eda General del Estado informa que, Fiscales, Peritos y Polic\u00edas Ministeriales adscritos a la Fiscal\u00eda Regional Cosamaloapan, en coordinaci\u00f3n con la Secretar\u00eda de la Defensa Nacional, detuvieron en flagrancia a Jairo Salim \u201cN\u201d. Los hechos ocurrieron cuando los elementos policiales llevaban a cabo un cateo autorizado"},"aioseo_meta_data":{"post_id":"8887","title":null,"description":null,"keywords":null,"keyphrases":null,"primary_term":null,"canonical_url":null,"og_title":null,"og_description":null,"og_object_type":"default","og_image_type":"default","og_image_url":null,"og_image_width":null,"og_image_height":null,"og_image_custom_url":null,"og_image_custom_fields":null,"og_video":null,"og_custom_url":null,"og_article_section":null,"og_article_tags":null,"twitter_use_og":false,"twitter_card":"default","twitter_image_type":"default","twitter_image_url":null,"twitter_image_custom_url":null,"twitter_image_custom_fields":null,"twitter_title":null,"twitter_description":null,"schema":{"blockGraphs":[],"customGraphs":[],"default":{"data":{"Article":[],"Course":[],"Dataset":[],"FAQPage":[],"Movie":[],"Person":[],"Product":[],"ProductReview":[],"Car":[],"Recipe":[],"Service":[],"SoftwareApplication":[],"WebPage":[]},"graphName":"","isEnabled":true},"graphs":[]},"schema_type":"default","schema_type_options":null,"pillar_content":false,"robots_default":true,"robots_noindex":false,"robots_noarchive":false,"robots_nosnippet":false,"robots_nofollow":false,"robots_noimageindex":false,"robots_noodp":false,"robots_notranslate":false,"robots_max_snippet":null,"robots_max_videopreview":null,"robots_max_imagepreview":"large","priority":null,"frequency":null,"local_seo":null,"breadcrumb_settings":null,"limit_modified_date":false,"ai":null,"created":"2025-02-27 13:28:00","updated":"2025-09-24 03:22:07","seo_analyzer_scan_date":null,"focus_keyword":null,"additional_keywords":null,"truseo_locale":null},"aioseo_breadcrumb":"<div class=\"aioseo-breadcrumbs\"><span class=\"aioseo-breadcrumb\">\n\t\t\t<a href=\"https:\/\/plumanegranoticias.com\" title=\"Home\">Home<\/a>\n\t\t<\/span><span class=\"aioseo-breadcrumb-separator\">&raquo;<\/span><span class=\"aioseo-breadcrumb\">\n\t\t\t<a href=\"https:\/\/plumanegranoticias.com\/?cat=1\" title=\"Blog\">Blog<\/a>\n\t\t<\/span><span class=\"aioseo-breadcrumb-separator\">&raquo;<\/span><span class=\"aioseo-breadcrumb\">\n\t\t\tUNA PERSONA DETENIDA, EVERVANTES Y VEH\u00cdCULOS ASEGURADOS EN OPERATIVO DE CATEO CON FUERZAS FEDERALES EN ISLA.\n\t\t<\/span><\/div>","aioseo_breadcrumb_json":[{"label":"Home","link":"https:\/\/plumanegranoticias.com"},{"label":"Blog","link":"https:\/\/plumanegranoticias.com\/?cat=1"},{"label":"UNA PERSONA DETENIDA, EVERVANTES Y VEH\u00cdCULOS ASEGURADOS EN OPERATIVO DE CATEO CON FUERZAS FEDERALES EN ISLA.","link":"https:\/\/plumanegranoticias.com\/?p=8887"}],"_links":{"self":[{"href":"https:\/\/plumanegranoticias.com\/index.php?rest_route=\/wp\/v2\/posts\/8887","targetHints":{"allow":["GET"]}}],"collection":[{"href":"https:\/\/plumanegranoticias.com\/index.php?rest_route=\/wp\/v2\/posts"}],"about":[{"href":"https:\/\/plumanegranoticias.com\/index.php?rest_route=\/wp\/v2\/types\/post"}],"author":[{"embeddable":true,"href":"https:\/\/plumanegranoticias.com\/index.php?rest_route=\/wp\/v2\/users\/2"}],"replies":[{"embeddable":true,"href":"https:\/\/plumanegranoticias.com\/index.php?rest_route=%2Fwp%2Fv2%2Fcomments&post=8887"}],"version-history":[{"count":1,"href":"https:\/\/plumanegranoticias.com\/index.php?rest_route=\/wp\/v2\/posts\/8887\/revisions"}],"predecessor-version":[{"id":8888,"href":"https:\/\/plumanegranoticias.com\/index.php?rest_route=\/wp\/v2\/posts\/8887\/revisions\/8888"}],"wp:featuredmedia":[{"embeddable":true,"href":"https:\/\/plumanegranoticias.com\/index.php?rest_route=\/wp\/v2\/media\/8889"}],"wp:attachment":[{"href":"https:\/\/plumanegranoticias.com\/index.php?rest_route=%2Fwp%2Fv2%2Fmedia&parent=8887"}],"wp:term":[{"taxonomy":"category","embeddable":true,"href":"https:\/\/plumanegranoticias.com\/index.php?rest_route=%2Fwp%2Fv2%2Fcategories&post=8887"},{"taxonomy":"post_tag","embeddable":true,"href":"https:\/\/plumanegranoticias.com\/index.php?rest_route=%2Fwp%2Fv2%2Ftags&post=8887"}],"curies":[{"name":"wp","href":"https:\/\/api.w.org\/{rel}","templated":true}]}}