{"id":8900,"date":"2025-02-27T09:24:29","date_gmt":"2025-02-27T15:24:29","guid":{"rendered":"https:\/\/plumanegranoticias.com\/?p=8900"},"modified":"2025-02-27T09:26:19","modified_gmt":"2025-02-27T15:26:19","slug":"cerrada-la-carretera-fortin-xalapa","status":"publish","type":"post","link":"https:\/\/plumanegranoticias.com\/?p=8900","title":{"rendered":"CERRADA LA CARRETERA FORT\u00cdN-XALAPA"},"content":{"rendered":"\n<h1 class=\"wp-block-heading\">Juan Manuel Yonca<\/h1>\n\n\n\n<p class=\"wp-block-paragraph\">Tlaltetela, Ver.- Se encuentra cerrada la carretera estatal Fort\u00edn &#8211; Xalapa desde la madrugada de hoy, padres de familia de la Telesecundaria de la comunidad de Pinillos, exigen la asignaci\u00f3n de maestros.<\/p>\n\n\n\n<p class=\"wp-block-paragraph\">Un grupo de personas decidieron cerrar la carretera ante la apat\u00eda de las autoridades de la Secretar\u00eda de Educaci\u00f3n de Veracruz (SEV).<\/p>\n\n\n\n<p class=\"wp-block-paragraph\">Hasta el momento ninguna autoridad se ha acercado a dialogar con los quejosos.<\/p>\n\n\n\n<figure class=\"wp-block-video\"><video height=\"478\" style=\"aspect-ratio: 848 \/ 478;\" width=\"848\" controls src=\"https:\/\/plumanegranoticias.com\/wp-content\/uploads\/2025\/02\/VID-20250227-WA0034.mp4\"><\/video><\/figure>\n\n\n\n<figure class=\"wp-block-image size-large\"><img loading=\"lazy\" decoding=\"async\" width=\"1024\" height=\"456\" src=\"https:\/\/plumanegranoticias.com\/wp-content\/uploads\/2025\/02\/screenshot_20250227_092507_chrome21154546869072738423-1024x456.jpg\" alt=\"\" class=\"wp-image-8902\" srcset=\"https:\/\/plumanegranoticias.com\/wp-content\/uploads\/2025\/02\/screenshot_20250227_092507_chrome21154546869072738423-1024x456.jpg 1024w, https:\/\/plumanegranoticias.com\/wp-content\/uploads\/2025\/02\/screenshot_20250227_092507_chrome21154546869072738423-300x134.jpg 300w, https:\/\/plumanegranoticias.com\/wp-content\/uploads\/2025\/02\/screenshot_20250227_092507_chrome21154546869072738423-768x342.jpg 768w, https:\/\/plumanegranoticias.com\/wp-content\/uploads\/2025\/02\/screenshot_20250227_092507_chrome21154546869072738423.jpg 1080w\" sizes=\"auto, (max-width: 1024px) 100vw, 1024px\" \/><\/figure>\n","protected":false},"excerpt":{"rendered":"<p>Juan Manuel Yonca Tlaltetela, Ver.- Se encuentra cerrada la carretera estatal Fort\u00edn &#8211; Xalapa desde la madrugada de hoy, padres de familia de la Telesecundaria de la comunidad de Pinillos, exigen la asignaci\u00f3n de maestros. Un grupo de personas decidieron cerrar la carretera ante la apat\u00eda de las autoridades de la Secretar\u00eda de Educaci\u00f3n de&#8230; <\/p>\n<div class=\"clear\"><\/div>\n<p><a href=\"https:\/\/plumanegranoticias.com\/?p=8900\" class=\"excerpt-read-more\">Read More<i class=\"fa fa-caret-right icon-caret-right\"><\/i><\/a><\/p>\n","protected":false},"author":2,"featured_media":8903,"comment_status":"open","ping_status":"open","sticky":false,"template":"","format":"standard","meta":{"om_disable_all_campaigns":false,"_monsterinsights_skip_tracking":false,"_uf_show_specific_survey":0,"_uf_disable_surveys":false,"footnotes":""},"categories":[8,12],"tags":[22,18],"class_list":["post-8900","post","type-post","status-publish","format-standard","has-post-thumbnail","hentry","category-politica","category-regional","tag-nota-roja","tag-noticia"],"aioseo_notices":[],"aioseo_head":"\n\t\t<!-- All in One SEO 5.0.0.1 - aioseo.com -->\n\t<meta name=\"description\" content=\"Juan Manuel Yonca Tlaltetela, Ver.- Se encuentra cerrada la carretera estatal Fort\u00edn - Xalapa desde la madrugada de hoy, padres de familia de la Telesecundaria de la comunidad de Pinillos, exigen la asignaci\u00f3n de maestros. Un grupo de personas decidieron cerrar la carretera ante la apat\u00eda de las autoridades de la Secretar\u00eda de Educaci\u00f3n de\" \/>\n\t<meta name=\"robots\" content=\"max-image-preview:large\" \/>\n\t<meta name=\"author\" content=\"Ignacio \u00c1lvarez\"\/>\n\t<link rel=\"canonical\" href=\"https:\/\/plumanegranoticias.com\/?p=8900\" \/>\n\t<meta name=\"generator\" content=\"All in One SEO (AIOSEO) 5.0.0.1\" \/>\n\t\t<meta property=\"og:locale\" content=\"es_MX\" \/>\n\t\t<meta property=\"og:site_name\" content=\"plumanegranoticias.com -\" \/>\n\t\t<meta property=\"og:type\" content=\"article\" \/>\n\t\t<meta property=\"og:title\" content=\"CERRADA LA CARRETERA FORT\u00cdN-XALAPA - plumanegranoticias.com\" \/>\n\t\t<meta property=\"og:description\" content=\"Juan Manuel Yonca Tlaltetela, Ver.- Se encuentra cerrada la carretera estatal Fort\u00edn - Xalapa desde la madrugada de hoy, padres de familia de la Telesecundaria de la comunidad de Pinillos, exigen la asignaci\u00f3n de maestros. Un grupo de personas decidieron cerrar la carretera ante la apat\u00eda de las autoridades de la Secretar\u00eda de Educaci\u00f3n de\" \/>\n\t\t<meta property=\"og:url\" content=\"https:\/\/plumanegranoticias.com\/?p=8900\" \/>\n\t\t<meta property=\"article:published_time\" content=\"2025-02-27T15:24:29+00:00\" \/>\n\t\t<meta property=\"article:modified_time\" content=\"2025-02-27T15:26:19+00:00\" \/>\n\t\t<meta name=\"twitter:card\" content=\"summary_large_image\" \/>\n\t\t<meta name=\"twitter:title\" content=\"CERRADA LA CARRETERA FORT\u00cdN-XALAPA - plumanegranoticias.com\" \/>\n\t\t<meta name=\"twitter:description\" content=\"Juan Manuel Yonca Tlaltetela, Ver.- Se encuentra cerrada la carretera estatal Fort\u00edn - Xalapa desde la madrugada de hoy, padres de familia de la Telesecundaria de la comunidad de Pinillos, exigen la asignaci\u00f3n de maestros. Un grupo de personas decidieron cerrar la carretera ante la apat\u00eda de las autoridades de la Secretar\u00eda de Educaci\u00f3n de\" \/>\n\t\t<script type=\"application\/ld+json\" class=\"aioseo-schema\">\n\t\t\t{\"@context\":\"https:\\\/\\\/schema.org\",\"@graph\":[{\"@type\":\"BlogPosting\",\"@id\":\"https:\\\/\\\/plumanegranoticias.com\\\/?p=8900#blogposting\",\"name\":\"CERRADA LA CARRETERA FORT\\u00cdN-XALAPA - plumanegranoticias.com\",\"headline\":\"CERRADA LA CARRETERA FORT\\u00cdN-XALAPA\",\"author\":{\"@id\":\"https:\\\/\\\/plumanegranoticias.com\\\/?author=2#author\"},\"publisher\":{\"@id\":\"https:\\\/\\\/plumanegranoticias.com\\\/#organization\"},\"image\":{\"@type\":\"ImageObject\",\"url\":\"https:\\\/\\\/plumanegranoticias.com\\\/wp-content\\\/uploads\\\/2025\\\/02\\\/Screenshot_20250227_092507_Chrome2.jpg\",\"width\":1080,\"height\":481},\"datePublished\":\"2025-02-27T09:24:29-06:00\",\"dateModified\":\"2025-02-27T09:26:19-06:00\",\"inLanguage\":\"es-MX\",\"mainEntityOfPage\":{\"@id\":\"https:\\\/\\\/plumanegranoticias.com\\\/?p=8900#webpage\"},\"isPartOf\":{\"@id\":\"https:\\\/\\\/plumanegranoticias.com\\\/?p=8900#webpage\"},\"articleSection\":\"Pol\\u00edtica, Regional, Nota Roja, Noticia\"},{\"@type\":\"BreadcrumbList\",\"@id\":\"https:\\\/\\\/plumanegranoticias.com\\\/?p=8900#breadcrumblist\",\"itemListElement\":[{\"@type\":\"ListItem\",\"@id\":\"https:\\\/\\\/plumanegranoticias.com#listItem\",\"position\":1,\"name\":\"Home\",\"item\":\"https:\\\/\\\/plumanegranoticias.com\",\"nextItem\":{\"@type\":\"ListItem\",\"@id\":\"https:\\\/\\\/plumanegranoticias.com\\\/?cat=8#listItem\",\"name\":\"Pol\\u00edtica\"}},{\"@type\":\"ListItem\",\"@id\":\"https:\\\/\\\/plumanegranoticias.com\\\/?cat=8#listItem\",\"position\":2,\"name\":\"Pol\\u00edtica\",\"item\":\"https:\\\/\\\/plumanegranoticias.com\\\/?cat=8\",\"nextItem\":{\"@type\":\"ListItem\",\"@id\":\"https:\\\/\\\/plumanegranoticias.com\\\/?p=8900#listItem\",\"name\":\"CERRADA LA CARRETERA FORT\\u00cdN-XALAPA\"},\"previousItem\":{\"@type\":\"ListItem\",\"@id\":\"https:\\\/\\\/plumanegranoticias.com#listItem\",\"name\":\"Home\"}},{\"@type\":\"ListItem\",\"@id\":\"https:\\\/\\\/plumanegranoticias.com\\\/?p=8900#listItem\",\"position\":3,\"name\":\"CERRADA LA CARRETERA FORT\\u00cdN-XALAPA\",\"previousItem\":{\"@type\":\"ListItem\",\"@id\":\"https:\\\/\\\/plumanegranoticias.com\\\/?cat=8#listItem\",\"name\":\"Pol\\u00edtica\"}}]},{\"@type\":\"Organization\",\"@id\":\"https:\\\/\\\/plumanegranoticias.com\\\/#organization\",\"name\":\"plumanegranoticias.com\",\"url\":\"https:\\\/\\\/plumanegranoticias.com\\\/\"},{\"@type\":\"Person\",\"@id\":\"https:\\\/\\\/plumanegranoticias.com\\\/?author=2#author\",\"url\":\"https:\\\/\\\/plumanegranoticias.com\\\/?author=2\",\"name\":\"Ignacio \\u00c1lvarez\",\"image\":{\"@type\":\"ImageObject\",\"@id\":\"https:\\\/\\\/plumanegranoticias.com\\\/?p=8900#authorImage\",\"url\":\"https:\\\/\\\/secure.gravatar.com\\\/avatar\\\/50d15f5139fd84e7a48ef23fcd81dc58ca9890401d4d15ad86caf43620b1771f?s=96&d=mm&r=g\",\"width\":96,\"height\":96,\"caption\":\"Ignacio \\u00c1lvarez\"}},{\"@type\":\"WebPage\",\"@id\":\"https:\\\/\\\/plumanegranoticias.com\\\/?p=8900#webpage\",\"url\":\"https:\\\/\\\/plumanegranoticias.com\\\/?p=8900\",\"name\":\"CERRADA LA CARRETERA FORT\\u00cdN-XALAPA - plumanegranoticias.com\",\"description\":\"Juan Manuel Yonca Tlaltetela, Ver.- Se encuentra cerrada la carretera estatal Fort\\u00edn - Xalapa desde la madrugada de hoy, padres de familia de la Telesecundaria de la comunidad de Pinillos, exigen la asignaci\\u00f3n de maestros. Un grupo de personas decidieron cerrar la carretera ante la apat\\u00eda de las autoridades de la Secretar\\u00eda de Educaci\\u00f3n de\",\"inLanguage\":\"es-MX\",\"isPartOf\":{\"@id\":\"https:\\\/\\\/plumanegranoticias.com\\\/#website\"},\"breadcrumb\":{\"@id\":\"https:\\\/\\\/plumanegranoticias.com\\\/?p=8900#breadcrumblist\"},\"author\":{\"@id\":\"https:\\\/\\\/plumanegranoticias.com\\\/?author=2#author\"},\"creator\":{\"@id\":\"https:\\\/\\\/plumanegranoticias.com\\\/?author=2#author\"},\"image\":{\"@type\":\"ImageObject\",\"url\":\"https:\\\/\\\/plumanegranoticias.com\\\/wp-content\\\/uploads\\\/2025\\\/02\\\/Screenshot_20250227_092507_Chrome2.jpg\",\"@id\":\"https:\\\/\\\/plumanegranoticias.com\\\/?p=8900\\\/#mainImage\",\"width\":1080,\"height\":481},\"primaryImageOfPage\":{\"@id\":\"https:\\\/\\\/plumanegranoticias.com\\\/?p=8900#mainImage\"},\"datePublished\":\"2025-02-27T09:24:29-06:00\",\"dateModified\":\"2025-02-27T09:26:19-06:00\"},{\"@type\":\"WebSite\",\"@id\":\"https:\\\/\\\/plumanegranoticias.com\\\/#website\",\"url\":\"https:\\\/\\\/plumanegranoticias.com\\\/\",\"name\":\"plumanegranoticias.com\",\"inLanguage\":\"es-MX\",\"publisher\":{\"@id\":\"https:\\\/\\\/plumanegranoticias.com\\\/#organization\"}}]}\n\t\t<\/script>\n\t\t<!-- All in One SEO -->\n\n","aioseo_head_json":{"title":"CERRADA LA CARRETERA FORT\u00cdN-XALAPA - plumanegranoticias.com","description":"Juan Manuel Yonca Tlaltetela, Ver.- Se encuentra cerrada la carretera estatal Fort\u00edn - Xalapa desde la madrugada de hoy, padres de familia de la Telesecundaria de la comunidad de Pinillos, exigen la asignaci\u00f3n de maestros. Un grupo de personas decidieron cerrar la carretera ante la apat\u00eda de las autoridades de la Secretar\u00eda de Educaci\u00f3n de","canonical_url":"https:\/\/plumanegranoticias.com\/?p=8900","robots":"max-image-preview:large","keywords":"","webmasterTools":{"miscellaneous":""},"schema":{"@context":"https:\/\/schema.org","@graph":[{"@type":"BlogPosting","@id":"https:\/\/plumanegranoticias.com\/?p=8900#blogposting","name":"CERRADA LA CARRETERA FORT\u00cdN-XALAPA - plumanegranoticias.com","headline":"CERRADA LA CARRETERA FORT\u00cdN-XALAPA","author":{"@id":"https:\/\/plumanegranoticias.com\/?author=2#author"},"publisher":{"@id":"https:\/\/plumanegranoticias.com\/#organization"},"image":{"@type":"ImageObject","url":"https:\/\/plumanegranoticias.com\/wp-content\/uploads\/2025\/02\/Screenshot_20250227_092507_Chrome2.jpg","width":1080,"height":481},"datePublished":"2025-02-27T09:24:29-06:00","dateModified":"2025-02-27T09:26:19-06:00","inLanguage":"es-MX","mainEntityOfPage":{"@id":"https:\/\/plumanegranoticias.com\/?p=8900#webpage"},"isPartOf":{"@id":"https:\/\/plumanegranoticias.com\/?p=8900#webpage"},"articleSection":"Pol\u00edtica, Regional, Nota Roja, Noticia"},{"@type":"BreadcrumbList","@id":"https:\/\/plumanegranoticias.com\/?p=8900#breadcrumblist","itemListElement":[{"@type":"ListItem","@id":"https:\/\/plumanegranoticias.com#listItem","position":1,"name":"Home","item":"https:\/\/plumanegranoticias.com","nextItem":{"@type":"ListItem","@id":"https:\/\/plumanegranoticias.com\/?cat=8#listItem","name":"Pol\u00edtica"}},{"@type":"ListItem","@id":"https:\/\/plumanegranoticias.com\/?cat=8#listItem","position":2,"name":"Pol\u00edtica","item":"https:\/\/plumanegranoticias.com\/?cat=8","nextItem":{"@type":"ListItem","@id":"https:\/\/plumanegranoticias.com\/?p=8900#listItem","name":"CERRADA LA CARRETERA FORT\u00cdN-XALAPA"},"previousItem":{"@type":"ListItem","@id":"https:\/\/plumanegranoticias.com#listItem","name":"Home"}},{"@type":"ListItem","@id":"https:\/\/plumanegranoticias.com\/?p=8900#listItem","position":3,"name":"CERRADA LA CARRETERA FORT\u00cdN-XALAPA","previousItem":{"@type":"ListItem","@id":"https:\/\/plumanegranoticias.com\/?cat=8#listItem","name":"Pol\u00edtica"}}]},{"@type":"Organization","@id":"https:\/\/plumanegranoticias.com\/#organization","name":"plumanegranoticias.com","url":"https:\/\/plumanegranoticias.com\/"},{"@type":"Person","@id":"https:\/\/plumanegranoticias.com\/?author=2#author","url":"https:\/\/plumanegranoticias.com\/?author=2","name":"Ignacio \u00c1lvarez","image":{"@type":"ImageObject","@id":"https:\/\/plumanegranoticias.com\/?p=8900#authorImage","url":"https:\/\/secure.gravatar.com\/avatar\/50d15f5139fd84e7a48ef23fcd81dc58ca9890401d4d15ad86caf43620b1771f?s=96&d=mm&r=g","width":96,"height":96,"caption":"Ignacio \u00c1lvarez"}},{"@type":"WebPage","@id":"https:\/\/plumanegranoticias.com\/?p=8900#webpage","url":"https:\/\/plumanegranoticias.com\/?p=8900","name":"CERRADA LA CARRETERA FORT\u00cdN-XALAPA - plumanegranoticias.com","description":"Juan Manuel Yonca Tlaltetela, Ver.- Se encuentra cerrada la carretera estatal Fort\u00edn - Xalapa desde la madrugada de hoy, padres de familia de la Telesecundaria de la comunidad de Pinillos, exigen la asignaci\u00f3n de maestros. Un grupo de personas decidieron cerrar la carretera ante la apat\u00eda de las autoridades de la Secretar\u00eda de Educaci\u00f3n de","inLanguage":"es-MX","isPartOf":{"@id":"https:\/\/plumanegranoticias.com\/#website"},"breadcrumb":{"@id":"https:\/\/plumanegranoticias.com\/?p=8900#breadcrumblist"},"author":{"@id":"https:\/\/plumanegranoticias.com\/?author=2#author"},"creator":{"@id":"https:\/\/plumanegranoticias.com\/?author=2#author"},"image":{"@type":"ImageObject","url":"https:\/\/plumanegranoticias.com\/wp-content\/uploads\/2025\/02\/Screenshot_20250227_092507_Chrome2.jpg","@id":"https:\/\/plumanegranoticias.com\/?p=8900\/#mainImage","width":1080,"height":481},"primaryImageOfPage":{"@id":"https:\/\/plumanegranoticias.com\/?p=8900#mainImage"},"datePublished":"2025-02-27T09:24:29-06:00","dateModified":"2025-02-27T09:26:19-06:00"},{"@type":"WebSite","@id":"https:\/\/plumanegranoticias.com\/#website","url":"https:\/\/plumanegranoticias.com\/","name":"plumanegranoticias.com","inLanguage":"es-MX","publisher":{"@id":"https:\/\/plumanegranoticias.com\/#organization"}}]},"og:locale":"es_MX","og:site_name":"plumanegranoticias.com -","og:type":"article","og:title":"CERRADA LA CARRETERA FORT\u00cdN-XALAPA - plumanegranoticias.com","og:description":"Juan Manuel Yonca Tlaltetela, Ver.- Se encuentra cerrada la carretera estatal Fort\u00edn - Xalapa desde la madrugada de hoy, padres de familia de la Telesecundaria de la comunidad de Pinillos, exigen la asignaci\u00f3n de maestros. Un grupo de personas decidieron cerrar la carretera ante la apat\u00eda de las autoridades de la Secretar\u00eda de Educaci\u00f3n de","og:url":"https:\/\/plumanegranoticias.com\/?p=8900","article:published_time":"2025-02-27T15:24:29+00:00","article:modified_time":"2025-02-27T15:26:19+00:00","twitter:card":"summary_large_image","twitter:title":"CERRADA LA CARRETERA FORT\u00cdN-XALAPA - plumanegranoticias.com","twitter:description":"Juan Manuel Yonca Tlaltetela, Ver.- Se encuentra cerrada la carretera estatal Fort\u00edn - Xalapa desde la madrugada de hoy, padres de familia de la Telesecundaria de la comunidad de Pinillos, exigen la asignaci\u00f3n de maestros. Un grupo de personas decidieron cerrar la carretera ante la apat\u00eda de las autoridades de la Secretar\u00eda de Educaci\u00f3n de"},"aioseo_meta_data":{"post_id":"8900","title":null,"description":null,"keywords":null,"keyphrases":null,"primary_term":null,"canonical_url":null,"og_title":null,"og_description":null,"og_object_type":"default","og_image_type":"default","og_image_url":null,"og_image_width":null,"og_image_height":null,"og_image_custom_url":null,"og_image_custom_fields":null,"og_video":null,"og_custom_url":null,"og_article_section":null,"og_article_tags":null,"twitter_use_og":false,"twitter_card":"default","twitter_image_type":"default","twitter_image_url":null,"twitter_image_custom_url":null,"twitter_image_custom_fields":null,"twitter_title":null,"twitter_description":null,"schema":{"blockGraphs":[],"customGraphs":[],"default":{"data":{"Article":[],"Course":[],"Dataset":[],"FAQPage":[],"Movie":[],"Person":[],"Product":[],"ProductReview":[],"Car":[],"Recipe":[],"Service":[],"SoftwareApplication":[],"WebPage":[]},"graphName":"","isEnabled":true},"graphs":[]},"schema_type":"default","schema_type_options":null,"pillar_content":false,"robots_default":true,"robots_noindex":false,"robots_noarchive":false,"robots_nosnippet":false,"robots_nofollow":false,"robots_noimageindex":false,"robots_noodp":false,"robots_notranslate":false,"robots_max_snippet":null,"robots_max_videopreview":null,"robots_max_imagepreview":"large","priority":null,"frequency":null,"local_seo":null,"breadcrumb_settings":null,"limit_modified_date":false,"ai":null,"created":"2025-02-27 15:29:54","updated":"2025-09-24 03:22:07","seo_analyzer_scan_date":null,"focus_keyword":null,"additional_keywords":null,"truseo_locale":null},"aioseo_breadcrumb":"<div class=\"aioseo-breadcrumbs\"><span class=\"aioseo-breadcrumb\">\n\t\t\t<a href=\"https:\/\/plumanegranoticias.com\" title=\"Home\">Home<\/a>\n\t\t<\/span><span class=\"aioseo-breadcrumb-separator\">&raquo;<\/span><span class=\"aioseo-breadcrumb\">\n\t\t\t<a href=\"https:\/\/plumanegranoticias.com\/?cat=8\" title=\"Pol\u00edtica\">Pol\u00edtica<\/a>\n\t\t<\/span><span class=\"aioseo-breadcrumb-separator\">&raquo;<\/span><span class=\"aioseo-breadcrumb\">\n\t\t\tCERRADA LA CARRETERA FORT\u00cdN-XALAPA\n\t\t<\/span><\/div>","aioseo_breadcrumb_json":[{"label":"Home","link":"https:\/\/plumanegranoticias.com"},{"label":"Pol\u00edtica","link":"https:\/\/plumanegranoticias.com\/?cat=8"},{"label":"CERRADA LA CARRETERA FORT\u00cdN-XALAPA","link":"https:\/\/plumanegranoticias.com\/?p=8900"}],"_links":{"self":[{"href":"https:\/\/plumanegranoticias.com\/index.php?rest_route=\/wp\/v2\/posts\/8900","targetHints":{"allow":["GET"]}}],"collection":[{"href":"https:\/\/plumanegranoticias.com\/index.php?rest_route=\/wp\/v2\/posts"}],"about":[{"href":"https:\/\/plumanegranoticias.com\/index.php?rest_route=\/wp\/v2\/types\/post"}],"author":[{"embeddable":true,"href":"https:\/\/plumanegranoticias.com\/index.php?rest_route=\/wp\/v2\/users\/2"}],"replies":[{"embeddable":true,"href":"https:\/\/plumanegranoticias.com\/index.php?rest_route=%2Fwp%2Fv2%2Fcomments&post=8900"}],"version-history":[{"count":2,"href":"https:\/\/plumanegranoticias.com\/index.php?rest_route=\/wp\/v2\/posts\/8900\/revisions"}],"predecessor-version":[{"id":8904,"href":"https:\/\/plumanegranoticias.com\/index.php?rest_route=\/wp\/v2\/posts\/8900\/revisions\/8904"}],"wp:featuredmedia":[{"embeddable":true,"href":"https:\/\/plumanegranoticias.com\/index.php?rest_route=\/wp\/v2\/media\/8903"}],"wp:attachment":[{"href":"https:\/\/plumanegranoticias.com\/index.php?rest_route=%2Fwp%2Fv2%2Fmedia&parent=8900"}],"wp:term":[{"taxonomy":"category","embeddable":true,"href":"https:\/\/plumanegranoticias.com\/index.php?rest_route=%2Fwp%2Fv2%2Fcategories&post=8900"},{"taxonomy":"post_tag","embeddable":true,"href":"https:\/\/plumanegranoticias.com\/index.php?rest_route=%2Fwp%2Fv2%2Ftags&post=8900"}],"curies":[{"name":"wp","href":"https:\/\/api.w.org\/{rel}","templated":true}]}}