{"id":8945,"date":"2025-03-01T15:30:50","date_gmt":"2025-03-01T21:30:50","guid":{"rendered":"https:\/\/plumanegranoticias.com\/?p=8945"},"modified":"2025-03-01T15:31:12","modified_gmt":"2025-03-01T21:31:12","slug":"manda-gobierno-de-veracruz-artesanos-a-dormir-en-el-suelo","status":"publish","type":"post","link":"https:\/\/plumanegranoticias.com\/?p=8945","title":{"rendered":"MANDA GOBIERNO DE VERACRUZ ARTESANOS A DORMIR EN EL SUELO"},"content":{"rendered":"\n<p>X\u00f3chitl Molina le queda mal a artesanos en Veracruz puerto, duermen en el piso de &#8220;Atarazanas&#8221;<\/p>\n\n\n\n<p>Alejandro \u00c1vila<\/p>\n\n\n\n<p>Veracruz, Ver.- Una p\u00e9sima experiencia vivieron al menos 12 artesanos de diversos puntos de la entidad veracruzana que fueron invitados por la Secretar\u00eda de Cultura a participar en una exposici\u00f3n en el Centro Cultural &#8220;Atarazanas&#8221; en el puerto de Veracruz.<\/p>\n\n\n\n<p>Al terminar la exposici\u00f3n &#8220;Amor y Amistad por un Consumo Solidario&#8221; que se realiz\u00f3 los d\u00edas 14, 15 y 16 de febrero, les fue habilitado un espacio dentro del recinto cultural y con cart\u00f3n y cobijas les hicieron unas camas; esta situaci\u00f3n fue difundida a trav\u00e9s de un video de las c\u00e1maras de videovigilianza que fue filtrado a los medios de comunicaci\u00f3n.<\/p>\n\n\n\n<p>A decir de los participantes y otros expositores que en ocasiones anteriores han acudido al Centro Cultural &#8220;Atarazanas&#8221;, esta es la primera situaci\u00f3n de este tipo que se da, pues normalmente la Secretar\u00eda de Cultura antes IVEC, a cargo de X\u00f3chitl Molina Gonz\u00e1lez, cuenta con un presupuesto especial para dar alojamiento y comida a sus invitados.<\/p>\n\n\n\n<p>El mencionado evento reuni\u00f3 a cerca de 46 artesanos que viajaron de las diferentes regiones del estado para vender y promover su artesan\u00eda; se pudo conocer que los artesanos tuvieron que pagar en un comercio cercano la renta de regaderas para poder asearse previo a cada presentaci\u00f3n.<\/p>\n\n\n\n<figure class=\"wp-block-image size-large\"><img loading=\"lazy\" decoding=\"async\" width=\"1024\" height=\"682\" src=\"https:\/\/plumanegranoticias.com\/wp-content\/uploads\/2025\/03\/img-20250301-wa00743526109045458687564-1024x682.jpg\" alt=\"\" class=\"wp-image-8944\" srcset=\"https:\/\/plumanegranoticias.com\/wp-content\/uploads\/2025\/03\/img-20250301-wa00743526109045458687564-1024x682.jpg 1024w, https:\/\/plumanegranoticias.com\/wp-content\/uploads\/2025\/03\/img-20250301-wa00743526109045458687564-300x200.jpg 300w, https:\/\/plumanegranoticias.com\/wp-content\/uploads\/2025\/03\/img-20250301-wa00743526109045458687564-768x512.jpg 768w, https:\/\/plumanegranoticias.com\/wp-content\/uploads\/2025\/03\/img-20250301-wa00743526109045458687564.jpg 1280w\" sizes=\"auto, (max-width: 1024px) 100vw, 1024px\" \/><\/figure>\n","protected":false},"excerpt":{"rendered":"<p>X\u00f3chitl Molina le queda mal a artesanos en Veracruz puerto, duermen en el piso de &#8220;Atarazanas&#8221; Alejandro \u00c1vila Veracruz, Ver.- Una p\u00e9sima experiencia vivieron al menos 12 artesanos de diversos puntos de la entidad veracruzana que fueron invitados por la Secretar\u00eda de Cultura a participar en una exposici\u00f3n en el Centro Cultural &#8220;Atarazanas&#8221; en el&#8230; <\/p>\n<div class=\"clear\"><\/div>\n<p><a href=\"https:\/\/plumanegranoticias.com\/?p=8945\" class=\"excerpt-read-more\">Read More<i class=\"fa fa-caret-right icon-caret-right\"><\/i><\/a><\/p>\n","protected":false},"author":2,"featured_media":8947,"comment_status":"open","ping_status":"open","sticky":false,"template":"","format":"standard","meta":{"om_disable_all_campaigns":false,"_monsterinsights_skip_tracking":false,"_monsterinsights_sitenote_active":false,"_monsterinsights_sitenote_note":"","_monsterinsights_sitenote_category":0,"_uf_show_specific_survey":0,"_uf_disable_surveys":false,"footnotes":""},"categories":[67,8],"tags":[22,18,61],"class_list":["post-8945","post","type-post","status-publish","format-standard","has-post-thumbnail","hentry","category-policiaca","category-politica","tag-nota-roja","tag-noticia","tag-politica"],"aioseo_notices":[],"_links":{"self":[{"href":"https:\/\/plumanegranoticias.com\/index.php?rest_route=\/wp\/v2\/posts\/8945","targetHints":{"allow":["GET"]}}],"collection":[{"href":"https:\/\/plumanegranoticias.com\/index.php?rest_route=\/wp\/v2\/posts"}],"about":[{"href":"https:\/\/plumanegranoticias.com\/index.php?rest_route=\/wp\/v2\/types\/post"}],"author":[{"embeddable":true,"href":"https:\/\/plumanegranoticias.com\/index.php?rest_route=\/wp\/v2\/users\/2"}],"replies":[{"embeddable":true,"href":"https:\/\/plumanegranoticias.com\/index.php?rest_route=%2Fwp%2Fv2%2Fcomments&post=8945"}],"version-history":[{"count":1,"href":"https:\/\/plumanegranoticias.com\/index.php?rest_route=\/wp\/v2\/posts\/8945\/revisions"}],"predecessor-version":[{"id":8946,"href":"https:\/\/plumanegranoticias.com\/index.php?rest_route=\/wp\/v2\/posts\/8945\/revisions\/8946"}],"wp:featuredmedia":[{"embeddable":true,"href":"https:\/\/plumanegranoticias.com\/index.php?rest_route=\/wp\/v2\/media\/8947"}],"wp:attachment":[{"href":"https:\/\/plumanegranoticias.com\/index.php?rest_route=%2Fwp%2Fv2%2Fmedia&parent=8945"}],"wp:term":[{"taxonomy":"category","embeddable":true,"href":"https:\/\/plumanegranoticias.com\/index.php?rest_route=%2Fwp%2Fv2%2Fcategories&post=8945"},{"taxonomy":"post_tag","embeddable":true,"href":"https:\/\/plumanegranoticias.com\/index.php?rest_route=%2Fwp%2Fv2%2Ftags&post=8945"}],"curies":[{"name":"wp","href":"https:\/\/api.w.org\/{rel}","templated":true}]}}