{"id":8978,"date":"2025-03-04T11:23:58","date_gmt":"2025-03-04T17:23:58","guid":{"rendered":"https:\/\/plumanegranoticias.com\/?p=8978"},"modified":"2025-03-04T11:24:45","modified_gmt":"2025-03-04T17:24:45","slug":"independencia-peatonal-tendra-su-primera-pasarela-de-modas-del-2025","status":"publish","type":"post","link":"https:\/\/plumanegranoticias.com\/?p=8978","title":{"rendered":"Independencia peatonal tendr\u00e1 su primera pasarela de modas del 2025"},"content":{"rendered":"\n<p>Alejandro \u00c1vila<\/p>\n\n\n\n<p>Veracruz, Ver.- Directivos de Weekend In Fashion M\u00e9xico en Veracruz, dieron a conocer el Fashion Show \u201cModa, Mar y Puerto 2025\u201d que se llevar\u00e1 cabo de manera gratuita este jueves 6 de marzo a partir de las 20:00 horas en Independencia Peatonal.<\/p>\n\n\n\n<p>Moda, Mar y Puerto 2025 presenta 4 pasarelas: Nice Girl Boutique By Norma Arenas; Colectivo Universidad de Las Naciones; Colectivo Ca\u00f3tica; as\u00ed como la presentaci\u00f3n de las colecciones de Naviolinda Zacar\u00edas y Miguel \u00c1ngel Sosme<\/p>\n\n\n\n<p>Weekend in Fashion M\u00e9xico presenta MODA, MAR Y PUERTO 2025, una iniciativa que celebra el dise\u00f1o, la creatividad y la riqueza cultural de la industria textil a trav\u00e9s de una pasarela \u00fanica que re\u00fane talento emergente y grandes exponentes de la moda nacional e internacional.<\/p>\n\n\n\n<p>Presidieron la conferencia de prensa: Claudia Ortiz, directora general del Weekend In Fashion M\u00e9xico; Abraham Neri, Director de Producci\u00f3n Audiovisual; Norma Arenas, directora general de Nice Girl Boutique; Karla Le\u00f3n, Directora acad\u00e9mica de universidades de la Uni Naciones y Ximena Balc\u00e1zar, directora del Colectivo Ca\u00f3tica.<\/p>\n\n\n\n<p>Independencia peatonal tendr\u00e1 su primera pasarela de modas del 2025<\/p>\n\n\n\n<p>Claudia Ortiz, directora general del Weekend In Fashion M\u00e9xico, coment\u00f3 que en esta gala de moda se estar\u00e1n presentando 120 looks sobre la pasarela: \u201cUn pasarela rica en dise\u00f1o y moda, textiles, rebozos\u201d.<\/p>\n\n\n\n<p>La cita para disfrutar de esta gala Moda, Mar y Puerto 2025 es este jueves 6 de Marzo 20:00 horas en \u201cIndependencia Peatonal\u201d (Av. Independencia entre Zamora y Lerdo, Centro Hist\u00f3rico Veracruz Puerto. El evento es gratuito, por lo que se recomienda llegar media hora antes.<\/p>\n\n\n\n<p><\/p>\n","protected":false},"excerpt":{"rendered":"<p>Alejandro \u00c1vila Veracruz, Ver.- Directivos de Weekend In Fashion M\u00e9xico en Veracruz, dieron a conocer el Fashion Show \u201cModa, Mar y Puerto 2025\u201d que se llevar\u00e1 cabo de manera gratuita este jueves 6 de marzo a partir de las 20:00 horas en Independencia Peatonal. Moda, Mar y Puerto 2025 presenta 4 pasarelas: Nice Girl Boutique&#8230; <\/p>\n<div class=\"clear\"><\/div>\n<p><a href=\"https:\/\/plumanegranoticias.com\/?p=8978\" class=\"excerpt-read-more\">Read More<i class=\"fa fa-caret-right icon-caret-right\"><\/i><\/a><\/p>\n","protected":false},"author":2,"featured_media":8981,"comment_status":"open","ping_status":"open","sticky":false,"template":"","format":"standard","meta":{"om_disable_all_campaigns":false,"_monsterinsights_skip_tracking":false,"_monsterinsights_sitenote_active":false,"_monsterinsights_sitenote_note":"","_monsterinsights_sitenote_category":0,"_uf_show_specific_survey":0,"_uf_disable_surveys":false,"footnotes":""},"categories":[1,12,10],"tags":[21,24],"class_list":["post-8978","post","type-post","status-publish","format-standard","has-post-thumbnail","hentry","category-blog","category-regional","category-sociales","tag-eventos","tag-moda"],"aioseo_notices":[],"_links":{"self":[{"href":"https:\/\/plumanegranoticias.com\/index.php?rest_route=\/wp\/v2\/posts\/8978","targetHints":{"allow":["GET"]}}],"collection":[{"href":"https:\/\/plumanegranoticias.com\/index.php?rest_route=\/wp\/v2\/posts"}],"about":[{"href":"https:\/\/plumanegranoticias.com\/index.php?rest_route=\/wp\/v2\/types\/post"}],"author":[{"embeddable":true,"href":"https:\/\/plumanegranoticias.com\/index.php?rest_route=\/wp\/v2\/users\/2"}],"replies":[{"embeddable":true,"href":"https:\/\/plumanegranoticias.com\/index.php?rest_route=%2Fwp%2Fv2%2Fcomments&post=8978"}],"version-history":[{"count":2,"href":"https:\/\/plumanegranoticias.com\/index.php?rest_route=\/wp\/v2\/posts\/8978\/revisions"}],"predecessor-version":[{"id":8980,"href":"https:\/\/plumanegranoticias.com\/index.php?rest_route=\/wp\/v2\/posts\/8978\/revisions\/8980"}],"wp:featuredmedia":[{"embeddable":true,"href":"https:\/\/plumanegranoticias.com\/index.php?rest_route=\/wp\/v2\/media\/8981"}],"wp:attachment":[{"href":"https:\/\/plumanegranoticias.com\/index.php?rest_route=%2Fwp%2Fv2%2Fmedia&parent=8978"}],"wp:term":[{"taxonomy":"category","embeddable":true,"href":"https:\/\/plumanegranoticias.com\/index.php?rest_route=%2Fwp%2Fv2%2Fcategories&post=8978"},{"taxonomy":"post_tag","embeddable":true,"href":"https:\/\/plumanegranoticias.com\/index.php?rest_route=%2Fwp%2Fv2%2Ftags&post=8978"}],"curies":[{"name":"wp","href":"https:\/\/api.w.org\/{rel}","templated":true}]}}