{"id":8987,"date":"2025-03-04T12:09:11","date_gmt":"2025-03-04T18:09:11","guid":{"rendered":"https:\/\/plumanegranoticias.com\/?p=8987"},"modified":"2025-03-04T12:09:41","modified_gmt":"2025-03-04T18:09:41","slug":"apoya-pvem-a-presidenta-por-ataques-de-trump","status":"publish","type":"post","link":"https:\/\/plumanegranoticias.com\/?p=8987","title":{"rendered":"APOYA PVEM A PRESIDENTA POR ATAQUES DE TRUMP"},"content":{"rendered":"\n<p>El Partido Verde hace un llamado a cerrar filas contra los intentos del Presidente de EUA para debilitar la econom\u00eda y el desarrollo de nuestro pa\u00eds.<\/p>\n\n\n\n<ul class=\"wp-block-list\">\n<li>Expresa apoyo total a la Presidenta Claudia Sheinbaum y el Plan B.<\/li>\n<\/ul>\n\n\n\n<p>El Partido Verde Ecologista de M\u00e9xico reconoce el liderazgo y la determinaci\u00f3n de la presidenta Claudia Sheinbaum Pardo tras el anuncio del Plan B, en busca proteger la soberan\u00eda de nuestro pa\u00eds y contrarrestar los efectos negativos de las medidas arancelarias impuestas por el presidente de Estados Unidos, Donald Trump, a M\u00e9xico.<\/p>\n\n\n\n<p>Desde el Partido Verde, reiteramos nuestra solidaridad total con la presidenta Sheinbaum Pardo en sus esfuerzos por salvaguardar la econom\u00eda de nuestro pa\u00eds, y proteger tanto a los sectores m\u00e1s vulnerables como a las industrias clave que impulsan nuestro desarrollo.<\/p>\n\n\n\n<p>Apoyamos firmemente la implementaci\u00f3n de medidas arancelarias y no arancelarias a Estados Unidos, concentradas en el Plan B, as\u00ed como el fortalecimiento de la cooperaci\u00f3n con otros bloques comerciales, en respuesta a los intentos del presidente norteamericano por debilitar la econom\u00eda mexicana.<\/p>\n\n\n\n<p>Asimismo, expresamos nuestro compromiso con la construcci\u00f3n de un M\u00e9xico m\u00e1s fuerte, con una econom\u00eda sostenible y la defensa de los derechos de los trabajadores, las peque\u00f1as y medianas empresas, as\u00ed como de los sectores m\u00e1s vulnerables que dependen del comercio exterior.<\/p>\n\n\n\n<figure class=\"wp-block-image size-large\"><img loading=\"lazy\" decoding=\"async\" width=\"1024\" height=\"682\" src=\"https:\/\/plumanegranoticias.com\/wp-content\/uploads\/2025\/03\/karen-castrejon-trujillo5226439012071624131-1024x682.jpg\" alt=\"\" class=\"wp-image-8986\" srcset=\"https:\/\/plumanegranoticias.com\/wp-content\/uploads\/2025\/03\/karen-castrejon-trujillo5226439012071624131-1024x682.jpg 1024w, https:\/\/plumanegranoticias.com\/wp-content\/uploads\/2025\/03\/karen-castrejon-trujillo5226439012071624131-300x200.jpg 300w, https:\/\/plumanegranoticias.com\/wp-content\/uploads\/2025\/03\/karen-castrejon-trujillo5226439012071624131-768x512.jpg 768w, https:\/\/plumanegranoticias.com\/wp-content\/uploads\/2025\/03\/karen-castrejon-trujillo5226439012071624131.jpg 1280w\" sizes=\"auto, (max-width: 1024px) 100vw, 1024px\" \/><\/figure>\n\n\n\n<p>El Partido Verde hace un llamado a la unidad nacional, cerrando filas con nuestra Presidenta para enfrentar esta amenaza externa con firmeza, respeto y responsabilidad. M\u00e9xico es un pa\u00eds que sabe defender su dignidad y sus intereses, y bajo el liderazgo de la presidenta Claudia Sheinbaum Pardo, saldremos adelante. Un\u00e1monos todas y todos en el Z\u00f3calo el pr\u00f3ximo domingo<\/p>\n","protected":false},"excerpt":{"rendered":"<p>El Partido Verde hace un llamado a cerrar filas contra los intentos del Presidente de EUA para debilitar la econom\u00eda y el desarrollo de nuestro pa\u00eds. El Partido Verde Ecologista de M\u00e9xico reconoce el liderazgo y la determinaci\u00f3n de la presidenta Claudia Sheinbaum Pardo tras el anuncio del Plan B, en busca proteger la soberan\u00eda&#8230; <\/p>\n<div class=\"clear\"><\/div>\n<p><a href=\"https:\/\/plumanegranoticias.com\/?p=8987\" class=\"excerpt-read-more\">Read More<i class=\"fa fa-caret-right icon-caret-right\"><\/i><\/a><\/p>\n","protected":false},"author":2,"featured_media":8989,"comment_status":"open","ping_status":"open","sticky":false,"template":"","format":"standard","meta":{"om_disable_all_campaigns":false,"_monsterinsights_skip_tracking":false,"_monsterinsights_sitenote_active":false,"_monsterinsights_sitenote_note":"","_monsterinsights_sitenote_category":0,"_uf_show_specific_survey":0,"_uf_disable_surveys":false,"footnotes":""},"categories":[8,12,9],"tags":[22,18],"class_list":["post-8987","post","type-post","status-publish","format-standard","has-post-thumbnail","hentry","category-politica","category-regional","category-tendencias","tag-nota-roja","tag-noticia"],"aioseo_notices":[],"_links":{"self":[{"href":"https:\/\/plumanegranoticias.com\/index.php?rest_route=\/wp\/v2\/posts\/8987","targetHints":{"allow":["GET"]}}],"collection":[{"href":"https:\/\/plumanegranoticias.com\/index.php?rest_route=\/wp\/v2\/posts"}],"about":[{"href":"https:\/\/plumanegranoticias.com\/index.php?rest_route=\/wp\/v2\/types\/post"}],"author":[{"embeddable":true,"href":"https:\/\/plumanegranoticias.com\/index.php?rest_route=\/wp\/v2\/users\/2"}],"replies":[{"embeddable":true,"href":"https:\/\/plumanegranoticias.com\/index.php?rest_route=%2Fwp%2Fv2%2Fcomments&post=8987"}],"version-history":[{"count":1,"href":"https:\/\/plumanegranoticias.com\/index.php?rest_route=\/wp\/v2\/posts\/8987\/revisions"}],"predecessor-version":[{"id":8988,"href":"https:\/\/plumanegranoticias.com\/index.php?rest_route=\/wp\/v2\/posts\/8987\/revisions\/8988"}],"wp:featuredmedia":[{"embeddable":true,"href":"https:\/\/plumanegranoticias.com\/index.php?rest_route=\/wp\/v2\/media\/8989"}],"wp:attachment":[{"href":"https:\/\/plumanegranoticias.com\/index.php?rest_route=%2Fwp%2Fv2%2Fmedia&parent=8987"}],"wp:term":[{"taxonomy":"category","embeddable":true,"href":"https:\/\/plumanegranoticias.com\/index.php?rest_route=%2Fwp%2Fv2%2Fcategories&post=8987"},{"taxonomy":"post_tag","embeddable":true,"href":"https:\/\/plumanegranoticias.com\/index.php?rest_route=%2Fwp%2Fv2%2Ftags&post=8987"}],"curies":[{"name":"wp","href":"https:\/\/api.w.org\/{rel}","templated":true}]}}