{"id":8997,"date":"2025-03-05T08:44:30","date_gmt":"2025-03-05T14:44:30","guid":{"rendered":"https:\/\/plumanegranoticias.com\/?p=8997"},"modified":"2025-03-05T08:44:56","modified_gmt":"2025-03-05T14:44:56","slug":"descubren-mas-de-700-plazas-fantasmas-en-la-sev-bajo-zenyazen-escobar-el-fraude-que-sacude-veracruz","status":"publish","type":"post","link":"https:\/\/plumanegranoticias.com\/?p=8997","title":{"rendered":"Descubren m\u00e1s de 700 plazas fantasmas en la SEV bajo Zenyazen Escobar: \u00a1El fraude que sacude Veracruz!"},"content":{"rendered":"\n<p>Veracruz, Ver.- M\u00e1s de 700 plazas fantasmas de &#8220;maestros&#8221; fueron detectadas en la Secretar\u00eda de Educaci\u00f3n de Veracruz (SEV) durante la gesti\u00f3n de Zenyazen Escobar, seg\u00fan un informe de la Auditor\u00eda Superior de la Federaci\u00f3n (ASF). Estas plazas estaban vinculadas a personas que no estaban frente a grupo, incluidos aviadores, sindicalizados, funcionarios p\u00fablicos, regidores, diputados e incluso personas fallecidas.<\/p>\n\n\n\n<p>La denuncia surgi\u00f3 a ra\u00edz de una protesta de maestros de la Uni\u00f3n de Sindicatos Magisteriales del Estado de Veracruz (USMEV), quienes demandaban la asignaci\u00f3n de maestros interinos para cubrir 20 mil horas frente a grupo. Esta movilizaci\u00f3n se dio en el contexto del programa &#8220;El Maestro al Aula&#8221;, impulsado por la Gobernadora Roc\u00edo Nahle y la Secretaria de Educaci\u00f3n Claudia Tello, que busca eliminar las comisiones administrativas y devolver a los educadores a las aulas.<\/p>\n\n\n\n<figure class=\"wp-block-image size-large\"><img loading=\"lazy\" decoding=\"async\" width=\"300\" height=\"200\" src=\"https:\/\/plumanegranoticias.com\/wp-content\/uploads\/2025\/03\/img-20250305-wa00217555105352688104326-300x200.jpg\" alt=\"\" class=\"wp-image-8996\" srcset=\"https:\/\/plumanegranoticias.com\/wp-content\/uploads\/2025\/03\/img-20250305-wa00217555105352688104326-300x200.jpg 300w, https:\/\/plumanegranoticias.com\/wp-content\/uploads\/2025\/03\/img-20250305-wa00217555105352688104326.jpg 678w\" sizes=\"auto, (max-width: 300px) 100vw, 300px\" \/><\/figure>\n\n\n\n<p>De acuerdo con la auditor\u00eda realizada a la cuenta p\u00fablica del a\u00f1o 2023, en el periodo cuando Zenyazen Escobar estaba al frente de la SEV, se detect\u00f3 un posible da\u00f1o patrimonial de m\u00e1s de 11 millones de pesos. Esto se debi\u00f3 a pagos realizados a personal comisionado que no asist\u00eda a su lugar de trabajo, a quienes ya se les hab\u00eda dado de baja, a funcionarios con puestos pol\u00edticos, y hasta a personas que hab\u00edan fallecido. En total, la SEV report\u00f3 pagos irregulares por un total de 43 millones de pesos, correspondientes a 717 trabajadores, quienes estaban adscritos a 7 centros de trabajo, pero no realizaban actividades educativas.<\/p>\n\n\n\n<p>La auditor\u00eda tambi\u00e9n identific\u00f3 pagos a trabajadores dados de baja definitiva, as\u00ed como pagos a empleados ya fallecidos, lo que agrav\u00f3 la irregularidad. Adem\u00e1s, se detectaron inconsistencias en los movimientos de n\u00f3mina y cheques cancelados, lo que podr\u00eda generar un da\u00f1o patrimonial adicional.<\/p>\n","protected":false},"excerpt":{"rendered":"<p>Veracruz, Ver.- M\u00e1s de 700 plazas fantasmas de &#8220;maestros&#8221; fueron detectadas en la Secretar\u00eda de Educaci\u00f3n de Veracruz (SEV) durante la gesti\u00f3n de Zenyazen Escobar, seg\u00fan un informe de la Auditor\u00eda Superior de la Federaci\u00f3n (ASF). Estas plazas estaban vinculadas a personas que no estaban frente a grupo, incluidos aviadores, sindicalizados, funcionarios p\u00fablicos, regidores, diputados&#8230; <\/p>\n<div class=\"clear\"><\/div>\n<p><a href=\"https:\/\/plumanegranoticias.com\/?p=8997\" class=\"excerpt-read-more\">Read More<i class=\"fa fa-caret-right icon-caret-right\"><\/i><\/a><\/p>\n","protected":false},"author":2,"featured_media":8999,"comment_status":"open","ping_status":"open","sticky":false,"template":"","format":"standard","meta":{"om_disable_all_campaigns":false,"_monsterinsights_skip_tracking":false,"_monsterinsights_sitenote_active":false,"_monsterinsights_sitenote_note":"","_monsterinsights_sitenote_category":0,"_uf_show_specific_survey":0,"_uf_disable_surveys":false,"footnotes":""},"categories":[8,12],"tags":[61,19],"class_list":["post-8997","post","type-post","status-publish","format-standard","has-post-thumbnail","hentry","category-politica","category-regional","tag-politica","tag-regional"],"aioseo_notices":[],"_links":{"self":[{"href":"https:\/\/plumanegranoticias.com\/index.php?rest_route=\/wp\/v2\/posts\/8997","targetHints":{"allow":["GET"]}}],"collection":[{"href":"https:\/\/plumanegranoticias.com\/index.php?rest_route=\/wp\/v2\/posts"}],"about":[{"href":"https:\/\/plumanegranoticias.com\/index.php?rest_route=\/wp\/v2\/types\/post"}],"author":[{"embeddable":true,"href":"https:\/\/plumanegranoticias.com\/index.php?rest_route=\/wp\/v2\/users\/2"}],"replies":[{"embeddable":true,"href":"https:\/\/plumanegranoticias.com\/index.php?rest_route=%2Fwp%2Fv2%2Fcomments&post=8997"}],"version-history":[{"count":1,"href":"https:\/\/plumanegranoticias.com\/index.php?rest_route=\/wp\/v2\/posts\/8997\/revisions"}],"predecessor-version":[{"id":8998,"href":"https:\/\/plumanegranoticias.com\/index.php?rest_route=\/wp\/v2\/posts\/8997\/revisions\/8998"}],"wp:featuredmedia":[{"embeddable":true,"href":"https:\/\/plumanegranoticias.com\/index.php?rest_route=\/wp\/v2\/media\/8999"}],"wp:attachment":[{"href":"https:\/\/plumanegranoticias.com\/index.php?rest_route=%2Fwp%2Fv2%2Fmedia&parent=8997"}],"wp:term":[{"taxonomy":"category","embeddable":true,"href":"https:\/\/plumanegranoticias.com\/index.php?rest_route=%2Fwp%2Fv2%2Fcategories&post=8997"},{"taxonomy":"post_tag","embeddable":true,"href":"https:\/\/plumanegranoticias.com\/index.php?rest_route=%2Fwp%2Fv2%2Ftags&post=8997"}],"curies":[{"name":"wp","href":"https:\/\/api.w.org\/{rel}","templated":true}]}}