{"id":9003,"date":"2025-03-05T12:17:28","date_gmt":"2025-03-05T18:17:28","guid":{"rendered":"https:\/\/plumanegranoticias.com\/?p=9003"},"modified":"2025-03-05T12:41:27","modified_gmt":"2025-03-05T18:41:27","slug":"rescatan-tortuga-en-alvarado","status":"publish","type":"post","link":"https:\/\/plumanegranoticias.com\/?p=9003","title":{"rendered":"RESCATAN TORTUGA EN ALVARADO"},"content":{"rendered":"\n<p>Una tortuga carey fue rescatada de redes de pescadores en la costa de Salinas, Alvarado y reportada a las autoridades ante el temor de que pescadores la consumieron. Esta ma\u00f1ana fue rescatada por personal de la Procuradur\u00eda Federal de Protecci\u00f3n Ambiental<\/p>\n\n\n\n<p>La especie fue rescatada por la se\u00f1ora Evelia Yepez Enr\u00edquez <\/p>\n\n\n\n<figure class=\"wp-block-image size-large\"><img loading=\"lazy\" decoding=\"async\" width=\"460\" height=\"1024\" src=\"https:\/\/plumanegranoticias.com\/wp-content\/uploads\/2025\/03\/img-20250305-wa00816260171447457967326-460x1024.jpg\" alt=\"\" class=\"wp-image-9001\" srcset=\"https:\/\/plumanegranoticias.com\/wp-content\/uploads\/2025\/03\/img-20250305-wa00816260171447457967326-460x1024.jpg 460w, https:\/\/plumanegranoticias.com\/wp-content\/uploads\/2025\/03\/img-20250305-wa00816260171447457967326-135x300.jpg 135w, https:\/\/plumanegranoticias.com\/wp-content\/uploads\/2025\/03\/img-20250305-wa00816260171447457967326-690x1536.jpg 690w, https:\/\/plumanegranoticias.com\/wp-content\/uploads\/2025\/03\/img-20250305-wa00816260171447457967326.jpg 719w\" sizes=\"auto, (max-width: 460px) 100vw, 460px\" \/><\/figure>\n\n\n\n<figure class=\"wp-block-image\"><img loading=\"lazy\" decoding=\"async\" width=\"460\" height=\"1024\" src=\"https:\/\/plumanegranoticias.com\/wp-content\/uploads\/2025\/03\/img-20250305-wa00856958788048591425556-460x1024.jpg\" alt=\"\" class=\"wp-image-9000\" srcset=\"https:\/\/plumanegranoticias.com\/wp-content\/uploads\/2025\/03\/img-20250305-wa00856958788048591425556-460x1024.jpg 460w, https:\/\/plumanegranoticias.com\/wp-content\/uploads\/2025\/03\/img-20250305-wa00856958788048591425556-135x300.jpg 135w, https:\/\/plumanegranoticias.com\/wp-content\/uploads\/2025\/03\/img-20250305-wa00856958788048591425556-690x1536.jpg 690w, https:\/\/plumanegranoticias.com\/wp-content\/uploads\/2025\/03\/img-20250305-wa00856958788048591425556.jpg 719w\" sizes=\"auto, (max-width: 460px) 100vw, 460px\" \/><\/figure>\n\n\n\n<figure class=\"wp-block-image\"><img loading=\"lazy\" decoding=\"async\" width=\"460\" height=\"1024\" src=\"https:\/\/plumanegranoticias.com\/wp-content\/uploads\/2025\/03\/img-20250305-wa00836766334345888835420-460x1024.jpg\" alt=\"\" class=\"wp-image-9002\" srcset=\"https:\/\/plumanegranoticias.com\/wp-content\/uploads\/2025\/03\/img-20250305-wa00836766334345888835420-460x1024.jpg 460w, https:\/\/plumanegranoticias.com\/wp-content\/uploads\/2025\/03\/img-20250305-wa00836766334345888835420-135x300.jpg 135w, https:\/\/plumanegranoticias.com\/wp-content\/uploads\/2025\/03\/img-20250305-wa00836766334345888835420-690x1536.jpg 690w, https:\/\/plumanegranoticias.com\/wp-content\/uploads\/2025\/03\/img-20250305-wa00836766334345888835420.jpg 719w\" sizes=\"auto, (max-width: 460px) 100vw, 460px\" \/><\/figure>\n\n\n\n<figure class=\"wp-block-video\"><video height=\"856\" style=\"aspect-ratio: 480 \/ 856;\" width=\"480\" controls src=\"https:\/\/plumanegranoticias.com\/wp-content\/uploads\/2025\/03\/VID-20250305-WA0087.mp4\"><\/video><\/figure>\n","protected":false},"excerpt":{"rendered":"<p>Una tortuga carey fue rescatada de redes de pescadores en la costa de Salinas, Alvarado y reportada a las autoridades ante el temor de que pescadores la consumieron. Esta ma\u00f1ana fue rescatada por personal de la Procuradur\u00eda Federal de Protecci\u00f3n Ambiental La especie fue rescatada por la se\u00f1ora Evelia Yepez Enr\u00edquez<\/p>\n","protected":false},"author":2,"featured_media":9005,"comment_status":"open","ping_status":"open","sticky":false,"template":"","format":"standard","meta":{"om_disable_all_campaigns":false,"_monsterinsights_skip_tracking":false,"_monsterinsights_sitenote_active":false,"_monsterinsights_sitenote_note":"","_monsterinsights_sitenote_category":0,"_uf_show_specific_survey":0,"_uf_disable_surveys":false,"footnotes":""},"categories":[16,12,10,9],"tags":[61,19,33],"class_list":["post-9003","post","type-post","status-publish","format-standard","has-post-thumbnail","hentry","category-plumazos","category-regional","category-sociales","category-tendencias","tag-politica","tag-regional","tag-tendencias"],"aioseo_notices":[],"_links":{"self":[{"href":"https:\/\/plumanegranoticias.com\/index.php?rest_route=\/wp\/v2\/posts\/9003","targetHints":{"allow":["GET"]}}],"collection":[{"href":"https:\/\/plumanegranoticias.com\/index.php?rest_route=\/wp\/v2\/posts"}],"about":[{"href":"https:\/\/plumanegranoticias.com\/index.php?rest_route=\/wp\/v2\/types\/post"}],"author":[{"embeddable":true,"href":"https:\/\/plumanegranoticias.com\/index.php?rest_route=\/wp\/v2\/users\/2"}],"replies":[{"embeddable":true,"href":"https:\/\/plumanegranoticias.com\/index.php?rest_route=%2Fwp%2Fv2%2Fcomments&post=9003"}],"version-history":[{"count":2,"href":"https:\/\/plumanegranoticias.com\/index.php?rest_route=\/wp\/v2\/posts\/9003\/revisions"}],"predecessor-version":[{"id":9007,"href":"https:\/\/plumanegranoticias.com\/index.php?rest_route=\/wp\/v2\/posts\/9003\/revisions\/9007"}],"wp:featuredmedia":[{"embeddable":true,"href":"https:\/\/plumanegranoticias.com\/index.php?rest_route=\/wp\/v2\/media\/9005"}],"wp:attachment":[{"href":"https:\/\/plumanegranoticias.com\/index.php?rest_route=%2Fwp%2Fv2%2Fmedia&parent=9003"}],"wp:term":[{"taxonomy":"category","embeddable":true,"href":"https:\/\/plumanegranoticias.com\/index.php?rest_route=%2Fwp%2Fv2%2Fcategories&post=9003"},{"taxonomy":"post_tag","embeddable":true,"href":"https:\/\/plumanegranoticias.com\/index.php?rest_route=%2Fwp%2Fv2%2Ftags&post=9003"}],"curies":[{"name":"wp","href":"https:\/\/api.w.org\/{rel}","templated":true}]}}