{"id":9016,"date":"2025-03-06T13:08:39","date_gmt":"2025-03-06T19:08:39","guid":{"rendered":"https:\/\/plumanegranoticias.com\/?p=9016"},"modified":"2025-03-06T13:09:13","modified_gmt":"2025-03-06T19:09:13","slug":"observatorio-de-equidad-de-genero-combate-acoso-y-abusos-contra-personal-femenino-el-ejercito","status":"publish","type":"post","link":"https:\/\/plumanegranoticias.com\/?p=9016","title":{"rendered":"Observatorio de Equidad de G\u00e9nero combate acoso y abusos contra personal femenino el Ej\u00e9rcito"},"content":{"rendered":"\n<p>Alejandro \u00c1vila<\/p>\n\n\n\n<p>Boca del R\u00edo, Ver.- Desde el 2018 a\u00f1o en que se cre\u00f3 el Observatorio de Equidad de G\u00e9nero en la Secretar\u00eda de la Defensa Nacional (SEDENA), han disminuido considerablemente los presuntos casos de acoso o abusos en contra del personal femenino.<\/p>\n\n\n\n<p>&#8220;Tenemos el Observatorio de Equidad de G\u00e9nero donde ya actualmente no se presta tanto a que haya discriminaci\u00f3n, se va regulando, se van estableciendo procedimientos y leyes para que ya no haya abusos, acoso, todo eso ya est\u00e1 muy penado en nuestro Ej\u00e9rcito, ya se va normando (\u2026) a partir del 2018 empec\u00e9 a funcionar este Observatorio y ah\u00ed se llevan todos los casos que se lleguen a suscitar o alguna incorformidad del personal femenino si se hace saber&#8221;, coment\u00f3 Mar\u00eda Montes Cruz, Jefa de Odontolog\u00eda del Hospital de la SEDENA.<\/p>\n\n\n\n<figure class=\"wp-block-image size-large\"><img loading=\"lazy\" decoding=\"async\" width=\"300\" height=\"150\" src=\"https:\/\/plumanegranoticias.com\/wp-content\/uploads\/2025\/03\/img-20250306-wa01006683361276406126907-300x150.jpg\" alt=\"\" class=\"wp-image-9015\" srcset=\"https:\/\/plumanegranoticias.com\/wp-content\/uploads\/2025\/03\/img-20250306-wa01006683361276406126907-300x150.jpg 300w, https:\/\/plumanegranoticias.com\/wp-content\/uploads\/2025\/03\/img-20250306-wa01006683361276406126907-768x384.jpg 768w, https:\/\/plumanegranoticias.com\/wp-content\/uploads\/2025\/03\/img-20250306-wa01006683361276406126907.jpg 783w\" sizes=\"auto, (max-width: 300px) 100vw, 300px\" \/><\/figure>\n\n\n\n<figure class=\"wp-block-image\"><img loading=\"lazy\" decoding=\"async\" width=\"300\" height=\"150\" src=\"https:\/\/plumanegranoticias.com\/wp-content\/uploads\/2025\/03\/img-20250306-wa010015815762831326942-300x150.jpg\" alt=\"\" class=\"wp-image-9013\" srcset=\"https:\/\/plumanegranoticias.com\/wp-content\/uploads\/2025\/03\/img-20250306-wa010015815762831326942-300x150.jpg 300w, https:\/\/plumanegranoticias.com\/wp-content\/uploads\/2025\/03\/img-20250306-wa010015815762831326942-768x384.jpg 768w, https:\/\/plumanegranoticias.com\/wp-content\/uploads\/2025\/03\/img-20250306-wa010015815762831326942.jpg 783w\" sizes=\"auto, (max-width: 300px) 100vw, 300px\" \/><\/figure>\n\n\n\n<p>Se estima que al a\u00f1o existen entre 10 y 100 casos de presunto acoso o abuso en contra de personal femenino, mismo que se ha estado puntualmente por las instancias correspondientes de la SEDENA.<\/p>\n\n\n\n<p>En ese sentido, la militar reconoci\u00f3 que ha ido en aumento el n\u00famero de mujeres que ingresan a la Secretar\u00eda de la Defensa Nacional (SEDENA), sobre todo con la intenci\u00f3n de cursar sus estudios en \u00e1rea de salud.<\/p>\n","protected":false},"excerpt":{"rendered":"<p>Alejandro \u00c1vila Boca del R\u00edo, Ver.- Desde el 2018 a\u00f1o en que se cre\u00f3 el Observatorio de Equidad de G\u00e9nero en la Secretar\u00eda de la Defensa Nacional (SEDENA), han disminuido considerablemente los presuntos casos de acoso o abusos en contra del personal femenino. &#8220;Tenemos el Observatorio de Equidad de G\u00e9nero donde ya actualmente no se&#8230; <\/p>\n<div class=\"clear\"><\/div>\n<p><a href=\"https:\/\/plumanegranoticias.com\/?p=9016\" class=\"excerpt-read-more\">Read More<i class=\"fa fa-caret-right icon-caret-right\"><\/i><\/a><\/p>\n","protected":false},"author":2,"featured_media":9014,"comment_status":"open","ping_status":"open","sticky":false,"template":"","format":"standard","meta":{"om_disable_all_campaigns":false,"_monsterinsights_skip_tracking":false,"_monsterinsights_sitenote_active":false,"_monsterinsights_sitenote_note":"","_monsterinsights_sitenote_category":0,"_uf_show_specific_survey":0,"_uf_disable_surveys":false,"footnotes":""},"categories":[8,12],"tags":[22,18,34],"class_list":["post-9016","post","type-post","status-publish","format-standard","has-post-thumbnail","hentry","category-politica","category-regional","tag-nota-roja","tag-noticia","tag-policiaca"],"aioseo_notices":[],"_links":{"self":[{"href":"https:\/\/plumanegranoticias.com\/index.php?rest_route=\/wp\/v2\/posts\/9016","targetHints":{"allow":["GET"]}}],"collection":[{"href":"https:\/\/plumanegranoticias.com\/index.php?rest_route=\/wp\/v2\/posts"}],"about":[{"href":"https:\/\/plumanegranoticias.com\/index.php?rest_route=\/wp\/v2\/types\/post"}],"author":[{"embeddable":true,"href":"https:\/\/plumanegranoticias.com\/index.php?rest_route=\/wp\/v2\/users\/2"}],"replies":[{"embeddable":true,"href":"https:\/\/plumanegranoticias.com\/index.php?rest_route=%2Fwp%2Fv2%2Fcomments&post=9016"}],"version-history":[{"count":1,"href":"https:\/\/plumanegranoticias.com\/index.php?rest_route=\/wp\/v2\/posts\/9016\/revisions"}],"predecessor-version":[{"id":9017,"href":"https:\/\/plumanegranoticias.com\/index.php?rest_route=\/wp\/v2\/posts\/9016\/revisions\/9017"}],"wp:featuredmedia":[{"embeddable":true,"href":"https:\/\/plumanegranoticias.com\/index.php?rest_route=\/wp\/v2\/media\/9014"}],"wp:attachment":[{"href":"https:\/\/plumanegranoticias.com\/index.php?rest_route=%2Fwp%2Fv2%2Fmedia&parent=9016"}],"wp:term":[{"taxonomy":"category","embeddable":true,"href":"https:\/\/plumanegranoticias.com\/index.php?rest_route=%2Fwp%2Fv2%2Fcategories&post=9016"},{"taxonomy":"post_tag","embeddable":true,"href":"https:\/\/plumanegranoticias.com\/index.php?rest_route=%2Fwp%2Fv2%2Ftags&post=9016"}],"curies":[{"name":"wp","href":"https:\/\/api.w.org\/{rel}","templated":true}]}}