{"id":9041,"date":"2025-03-07T11:31:20","date_gmt":"2025-03-07T17:31:20","guid":{"rendered":"https:\/\/plumanegranoticias.com\/?p=9041"},"modified":"2025-03-07T11:32:10","modified_gmt":"2025-03-07T17:32:10","slug":"en-coscomatepec-a-horas-del-8m-roban-taxi-y-desaparece-conductora","status":"publish","type":"post","link":"https:\/\/plumanegranoticias.com\/?p=9041","title":{"rendered":"En Coscomatepec, a horas del 8M roban taxi y desaparece conductora"},"content":{"rendered":"\n<p>Alejandro \u00c1vila<\/p>\n\n\n\n<p>Coscomatepec, Ver.- A unas horas del D\u00eda Internacional de la Mujer, Veracruz sigue en el ojo del hurac\u00e1n; en esta ocasi\u00f3n, una joven conductora de taxi se encuentra desaparecida desde la madrugada de este viernes 7 de marzo.<\/p>\n\n\n\n<p>La madrugada de este viernes se report\u00f3 que el veh\u00edculo de renta modalidad taxi con el n\u00famero econ\u00f3mico 18 del municipio de Coscomatepec fue v\u00edctima de robo, a pesar de que horas m\u00e1s tarde fue encontrar a la unidad, hasta el momento la conductora, F\u00e1tima Espinosa Garc\u00eda, sigue en calidad de desaparecida.<\/p>\n\n\n\n<p>El ruletero David Hern\u00e1ndez fue quien report\u00f3 la situaci\u00f3n y en conjunto con otros compa\u00f1eros se dieron a la tarea de ubicar la unidad desaparecida, misma que fue encontrada en la carretera federal a la altura de la gasolinera Dos Caminos en el barrio de San Nicol\u00e1s, sin embargo la conductora no ha sido localizada hasta el momento.<\/p>\n\n\n\n<p>Familiares y amigos solicitaron al apoyo de las estancias correspondientes para dar con el paradero de la conductora de taxi; de manera extraoficial se pudo conocer que elementos de la Secretar\u00eda de Defensa Nacional (SEDENA) se encuentran en el municipio de Coscomatepec y se sumaron al operativo de b\u00fasqueda.<\/p>\n\n\n\n<div class=\"wp-block-group is-nowrap is-layout-flex wp-container-core-group-is-layout-ad2f72ca wp-block-group-is-layout-flex\">\n<figure class=\"wp-block-image size-large\"><img loading=\"lazy\" decoding=\"async\" width=\"1024\" height=\"1024\" src=\"https:\/\/plumanegranoticias.com\/wp-content\/uploads\/2025\/03\/img-20250307-wa00535185636297614379992-1024x1024.jpg\" alt=\"\" class=\"wp-image-9040\" srcset=\"https:\/\/plumanegranoticias.com\/wp-content\/uploads\/2025\/03\/img-20250307-wa00535185636297614379992-1024x1024.jpg 1024w, https:\/\/plumanegranoticias.com\/wp-content\/uploads\/2025\/03\/img-20250307-wa00535185636297614379992-300x300.jpg 300w, https:\/\/plumanegranoticias.com\/wp-content\/uploads\/2025\/03\/img-20250307-wa00535185636297614379992-150x150.jpg 150w, https:\/\/plumanegranoticias.com\/wp-content\/uploads\/2025\/03\/img-20250307-wa00535185636297614379992-768x768.jpg 768w, https:\/\/plumanegranoticias.com\/wp-content\/uploads\/2025\/03\/img-20250307-wa00535185636297614379992-400x400.jpg 400w, https:\/\/plumanegranoticias.com\/wp-content\/uploads\/2025\/03\/img-20250307-wa00535185636297614379992.jpg 1080w\" sizes=\"auto, (max-width: 1024px) 100vw, 1024px\" \/><\/figure>\n<\/div>\n","protected":false},"excerpt":{"rendered":"<p>Alejandro \u00c1vila Coscomatepec, Ver.- A unas horas del D\u00eda Internacional de la Mujer, Veracruz sigue en el ojo del hurac\u00e1n; en esta ocasi\u00f3n, una joven conductora de taxi se encuentra desaparecida desde la madrugada de este viernes 7 de marzo. La madrugada de este viernes se report\u00f3 que el veh\u00edculo de renta modalidad taxi con&#8230; <\/p>\n<div class=\"clear\"><\/div>\n<p><a href=\"https:\/\/plumanegranoticias.com\/?p=9041\" class=\"excerpt-read-more\">Read More<i class=\"fa fa-caret-right icon-caret-right\"><\/i><\/a><\/p>\n","protected":false},"author":2,"featured_media":9043,"comment_status":"open","ping_status":"open","sticky":false,"template":"","format":"standard","meta":{"om_disable_all_campaigns":false,"_monsterinsights_skip_tracking":false,"_monsterinsights_sitenote_active":false,"_monsterinsights_sitenote_note":"","_monsterinsights_sitenote_category":0,"_uf_show_specific_survey":0,"_uf_disable_surveys":false,"footnotes":""},"categories":[13,8,12],"tags":[34,61],"class_list":["post-9041","post","type-post","status-publish","format-standard","has-post-thumbnail","hentry","category-nota-roja","category-politica","category-regional","tag-policiaca","tag-politica"],"aioseo_notices":[],"_links":{"self":[{"href":"https:\/\/plumanegranoticias.com\/index.php?rest_route=\/wp\/v2\/posts\/9041","targetHints":{"allow":["GET"]}}],"collection":[{"href":"https:\/\/plumanegranoticias.com\/index.php?rest_route=\/wp\/v2\/posts"}],"about":[{"href":"https:\/\/plumanegranoticias.com\/index.php?rest_route=\/wp\/v2\/types\/post"}],"author":[{"embeddable":true,"href":"https:\/\/plumanegranoticias.com\/index.php?rest_route=\/wp\/v2\/users\/2"}],"replies":[{"embeddable":true,"href":"https:\/\/plumanegranoticias.com\/index.php?rest_route=%2Fwp%2Fv2%2Fcomments&post=9041"}],"version-history":[{"count":1,"href":"https:\/\/plumanegranoticias.com\/index.php?rest_route=\/wp\/v2\/posts\/9041\/revisions"}],"predecessor-version":[{"id":9042,"href":"https:\/\/plumanegranoticias.com\/index.php?rest_route=\/wp\/v2\/posts\/9041\/revisions\/9042"}],"wp:featuredmedia":[{"embeddable":true,"href":"https:\/\/plumanegranoticias.com\/index.php?rest_route=\/wp\/v2\/media\/9043"}],"wp:attachment":[{"href":"https:\/\/plumanegranoticias.com\/index.php?rest_route=%2Fwp%2Fv2%2Fmedia&parent=9041"}],"wp:term":[{"taxonomy":"category","embeddable":true,"href":"https:\/\/plumanegranoticias.com\/index.php?rest_route=%2Fwp%2Fv2%2Fcategories&post=9041"},{"taxonomy":"post_tag","embeddable":true,"href":"https:\/\/plumanegranoticias.com\/index.php?rest_route=%2Fwp%2Fv2%2Ftags&post=9041"}],"curies":[{"name":"wp","href":"https:\/\/api.w.org\/{rel}","templated":true}]}}