{"id":9059,"date":"2025-03-07T12:20:51","date_gmt":"2025-03-07T18:20:51","guid":{"rendered":"https:\/\/plumanegranoticias.com\/?p=9059"},"modified":"2025-03-07T12:21:22","modified_gmt":"2025-03-07T18:21:22","slug":"vinculado-a-proceso-policia-municipal-como-probable-responsable-del-delito-de-homicidio-doloso-calificado","status":"publish","type":"post","link":"https:\/\/plumanegranoticias.com\/?p=9059","title":{"rendered":"Vinculado a proceso polic\u00eda municipal como probable responsable del delito de homicidio doloso calificado"},"content":{"rendered":"\n<p class=\"s5 wp-block-paragraph\"><strong>Fort\u00edn, Ver.,\u00a07 de marzo 2025.-<\/strong>\u00a0La Fiscal\u00eda General del Estado, a trav\u00e9s de la Fiscal\u00eda Regional C\u00f3rdoba, obtuvo vinculaci\u00f3n a proceso en contra de Zurit Abel \u201cN\u201d, quien fung\u00eda como Polic\u00eda Municipal de Fort\u00edn, como probable responsable del delito de homicidio doloso calificado, en agravio de la v\u00edctima identificada con las iniciales P.O.M.<\/p>\n\n\n\n<p class=\"s5 wp-block-paragraph\">Los hechos ocurrieron en la colonia Ricardo Ballinas, en esta ciudad, cuando probablemente particip\u00f3 en la muerte de la v\u00edctima, por proyectil de arma de fuego.<\/p>\n\n\n\n<p class=\"s5 wp-block-paragraph\">El juez ratific\u00f3 la medida cautelar de prisi\u00f3n preventiva oficiosa, dentro del proceso penal 48\/2025.<\/p>\n\n\n\n<figure class=\"wp-block-image size-large\"><img loading=\"lazy\" decoding=\"async\" width=\"1024\" height=\"1024\" src=\"https:\/\/plumanegranoticias.com\/wp-content\/uploads\/2025\/03\/img-20250307-wa00578046535865952533388-1024x1024.jpg\" alt=\"\" class=\"wp-image-9058\" srcset=\"https:\/\/plumanegranoticias.com\/wp-content\/uploads\/2025\/03\/img-20250307-wa00578046535865952533388-1024x1024.jpg 1024w, https:\/\/plumanegranoticias.com\/wp-content\/uploads\/2025\/03\/img-20250307-wa00578046535865952533388-300x300.jpg 300w, https:\/\/plumanegranoticias.com\/wp-content\/uploads\/2025\/03\/img-20250307-wa00578046535865952533388-150x150.jpg 150w, https:\/\/plumanegranoticias.com\/wp-content\/uploads\/2025\/03\/img-20250307-wa00578046535865952533388-768x768.jpg 768w, https:\/\/plumanegranoticias.com\/wp-content\/uploads\/2025\/03\/img-20250307-wa00578046535865952533388-400x400.jpg 400w, https:\/\/plumanegranoticias.com\/wp-content\/uploads\/2025\/03\/img-20250307-wa00578046535865952533388.jpg 1200w\" sizes=\"auto, (max-width: 1024px) 100vw, 1024px\" \/><\/figure>\n\n\n\n<figure class=\"wp-block-image\"><img decoding=\"async\" src=\"file:\/\/\/data\/user\/0\/com.microsoft.office.word\/files\/temp\/msohtmlclip\/clip_image002.png\" alt=\"\"\/><\/figure>\n\n\n\n<figure class=\"wp-block-image\"><img decoding=\"async\" src=\"file:\/\/\/data\/user\/0\/com.microsoft.office.word\/files\/temp\/msohtmlclip\/clip_image004.jpg\" alt=\"\"\/><\/figure>\n\n\n\n<p class=\"MsoNormal wp-block-paragraph\">&nbsp;<\/p>\n\n\n\n<p class=\"MsoNormal wp-block-paragraph\">&nbsp;<\/p>\n","protected":false},"excerpt":{"rendered":"<p>Fort\u00edn, Ver.,\u00a07 de marzo 2025.-\u00a0La Fiscal\u00eda General del Estado, a trav\u00e9s de la Fiscal\u00eda Regional C\u00f3rdoba, obtuvo vinculaci\u00f3n a proceso en contra de Zurit Abel \u201cN\u201d, quien fung\u00eda como Polic\u00eda Municipal de Fort\u00edn, como probable responsable del delito de homicidio doloso calificado, en agravio de la v\u00edctima identificada con las iniciales P.O.M. Los hechos ocurrieron&#8230; <\/p>\n<div class=\"clear\"><\/div>\n<p><a href=\"https:\/\/plumanegranoticias.com\/?p=9059\" class=\"excerpt-read-more\">Read More<i class=\"fa fa-caret-right icon-caret-right\"><\/i><\/a><\/p>\n","protected":false},"author":2,"featured_media":9061,"comment_status":"open","ping_status":"open","sticky":false,"template":"","format":"standard","meta":{"om_disable_all_campaigns":false,"_monsterinsights_skip_tracking":false,"_uf_show_specific_survey":0,"_uf_disable_surveys":false,"footnotes":""},"categories":[1],"tags":[22,18],"class_list":["post-9059","post","type-post","status-publish","format-standard","has-post-thumbnail","hentry","category-blog","tag-nota-roja","tag-noticia"],"aioseo_notices":[],"aioseo_head":"\n\t\t<!-- All in One SEO 5.0.0.1 - aioseo.com -->\n\t<meta name=\"description\" content=\"Fort\u00edn, Ver., 7 de marzo 2025.- La Fiscal\u00eda General del Estado, a trav\u00e9s de la Fiscal\u00eda Regional C\u00f3rdoba, obtuvo vinculaci\u00f3n a proceso en contra de Zurit Abel \u201cN\u201d, quien fung\u00eda como Polic\u00eda Municipal de Fort\u00edn, como probable responsable del delito de homicidio doloso calificado, en agravio de la v\u00edctima identificada con las iniciales P.O.M. Los hechos ocurrieron\" \/>\n\t<meta name=\"robots\" content=\"max-image-preview:large\" \/>\n\t<meta name=\"author\" content=\"Ignacio \u00c1lvarez\"\/>\n\t<link rel=\"canonical\" href=\"https:\/\/plumanegranoticias.com\/?p=9059\" \/>\n\t<meta name=\"generator\" content=\"All in One SEO (AIOSEO) 5.0.0.1\" \/>\n\t\t<meta property=\"og:locale\" content=\"es_MX\" \/>\n\t\t<meta property=\"og:site_name\" content=\"plumanegranoticias.com -\" \/>\n\t\t<meta property=\"og:type\" content=\"article\" \/>\n\t\t<meta property=\"og:title\" content=\"Vinculado a proceso polic\u00eda municipal como probable responsable del delito de homicidio doloso calificado - plumanegranoticias.com\" \/>\n\t\t<meta property=\"og:description\" content=\"Fort\u00edn, Ver., 7 de marzo 2025.- La Fiscal\u00eda General del Estado, a trav\u00e9s de la Fiscal\u00eda Regional C\u00f3rdoba, obtuvo vinculaci\u00f3n a proceso en contra de Zurit Abel \u201cN\u201d, quien fung\u00eda como Polic\u00eda Municipal de Fort\u00edn, como probable responsable del delito de homicidio doloso calificado, en agravio de la v\u00edctima identificada con las iniciales P.O.M. Los hechos ocurrieron\" \/>\n\t\t<meta property=\"og:url\" content=\"https:\/\/plumanegranoticias.com\/?p=9059\" \/>\n\t\t<meta property=\"article:published_time\" content=\"2025-03-07T18:20:51+00:00\" \/>\n\t\t<meta property=\"article:modified_time\" content=\"2025-03-07T18:21:22+00:00\" \/>\n\t\t<meta name=\"twitter:card\" content=\"summary_large_image\" \/>\n\t\t<meta name=\"twitter:title\" content=\"Vinculado a proceso polic\u00eda municipal como probable responsable del delito de homicidio doloso calificado - plumanegranoticias.com\" \/>\n\t\t<meta name=\"twitter:description\" content=\"Fort\u00edn, Ver., 7 de marzo 2025.- La Fiscal\u00eda General del Estado, a trav\u00e9s de la Fiscal\u00eda Regional C\u00f3rdoba, obtuvo vinculaci\u00f3n a proceso en contra de Zurit Abel \u201cN\u201d, quien fung\u00eda como Polic\u00eda Municipal de Fort\u00edn, como probable responsable del delito de homicidio doloso calificado, en agravio de la v\u00edctima identificada con las iniciales P.O.M. Los hechos ocurrieron\" \/>\n\t\t<script type=\"application\/ld+json\" class=\"aioseo-schema\">\n\t\t\t{\"@context\":\"https:\\\/\\\/schema.org\",\"@graph\":[{\"@type\":\"BlogPosting\",\"@id\":\"https:\\\/\\\/plumanegranoticias.com\\\/?p=9059#blogposting\",\"name\":\"Vinculado a proceso polic\\u00eda municipal como probable responsable del delito de homicidio doloso calificado - plumanegranoticias.com\",\"headline\":\"Vinculado a proceso polic\\u00eda municipal como probable responsable del delito de homicidio doloso calificado\",\"author\":{\"@id\":\"https:\\\/\\\/plumanegranoticias.com\\\/?author=2#author\"},\"publisher\":{\"@id\":\"https:\\\/\\\/plumanegranoticias.com\\\/#organization\"},\"image\":{\"@type\":\"ImageObject\",\"url\":\"https:\\\/\\\/plumanegranoticias.com\\\/wp-content\\\/uploads\\\/2025\\\/03\\\/IMG-20250307-WA0057.jpg\",\"width\":1200,\"height\":1200},\"datePublished\":\"2025-03-07T12:20:51-06:00\",\"dateModified\":\"2025-03-07T12:21:22-06:00\",\"inLanguage\":\"es-MX\",\"mainEntityOfPage\":{\"@id\":\"https:\\\/\\\/plumanegranoticias.com\\\/?p=9059#webpage\"},\"isPartOf\":{\"@id\":\"https:\\\/\\\/plumanegranoticias.com\\\/?p=9059#webpage\"},\"articleSection\":\"Blog, Nota Roja, Noticia\"},{\"@type\":\"BreadcrumbList\",\"@id\":\"https:\\\/\\\/plumanegranoticias.com\\\/?p=9059#breadcrumblist\",\"itemListElement\":[{\"@type\":\"ListItem\",\"@id\":\"https:\\\/\\\/plumanegranoticias.com#listItem\",\"position\":1,\"name\":\"Home\",\"item\":\"https:\\\/\\\/plumanegranoticias.com\",\"nextItem\":{\"@type\":\"ListItem\",\"@id\":\"https:\\\/\\\/plumanegranoticias.com\\\/?cat=1#listItem\",\"name\":\"Blog\"}},{\"@type\":\"ListItem\",\"@id\":\"https:\\\/\\\/plumanegranoticias.com\\\/?cat=1#listItem\",\"position\":2,\"name\":\"Blog\",\"item\":\"https:\\\/\\\/plumanegranoticias.com\\\/?cat=1\",\"nextItem\":{\"@type\":\"ListItem\",\"@id\":\"https:\\\/\\\/plumanegranoticias.com\\\/?p=9059#listItem\",\"name\":\"Vinculado a proceso polic\\u00eda municipal como probable responsable del delito de homicidio doloso calificado\"},\"previousItem\":{\"@type\":\"ListItem\",\"@id\":\"https:\\\/\\\/plumanegranoticias.com#listItem\",\"name\":\"Home\"}},{\"@type\":\"ListItem\",\"@id\":\"https:\\\/\\\/plumanegranoticias.com\\\/?p=9059#listItem\",\"position\":3,\"name\":\"Vinculado a proceso polic\\u00eda municipal como probable responsable del delito de homicidio doloso calificado\",\"previousItem\":{\"@type\":\"ListItem\",\"@id\":\"https:\\\/\\\/plumanegranoticias.com\\\/?cat=1#listItem\",\"name\":\"Blog\"}}]},{\"@type\":\"Organization\",\"@id\":\"https:\\\/\\\/plumanegranoticias.com\\\/#organization\",\"name\":\"plumanegranoticias.com\",\"url\":\"https:\\\/\\\/plumanegranoticias.com\\\/\"},{\"@type\":\"Person\",\"@id\":\"https:\\\/\\\/plumanegranoticias.com\\\/?author=2#author\",\"url\":\"https:\\\/\\\/plumanegranoticias.com\\\/?author=2\",\"name\":\"Ignacio \\u00c1lvarez\",\"image\":{\"@type\":\"ImageObject\",\"@id\":\"https:\\\/\\\/plumanegranoticias.com\\\/?p=9059#authorImage\",\"url\":\"https:\\\/\\\/secure.gravatar.com\\\/avatar\\\/50d15f5139fd84e7a48ef23fcd81dc58ca9890401d4d15ad86caf43620b1771f?s=96&d=mm&r=g\",\"width\":96,\"height\":96,\"caption\":\"Ignacio \\u00c1lvarez\"}},{\"@type\":\"WebPage\",\"@id\":\"https:\\\/\\\/plumanegranoticias.com\\\/?p=9059#webpage\",\"url\":\"https:\\\/\\\/plumanegranoticias.com\\\/?p=9059\",\"name\":\"Vinculado a proceso polic\\u00eda municipal como probable responsable del delito de homicidio doloso calificado - plumanegranoticias.com\",\"description\":\"Fort\\u00edn, Ver., 7 de marzo 2025.- La Fiscal\\u00eda General del Estado, a trav\\u00e9s de la Fiscal\\u00eda Regional C\\u00f3rdoba, obtuvo vinculaci\\u00f3n a proceso en contra de Zurit Abel \\u201cN\\u201d, quien fung\\u00eda como Polic\\u00eda Municipal de Fort\\u00edn, como probable responsable del delito de homicidio doloso calificado, en agravio de la v\\u00edctima identificada con las iniciales P.O.M. Los hechos ocurrieron\",\"inLanguage\":\"es-MX\",\"isPartOf\":{\"@id\":\"https:\\\/\\\/plumanegranoticias.com\\\/#website\"},\"breadcrumb\":{\"@id\":\"https:\\\/\\\/plumanegranoticias.com\\\/?p=9059#breadcrumblist\"},\"author\":{\"@id\":\"https:\\\/\\\/plumanegranoticias.com\\\/?author=2#author\"},\"creator\":{\"@id\":\"https:\\\/\\\/plumanegranoticias.com\\\/?author=2#author\"},\"image\":{\"@type\":\"ImageObject\",\"url\":\"https:\\\/\\\/plumanegranoticias.com\\\/wp-content\\\/uploads\\\/2025\\\/03\\\/IMG-20250307-WA0057.jpg\",\"@id\":\"https:\\\/\\\/plumanegranoticias.com\\\/?p=9059\\\/#mainImage\",\"width\":1200,\"height\":1200},\"primaryImageOfPage\":{\"@id\":\"https:\\\/\\\/plumanegranoticias.com\\\/?p=9059#mainImage\"},\"datePublished\":\"2025-03-07T12:20:51-06:00\",\"dateModified\":\"2025-03-07T12:21:22-06:00\"},{\"@type\":\"WebSite\",\"@id\":\"https:\\\/\\\/plumanegranoticias.com\\\/#website\",\"url\":\"https:\\\/\\\/plumanegranoticias.com\\\/\",\"name\":\"plumanegranoticias.com\",\"inLanguage\":\"es-MX\",\"publisher\":{\"@id\":\"https:\\\/\\\/plumanegranoticias.com\\\/#organization\"}}]}\n\t\t<\/script>\n\t\t<!-- All in One SEO -->\n\n","aioseo_head_json":{"title":"Vinculado a proceso polic\u00eda municipal como probable responsable del delito de homicidio doloso calificado - plumanegranoticias.com","description":"Fort\u00edn, Ver., 7 de marzo 2025.- La Fiscal\u00eda General del Estado, a trav\u00e9s de la Fiscal\u00eda Regional C\u00f3rdoba, obtuvo vinculaci\u00f3n a proceso en contra de Zurit Abel \u201cN\u201d, quien fung\u00eda como Polic\u00eda Municipal de Fort\u00edn, como probable responsable del delito de homicidio doloso calificado, en agravio de la v\u00edctima identificada con las iniciales P.O.M. Los hechos ocurrieron","canonical_url":"https:\/\/plumanegranoticias.com\/?p=9059","robots":"max-image-preview:large","keywords":"","webmasterTools":{"miscellaneous":""},"schema":{"@context":"https:\/\/schema.org","@graph":[{"@type":"BlogPosting","@id":"https:\/\/plumanegranoticias.com\/?p=9059#blogposting","name":"Vinculado a proceso polic\u00eda municipal como probable responsable del delito de homicidio doloso calificado - plumanegranoticias.com","headline":"Vinculado a proceso polic\u00eda municipal como probable responsable del delito de homicidio doloso calificado","author":{"@id":"https:\/\/plumanegranoticias.com\/?author=2#author"},"publisher":{"@id":"https:\/\/plumanegranoticias.com\/#organization"},"image":{"@type":"ImageObject","url":"https:\/\/plumanegranoticias.com\/wp-content\/uploads\/2025\/03\/IMG-20250307-WA0057.jpg","width":1200,"height":1200},"datePublished":"2025-03-07T12:20:51-06:00","dateModified":"2025-03-07T12:21:22-06:00","inLanguage":"es-MX","mainEntityOfPage":{"@id":"https:\/\/plumanegranoticias.com\/?p=9059#webpage"},"isPartOf":{"@id":"https:\/\/plumanegranoticias.com\/?p=9059#webpage"},"articleSection":"Blog, Nota Roja, Noticia"},{"@type":"BreadcrumbList","@id":"https:\/\/plumanegranoticias.com\/?p=9059#breadcrumblist","itemListElement":[{"@type":"ListItem","@id":"https:\/\/plumanegranoticias.com#listItem","position":1,"name":"Home","item":"https:\/\/plumanegranoticias.com","nextItem":{"@type":"ListItem","@id":"https:\/\/plumanegranoticias.com\/?cat=1#listItem","name":"Blog"}},{"@type":"ListItem","@id":"https:\/\/plumanegranoticias.com\/?cat=1#listItem","position":2,"name":"Blog","item":"https:\/\/plumanegranoticias.com\/?cat=1","nextItem":{"@type":"ListItem","@id":"https:\/\/plumanegranoticias.com\/?p=9059#listItem","name":"Vinculado a proceso polic\u00eda municipal como probable responsable del delito de homicidio doloso calificado"},"previousItem":{"@type":"ListItem","@id":"https:\/\/plumanegranoticias.com#listItem","name":"Home"}},{"@type":"ListItem","@id":"https:\/\/plumanegranoticias.com\/?p=9059#listItem","position":3,"name":"Vinculado a proceso polic\u00eda municipal como probable responsable del delito de homicidio doloso calificado","previousItem":{"@type":"ListItem","@id":"https:\/\/plumanegranoticias.com\/?cat=1#listItem","name":"Blog"}}]},{"@type":"Organization","@id":"https:\/\/plumanegranoticias.com\/#organization","name":"plumanegranoticias.com","url":"https:\/\/plumanegranoticias.com\/"},{"@type":"Person","@id":"https:\/\/plumanegranoticias.com\/?author=2#author","url":"https:\/\/plumanegranoticias.com\/?author=2","name":"Ignacio \u00c1lvarez","image":{"@type":"ImageObject","@id":"https:\/\/plumanegranoticias.com\/?p=9059#authorImage","url":"https:\/\/secure.gravatar.com\/avatar\/50d15f5139fd84e7a48ef23fcd81dc58ca9890401d4d15ad86caf43620b1771f?s=96&d=mm&r=g","width":96,"height":96,"caption":"Ignacio \u00c1lvarez"}},{"@type":"WebPage","@id":"https:\/\/plumanegranoticias.com\/?p=9059#webpage","url":"https:\/\/plumanegranoticias.com\/?p=9059","name":"Vinculado a proceso polic\u00eda municipal como probable responsable del delito de homicidio doloso calificado - plumanegranoticias.com","description":"Fort\u00edn, Ver., 7 de marzo 2025.- La Fiscal\u00eda General del Estado, a trav\u00e9s de la Fiscal\u00eda Regional C\u00f3rdoba, obtuvo vinculaci\u00f3n a proceso en contra de Zurit Abel \u201cN\u201d, quien fung\u00eda como Polic\u00eda Municipal de Fort\u00edn, como probable responsable del delito de homicidio doloso calificado, en agravio de la v\u00edctima identificada con las iniciales P.O.M. Los hechos ocurrieron","inLanguage":"es-MX","isPartOf":{"@id":"https:\/\/plumanegranoticias.com\/#website"},"breadcrumb":{"@id":"https:\/\/plumanegranoticias.com\/?p=9059#breadcrumblist"},"author":{"@id":"https:\/\/plumanegranoticias.com\/?author=2#author"},"creator":{"@id":"https:\/\/plumanegranoticias.com\/?author=2#author"},"image":{"@type":"ImageObject","url":"https:\/\/plumanegranoticias.com\/wp-content\/uploads\/2025\/03\/IMG-20250307-WA0057.jpg","@id":"https:\/\/plumanegranoticias.com\/?p=9059\/#mainImage","width":1200,"height":1200},"primaryImageOfPage":{"@id":"https:\/\/plumanegranoticias.com\/?p=9059#mainImage"},"datePublished":"2025-03-07T12:20:51-06:00","dateModified":"2025-03-07T12:21:22-06:00"},{"@type":"WebSite","@id":"https:\/\/plumanegranoticias.com\/#website","url":"https:\/\/plumanegranoticias.com\/","name":"plumanegranoticias.com","inLanguage":"es-MX","publisher":{"@id":"https:\/\/plumanegranoticias.com\/#organization"}}]},"og:locale":"es_MX","og:site_name":"plumanegranoticias.com -","og:type":"article","og:title":"Vinculado a proceso polic\u00eda municipal como probable responsable del delito de homicidio doloso calificado - plumanegranoticias.com","og:description":"Fort\u00edn, Ver., 7 de marzo 2025.- La Fiscal\u00eda General del Estado, a trav\u00e9s de la Fiscal\u00eda Regional C\u00f3rdoba, obtuvo vinculaci\u00f3n a proceso en contra de Zurit Abel \u201cN\u201d, quien fung\u00eda como Polic\u00eda Municipal de Fort\u00edn, como probable responsable del delito de homicidio doloso calificado, en agravio de la v\u00edctima identificada con las iniciales P.O.M. Los hechos ocurrieron","og:url":"https:\/\/plumanegranoticias.com\/?p=9059","article:published_time":"2025-03-07T18:20:51+00:00","article:modified_time":"2025-03-07T18:21:22+00:00","twitter:card":"summary_large_image","twitter:title":"Vinculado a proceso polic\u00eda municipal como probable responsable del delito de homicidio doloso calificado - plumanegranoticias.com","twitter:description":"Fort\u00edn, Ver., 7 de marzo 2025.- La Fiscal\u00eda General del Estado, a trav\u00e9s de la Fiscal\u00eda Regional C\u00f3rdoba, obtuvo vinculaci\u00f3n a proceso en contra de Zurit Abel \u201cN\u201d, quien fung\u00eda como Polic\u00eda Municipal de Fort\u00edn, como probable responsable del delito de homicidio doloso calificado, en agravio de la v\u00edctima identificada con las iniciales P.O.M. Los hechos ocurrieron"},"aioseo_meta_data":{"post_id":"9059","title":null,"description":null,"keywords":null,"keyphrases":null,"primary_term":null,"canonical_url":null,"og_title":null,"og_description":null,"og_object_type":"default","og_image_type":"default","og_image_url":null,"og_image_width":null,"og_image_height":null,"og_image_custom_url":null,"og_image_custom_fields":null,"og_video":null,"og_custom_url":null,"og_article_section":null,"og_article_tags":null,"twitter_use_og":false,"twitter_card":"default","twitter_image_type":"default","twitter_image_url":null,"twitter_image_custom_url":null,"twitter_image_custom_fields":null,"twitter_title":null,"twitter_description":null,"schema":{"blockGraphs":[],"customGraphs":[],"default":{"data":{"Article":[],"Course":[],"Dataset":[],"FAQPage":[],"Movie":[],"Person":[],"Product":[],"ProductReview":[],"Car":[],"Recipe":[],"Service":[],"SoftwareApplication":[],"WebPage":[]},"graphName":"","isEnabled":true},"graphs":[]},"schema_type":"default","schema_type_options":null,"pillar_content":false,"robots_default":true,"robots_noindex":false,"robots_noarchive":false,"robots_nosnippet":false,"robots_nofollow":false,"robots_noimageindex":false,"robots_noodp":false,"robots_notranslate":false,"robots_max_snippet":null,"robots_max_videopreview":null,"robots_max_imagepreview":"large","priority":null,"frequency":null,"local_seo":null,"breadcrumb_settings":null,"limit_modified_date":false,"ai":null,"created":"2025-03-07 18:22:17","updated":"2025-09-24 03:28:06","seo_analyzer_scan_date":null,"focus_keyword":null,"additional_keywords":null,"truseo_locale":null},"aioseo_breadcrumb":"<div class=\"aioseo-breadcrumbs\"><span class=\"aioseo-breadcrumb\">\n\t\t\t<a href=\"https:\/\/plumanegranoticias.com\" title=\"Home\">Home<\/a>\n\t\t<\/span><span class=\"aioseo-breadcrumb-separator\">&raquo;<\/span><span class=\"aioseo-breadcrumb\">\n\t\t\t<a href=\"https:\/\/plumanegranoticias.com\/?cat=1\" title=\"Blog\">Blog<\/a>\n\t\t<\/span><span class=\"aioseo-breadcrumb-separator\">&raquo;<\/span><span class=\"aioseo-breadcrumb\">\n\t\t\tVinculado a proceso polic\u00eda municipal como probable responsable del delito de homicidio doloso calificado\n\t\t<\/span><\/div>","aioseo_breadcrumb_json":[{"label":"Home","link":"https:\/\/plumanegranoticias.com"},{"label":"Blog","link":"https:\/\/plumanegranoticias.com\/?cat=1"},{"label":"Vinculado a proceso polic\u00eda municipal como probable responsable del delito de homicidio doloso calificado","link":"https:\/\/plumanegranoticias.com\/?p=9059"}],"_links":{"self":[{"href":"https:\/\/plumanegranoticias.com\/index.php?rest_route=\/wp\/v2\/posts\/9059","targetHints":{"allow":["GET"]}}],"collection":[{"href":"https:\/\/plumanegranoticias.com\/index.php?rest_route=\/wp\/v2\/posts"}],"about":[{"href":"https:\/\/plumanegranoticias.com\/index.php?rest_route=\/wp\/v2\/types\/post"}],"author":[{"embeddable":true,"href":"https:\/\/plumanegranoticias.com\/index.php?rest_route=\/wp\/v2\/users\/2"}],"replies":[{"embeddable":true,"href":"https:\/\/plumanegranoticias.com\/index.php?rest_route=%2Fwp%2Fv2%2Fcomments&post=9059"}],"version-history":[{"count":1,"href":"https:\/\/plumanegranoticias.com\/index.php?rest_route=\/wp\/v2\/posts\/9059\/revisions"}],"predecessor-version":[{"id":9060,"href":"https:\/\/plumanegranoticias.com\/index.php?rest_route=\/wp\/v2\/posts\/9059\/revisions\/9060"}],"wp:featuredmedia":[{"embeddable":true,"href":"https:\/\/plumanegranoticias.com\/index.php?rest_route=\/wp\/v2\/media\/9061"}],"wp:attachment":[{"href":"https:\/\/plumanegranoticias.com\/index.php?rest_route=%2Fwp%2Fv2%2Fmedia&parent=9059"}],"wp:term":[{"taxonomy":"category","embeddable":true,"href":"https:\/\/plumanegranoticias.com\/index.php?rest_route=%2Fwp%2Fv2%2Fcategories&post=9059"},{"taxonomy":"post_tag","embeddable":true,"href":"https:\/\/plumanegranoticias.com\/index.php?rest_route=%2Fwp%2Fv2%2Ftags&post=9059"}],"curies":[{"name":"wp","href":"https:\/\/api.w.org\/{rel}","templated":true}]}}