{"id":9067,"date":"2025-03-07T12:33:16","date_gmt":"2025-03-07T18:33:16","guid":{"rendered":"https:\/\/plumanegranoticias.com\/?p=9067"},"modified":"2025-03-07T12:33:40","modified_gmt":"2025-03-07T18:33:40","slug":"siete-personas-detenidas-y-objetos-asegurados-en-operativos-de-cateo-con-fuerzas-federales-y-estatales-en-coscomatepec","status":"publish","type":"post","link":"https:\/\/plumanegranoticias.com\/?p=9067","title":{"rendered":"SIETE PERSONAS DETENIDAS Y OBJETOS ASEGURADOS EN OPERATIVOS DE CATEO CON FUERZAS FEDERALES Y ESTATALES EN COSCOMATEPEC"},"content":{"rendered":"\n<p class=\"MsoNormal\">C<strong>oscomatepec, Ver., a 7 de marzo del 2025.-<\/strong>La Fiscal\u00eda General del Estado informa que, Fiscales, Peritos y Polic\u00edas Ministeriales adscritos a la Fiscal\u00eda Regional C\u00f3rdoba, en coordinaci\u00f3n con la Secretar\u00eda de la Defensa Nacional, Secretar\u00eda de Marina, Guardia Nacional y la Secretar\u00eda de Seguridad P\u00fablica Estatal, llevaron a cabo dos cateos autorizados por un juez, en este municipio.<\/p>\n\n\n\n<p class=\"MsoNormal\">El primer operativo se llev\u00f3 a cabo en la calle Santos Degollado, donde se logr\u00f3 la detenci\u00f3n en flagrancia de Emilio \u201cN\u201d, Adolfo \u201cN\u201d, Cipriano \u201cN\u201d, y una adolescente de identidad resguardada, as\u00ed como el aseguramiento de hierba verde seca con caracter\u00edsticas similares a las de la marihuana y una sustancia granulada color blanco, &nbsp;b\u00e1sculas grameras, monedas, tel\u00e9fonos celulares, memorias usb, bolsas tipo ziploc, pipas de madera, cartuchos bal\u00edsticos y un artefacto hechizo con p\u00f3lvora.<\/p>\n\n\n\n<p class=\"MsoNormal\">El segundo cateo fue efectuado en la calle Adolfo L\u00f3pez Mateos, deteniendo en flagrancia a Leticia \u201cN\u201d, Sabino Edgar \u201cN\u201d y Gustavo \u201cN\u201d, a quienes se les aseguraron bolsas con restos de polvo color blanco, cartuchos bal\u00edsticos, un arma de fuego hechiza, tel\u00e9fonos celulares, bolsas tipo ziploc, una tabla de castigo, un radio de telecomunicaciones y una b\u00e1scula gramera.<\/p>\n\n\n\n<p class=\"MsoNormal\">Respetando sus derechos humanos y el debido proceso, los detenidos fueron presentados ante el fiscal correspondiente de la Fiscal\u00eda Regional C\u00f3rdoba para que defina su situaci\u00f3n jur\u00eddica.<\/p>\n\n\n\n<p class=\"MsoNormal\">En cuanto a la adolescente, fue presentada ante el Fiscal Especializado en Justicia Penal para Adolescentes.<\/p>\n\n\n\n<figure class=\"wp-block-image size-large\"><img loading=\"lazy\" decoding=\"async\" width=\"1024\" height=\"1024\" src=\"https:\/\/plumanegranoticias.com\/wp-content\/uploads\/2025\/03\/img-20250307-wa00828750472585653460485-1024x1024.jpg\" alt=\"\" class=\"wp-image-9066\" srcset=\"https:\/\/plumanegranoticias.com\/wp-content\/uploads\/2025\/03\/img-20250307-wa00828750472585653460485-1024x1024.jpg 1024w, https:\/\/plumanegranoticias.com\/wp-content\/uploads\/2025\/03\/img-20250307-wa00828750472585653460485-300x300.jpg 300w, https:\/\/plumanegranoticias.com\/wp-content\/uploads\/2025\/03\/img-20250307-wa00828750472585653460485-150x150.jpg 150w, https:\/\/plumanegranoticias.com\/wp-content\/uploads\/2025\/03\/img-20250307-wa00828750472585653460485-768x768.jpg 768w, https:\/\/plumanegranoticias.com\/wp-content\/uploads\/2025\/03\/img-20250307-wa00828750472585653460485-400x400.jpg 400w, https:\/\/plumanegranoticias.com\/wp-content\/uploads\/2025\/03\/img-20250307-wa00828750472585653460485.jpg 1200w\" sizes=\"auto, (max-width: 1024px) 100vw, 1024px\" \/><\/figure>\n\n\n\n<figure class=\"wp-block-image\"><img decoding=\"async\" src=\"file:\/\/\/data\/user\/0\/com.microsoft.office.word\/files\/temp\/msohtmlclip\/clip_image002.png\" alt=\"\"\/><\/figure>\n\n\n\n<figure class=\"wp-block-image\"><img decoding=\"async\" src=\"file:\/\/\/data\/user\/0\/com.microsoft.office.word\/files\/temp\/msohtmlclip\/clip_image004.jpg\" alt=\"\"\/><\/figure>\n","protected":false},"excerpt":{"rendered":"<p>Coscomatepec, Ver., a 7 de marzo del 2025.-La Fiscal\u00eda General del Estado informa que, Fiscales, Peritos y Polic\u00edas Ministeriales adscritos a la Fiscal\u00eda Regional C\u00f3rdoba, en coordinaci\u00f3n con la Secretar\u00eda de la Defensa Nacional, Secretar\u00eda de Marina, Guardia Nacional y la Secretar\u00eda de Seguridad P\u00fablica Estatal, llevaron a cabo dos cateos autorizados por un juez,&#8230; <\/p>\n<div class=\"clear\"><\/div>\n<p><a href=\"https:\/\/plumanegranoticias.com\/?p=9067\" class=\"excerpt-read-more\">Read More<i class=\"fa fa-caret-right icon-caret-right\"><\/i><\/a><\/p>\n","protected":false},"author":2,"featured_media":9069,"comment_status":"open","ping_status":"open","sticky":false,"template":"","format":"standard","meta":{"om_disable_all_campaigns":false,"_monsterinsights_skip_tracking":false,"_monsterinsights_sitenote_active":false,"_monsterinsights_sitenote_note":"","_monsterinsights_sitenote_category":0,"_uf_show_specific_survey":0,"_uf_disable_surveys":false,"footnotes":""},"categories":[13,12],"tags":[22,18,61],"class_list":["post-9067","post","type-post","status-publish","format-standard","has-post-thumbnail","hentry","category-nota-roja","category-regional","tag-nota-roja","tag-noticia","tag-politica"],"aioseo_notices":[],"_links":{"self":[{"href":"https:\/\/plumanegranoticias.com\/index.php?rest_route=\/wp\/v2\/posts\/9067","targetHints":{"allow":["GET"]}}],"collection":[{"href":"https:\/\/plumanegranoticias.com\/index.php?rest_route=\/wp\/v2\/posts"}],"about":[{"href":"https:\/\/plumanegranoticias.com\/index.php?rest_route=\/wp\/v2\/types\/post"}],"author":[{"embeddable":true,"href":"https:\/\/plumanegranoticias.com\/index.php?rest_route=\/wp\/v2\/users\/2"}],"replies":[{"embeddable":true,"href":"https:\/\/plumanegranoticias.com\/index.php?rest_route=%2Fwp%2Fv2%2Fcomments&post=9067"}],"version-history":[{"count":1,"href":"https:\/\/plumanegranoticias.com\/index.php?rest_route=\/wp\/v2\/posts\/9067\/revisions"}],"predecessor-version":[{"id":9068,"href":"https:\/\/plumanegranoticias.com\/index.php?rest_route=\/wp\/v2\/posts\/9067\/revisions\/9068"}],"wp:featuredmedia":[{"embeddable":true,"href":"https:\/\/plumanegranoticias.com\/index.php?rest_route=\/wp\/v2\/media\/9069"}],"wp:attachment":[{"href":"https:\/\/plumanegranoticias.com\/index.php?rest_route=%2Fwp%2Fv2%2Fmedia&parent=9067"}],"wp:term":[{"taxonomy":"category","embeddable":true,"href":"https:\/\/plumanegranoticias.com\/index.php?rest_route=%2Fwp%2Fv2%2Fcategories&post=9067"},{"taxonomy":"post_tag","embeddable":true,"href":"https:\/\/plumanegranoticias.com\/index.php?rest_route=%2Fwp%2Fv2%2Ftags&post=9067"}],"curies":[{"name":"wp","href":"https:\/\/api.w.org\/{rel}","templated":true}]}}