{"id":9127,"date":"2025-03-10T09:45:30","date_gmt":"2025-03-10T15:45:30","guid":{"rendered":"https:\/\/plumanegranoticias.com\/?p=9127"},"modified":"2025-03-10T09:46:24","modified_gmt":"2025-03-10T15:46:24","slug":"tras-lineas-enemigas","status":"publish","type":"post","link":"https:\/\/plumanegranoticias.com\/?p=9127","title":{"rendered":"Tras l\u00edneas enemigas"},"content":{"rendered":"\n<p class=\"MsoNormal\"><strong>Carpe Diem<\/strong><\/p>\n\n\n\n<p class=\"MsoNormal\"><strong>Manolo Victorio<\/strong><\/p>\n\n\n\n<p class=\"MsoNormal\">La asamblea p\u00fablica de este domingo en plancha del z\u00f3calo se convoc\u00f3 originalmente para frentear al gandalla gringo.<\/p>\n\n\n\n<p class=\"MsoNormal\">La idea primaria era cohesionar a la clase pol\u00edtica con el pueblo para alzar la testa ante la imposici\u00f3n arancelaria a todo producto mexicano que cruzara la frontera de Estados Unidos.<\/p>\n\n\n\n<p class=\"MsoNormal\">Una estrategia a la mexicana de cardumen ante la identidad nacional ante la actitud arrogante, neo colonialista, avasalladora de Donald Trump.<\/p>\n\n\n\n<p class=\"MsoNormal\">Astuto, el propio Trump anunci\u00f3 el jueves 6 de marzo que orden\u00f3 temporalmente la mayor\u00eda de los aranceles que impuso a M\u00e9xico y Canad\u00e1 dos d\u00edas antes.<\/p>\n\n\n\n<p class=\"MsoNormal\">La decisi\u00f3n, segunda en lo que va del a\u00f1o, respecto de imponer aranceles a M\u00e9xico fue anunciada por el mandatario en su plataforma <em>Truth Social<\/em> y surgi\u00f3 luego de una conversaci\u00f3n con su hom\u00f3loga mexicana, Claudia Sheinbaum.<\/p>\n\n\n\n<p class=\"MsoNormal\">Horas despu\u00e9s, la Casa Blanca anunci\u00f3 que los mismos t\u00e9rminos aplicaban a Canad\u00e1.<\/p>\n\n\n\n<p class=\"MsoNormal\">El acuerdo de suspensi\u00f3n para ambos pa\u00edses se mantendr\u00e1 hasta el 2 de abril.<\/p>\n\n\n\n<p class=\"MsoNormal\">Antes de este segundo susto, la maquinaria del Movimiento de la Cuarta Transformaci\u00f3n se ech\u00f3 a andar para una asamblea informativa, este domingo 09 de marzo, donde la presidenta dir\u00eda de cara a la naci\u00f3n que estrategias de defensa se hab\u00edan confeccionado en los planes A, B y C cuya existencia la misma presidenta dej\u00f3 entrever.<\/p>\n\n\n\n<p class=\"MsoNormal\">Este domingo, la doctora Sheinbaum vir\u00f3 su mensaje inicial y lanz\u00f3 su espada en prenda en un reclamo cotidiano de su hom\u00f3logo estadounidense: frenar el flujo de drogas hacia su pa\u00eds.<\/p>\n\n\n\n<p class=\"MsoNormal\">\u00abLe digo al pueblo estadounidense que no tenemos ni tendremos intenci\u00f3n alguna de perjudicarlo y que estamos resueltos a colaborar con \u00e9l en todos los \u00e1mbitos. Especialmente ante la preocupaci\u00f3n que tienen por el grave problema de consumo de drogas sint\u00e9ticas\u00bb, apunt\u00f3.<\/p>\n\n\n\n<p class=\"MsoNormal\">\u00abPor razones humanitarias, M\u00e9xico seguir\u00e1 colaborando para evitar que llegue fentanilo a los j\u00f3venes estadounidenses (\u2026) No solo que no queremos que esa droga llegue a los j\u00f3venes de Estados Unidos, sino que no llegue a ning\u00fan lugar del mundo ni a los j\u00f3venes mexicanos\u00bb, dijo la presidenta.<\/p>\n\n\n\n<p class=\"MsoNormal\">En esta Asamblea Informativa, la presidenta explic\u00f3 a sus miles de simpatizantes, gobernadores de los estados del pa\u00eds, empresarios y pol\u00edticos, el acuerdo alcanzado el pasado jueves con su hom\u00f3logo estadounidense, Donald Trump, para pausar por un mes la amenaza de aranceles a productos mexicanos.<\/p>\n\n\n\n<p class=\"MsoNormal\">\u00abHay que agradecer la voluntad de di\u00e1logo con M\u00e9xico del presidente de los Estados Unidos. Hay algunas personas que no les interesa que haya una buena relaci\u00f3n entre nuestros pueblos y Gobiernos, pero estoy segura que con informaci\u00f3n y di\u00e1logo respetuoso siempre podemos lograr una relaci\u00f3n de respeto. Hasta ahora ha sido as\u00ed\u00bb, se\u00f1al\u00f3.<\/p>\n\n\n\n<p class=\"MsoNormal\">\u00abSomos optimistas porque ese d\u00eda, el 2 de abril, el Gobierno de Estados Unidos ha anunciado que impondr\u00e1 aranceles rec\u00edprocos a todos los pa\u00edses del mundo, si alg\u00fan pa\u00eds le cobra por sus exportaciones, Estados Unidos lo har\u00e1 tambi\u00e9n, eso es lo que ellos han dicho\u00bb, explic\u00f3 en su discurso dominical.<\/p>\n\n\n\n<p class=\"MsoNormal\">En la narrativa diplom\u00e1tica sali\u00f3 bien librada.<\/p>\n\n\n\n<p class=\"MsoNormal\">La ira proteccionista del presidente norteamericano nos dejar\u00e1 respirar un mes m\u00e1s; aunque la presidenta conf\u00eda que las amenazas por imponer aranceles a los productos mexicanos ya se diluyeron.<\/p>\n\n\n\n<p class=\"MsoNormal\">Sin embargo, el discurso se vio empa\u00f1ado por un video que circul\u00f3 profusamente en las redes sociales, donde un grupo de siete pol\u00edticos, donde sobresal\u00edan Andr\u00e9s Manuel L\u00f3pez Beltr\u00e1n como figura central, Mar\u00eda Luisa Alcalde Lujan, presidenta de Morena, Ad\u00e1n Augusto L\u00f3pez Hern\u00e1ndez, pastor de los senadores morenos, Ricardo Monreal \u00c1vila, coordinador de la bancada morenista en San L\u00e1zaro y Manuel Velasco Coello, se juntan en una <em>selfie<\/em>, justo cuando pasa la presidenta, atr\u00e1s del grupo.<\/p>\n\n\n\n<p class=\"MsoNormal\">Una <em>selfie<\/em> con alt\u00edsimo contenido sem\u00e1ntico, que echa por tierra los esfuerzos presidenciales por abanderar a la camale\u00f3nica clase pol\u00edtica mexicana, refugiada en un partido laxo, poroso, sin ideolog\u00edas definidas, mezcolanza de pol\u00edticos trashumantes, sacralizados, exorcizados de las viejas pr\u00e1cticas corruptas prohijadas por el sistema que Andr\u00e9s Manuel castig\u00f3 solo de saliva, blanqueados en sus nuevas encomiendas solo por la pertenencia reciente al Movimiento de Regeneraci\u00f3n Nacional.<\/p>\n\n\n\n<p class=\"MsoNormal\">Y es que la foto de esta peque\u00f1a plebe que la percepci\u00f3n del colectivo identifica como las cabezas visibles de un movimiento interno morenista que juega a los contrapesos del poder pol\u00edtico que detenta la primer mujer presidenta de M\u00e9xico.<\/p>\n\n\n\n<p class=\"MsoNormal\">Los fantasmas atormentadores del pasado, resurgieron, otra vez, en el ombligo del poder pol\u00edtico, el z\u00f3calo capitalino, con el desaire que le hace el grupo de los no alineados, al paso de la presidenta.<\/p>\n\n\n\n<p class=\"MsoNormal\">Un sondeo de la plataforma digital Ipsos Global Advisor, publicado por Forbes M\u00e9xico el 19 de junio de 2024, arroj\u00f3 que el 56% de los mexicanos cre\u00eda en ese momento que AMLO influir\u00e1 en el Gobierno de Sheinbaum.<\/p>\n\n\n\n<p class=\"MsoNormal\">En extra\u00f1a paradoja, un apartado de ese estudio revela que el 81% de los encuestados piensa que es importante que haya una oposici\u00f3n frente a Morena.<\/p>\n\n\n\n<p class=\"MsoNormal\">La oposici\u00f3n viene desde el interior del movimiento.<\/p>\n\n\n\n<p class=\"MsoNormal\">Las l\u00edneas enemigas visten del mismo color.<\/p>\n\n\n\n<p class=\"MsoNormal\">La impronta de una selfie que demuestra una lucha feroz por el poder en el 2030.<\/p>\n\n\n\n<p class=\"MsoNormal\">La interp\u00f3sita presencia de Andr\u00e9s Manuel L\u00f3pez Obrador a trav\u00e9s de la pol\u00edtica interna de Morena, manejada por su hijo, Andr\u00e9s Manuel L\u00f3pez Beltr\u00e1n, que regresa, consciente o inconscientemente, el peso espec\u00edfico de un Maximato tropical que no quiere marcharse del poder.<\/p>\n\n\n\n<p class=\"MsoNormal\">Las disculpas, tard\u00edas, superfluas, imprudentes, vinieron despu\u00e9s del <em>trending topic<\/em> que eclips\u00f3 la asamblea publica de la presidenta Claudia Sheinbaum Pardo, cuando en c\u00e1mara lenta, los involucrados en la multicitada <em>selfie<\/em>, voltearon apenas para rozar las manos presidenciales.<\/p>\n\n\n\n<p class=\"MsoNormal\">\u00abPresidenta Claudia Sheinbaum, le ofrezco una disculpa, en la emoci\u00f3n del momento nunca escuchamos que usted ya estaba en el coraz\u00f3n de la Patria\u00bb, escribi\u00f3 a las 18:19 horas el tabasque\u00f1o Ad\u00e1n Augusto L\u00f3pez Hern\u00e1ndez, quien es n\u00e9mesis visible de la presidenta.<\/p>\n\n\n\n<p class=\"MsoNormal\">A las 19:58, Ricardo Monreal poste\u00f3: \u00abAl inicio del evento en el Z\u00f3calo, el entusiasmo que se desbordaba nos contagi\u00f3 y no advertimos que la Presidenta @Claudiashein pasaba en ese momento por donde est\u00e1bamos. Le expreso mi disculpa sincera. Su mensaje a la naci\u00f3n fue excepcional y nada ni nadie minimiza su relevancia\u00bb.<\/p>\n\n\n\n<p class=\"MsoNormal\">Manuel Velasco Coello, sobre quien pesa la autor\u00eda de patear la ley anti nepotismo hasta el 2030, tambi\u00e9n se uni\u00f3 a las voces de disculpa ante la groser\u00eda hecha a la figura presidencial.<\/p>\n\n\n\n<p class=\"MsoNormal\">\u00abEstoy reunido con el Senador Ad\u00e1n Augusto L\u00f3pez y con el Diputado Ricardo Monreal. Le ofrecemos una disculpa a nuestra Presidenta @Claudiashein, ya que, en la emoci\u00f3n del evento de unidad en el Z\u00f3calo, no escuchamos cuando lleg\u00f3 y pas\u00f3 junto a nosotros\u00bb.<\/p>\n\n\n\n<p class=\"MsoNormal\">El palo, ya estaba dado, no se pod\u00eda zafar el escrutinio p\u00fablico.<\/p>\n\n\n\n<p class=\"MsoNormal\">En sororidad tard\u00eda, ante el crecimiento de una visi\u00f3n rupturista percibida por la opini\u00f3n p\u00fablica, la presidenta de Morena, Luisa Mar\u00eda Alcalde Lujan, poste\u00f3 a las 07:01 PM: \u00abHoy tuvo lugar un gran acto de unidad en torno a la Presidenta de M\u00e9xico. Con m\u00e1s de 350 mil personas reunidas en el Z\u00f3calo se demostr\u00f3, una vez m\u00e1s, su enorme fuerza y liderazgo.<\/p>\n\n\n\n<p class=\"MsoNormal\">Como lo han hecho en otras ocasiones, los opositores pretenden desviar la atenci\u00f3n. Un descuido en el protocolo, que no debi\u00f3 pasar, no disminuye ni opaca el cari\u00f1o que hoy el pueblo entero expres\u00f3 en la mayor plaza p\u00fablica del pa\u00eds.<\/p>\n\n\n\n<p class=\"MsoNormal\">&nbsp;<\/p>\n\n\n\n<p class=\"MsoNormal\">Presidenta<\/p>\n\n\n\n<p class=\"MsoNormal\">@Claudiashein: \u00a1usted es nuestro orgullo!\u00bb.<\/p>\n\n\n\n<p class=\"MsoNormal\">Las reacciones fueron variopintas en la red social, de las cuales se entresacan dos en este mar picado al que el padre de la Semiolog\u00eda, Umberto Eco, se refiri\u00f3 como el espacio m\u00e1s democr\u00e1tico y crudo para la expresi\u00f3n humana al definir al uso y abuso de las redes sociales que concede \u00abel derecho de hablar a legiones de idiotas que primero hablaban s\u00f3lo en el bar despu\u00e9s de un vaso de vino, sin da\u00f1ar a la comunidad. Ellos eran silenciados r\u00e1pidamente y ahora tienen el mismo derecho a hablar que un premio Nobel. Es la invasi\u00f3n de los idiotas\u00bb.<\/p>\n\n\n\n<p class=\"MsoNormal\">\u00abA nivel pol\u00edtico y medi\u00e1tico, esto fue un error garrafal. La plana mayor la dej\u00f3 expuesta y las redes lo amplificaron. No pudieron controlar la narrativa. P\u00e9simo manejo de crisis. Te fallaron y encima quieren disimularlo\u00bb, poste\u00f3 Carlos Pi\u00f1a en su cuenta de X, @Piniisima, en puntilla sint\u00e9tica a lo sucedido este domingo en el z\u00f3calo.<\/p>\n\n\n\n<p class=\"MsoNormal\">Bere Aguilar (@bereaguilarv), poste\u00f3 otra sentencia:<\/p>\n\n\n\n<p class=\"MsoNormal\">\u00abM\u00e1s claro ni el agua\u2026En la secta venenosa de la 4T, s\u00f3lo hay dos sopas: Claudia o el hijo del narco expresidente.<\/p>\n\n\n\n<p class=\"MsoNormal\">Ah\u00ed est\u00e1n con Andy: el Se\u00f1or Nada, el hermano Ad\u00e1n y Luisa Ma, ignor\u00e1ndola, desafi\u00e1ndola, reduci\u00e9ndola a nada. La fractura es evidente; ojal\u00e1 Claudia rompa el pacto\u00bb.<\/p>\n\n\n\n<p class=\"MsoNormal\">Uff.<\/p>\n\n\n\n<p class=\"MsoNormal\">Apenas roza Claudia Sheinbaum su primer semestre. Es muy temprano para armar entramados que dificulten su gobierno.<\/p>\n\n\n\n<p class=\"MsoNormal\">La presidenta camina tras l\u00edneas enemigas.<\/p>\n\n\n\n<p class=\"MsoNormal\">Claro, el apoyo del 85 por ciento de la poblaci\u00f3n es un blindaje donde topan los conspiracionistas del poder.<\/p>\n\n\n\n<p class=\"MsoNormal\"><em>columnacarpediem@gmail.com<\/em><\/p>\n\n\n\n<figure class=\"wp-block-image size-large\"><img loading=\"lazy\" decoding=\"async\" width=\"249\" height=\"300\" src=\"https:\/\/plumanegranoticias.com\/wp-content\/uploads\/2025\/03\/fb_img_17401654064458445045572974252211-249x300.jpg\" alt=\"\" class=\"wp-image-9126\" srcset=\"https:\/\/plumanegranoticias.com\/wp-content\/uploads\/2025\/03\/fb_img_17401654064458445045572974252211-249x300.jpg 249w, https:\/\/plumanegranoticias.com\/wp-content\/uploads\/2025\/03\/fb_img_17401654064458445045572974252211-768x926.jpg 768w, https:\/\/plumanegranoticias.com\/wp-content\/uploads\/2025\/03\/fb_img_17401654064458445045572974252211.jpg 847w\" sizes=\"auto, (max-width: 249px) 100vw, 249px\" \/><\/figure>\n\n\n\n<p class=\"MsoNormal\">&nbsp;<\/p>\n\n\n\n<p class=\"MsoNormal\">&nbsp;<\/p>\n\n\n\n<p class=\"MsoNormal\">&nbsp;<\/p>\n\n\n\n<p class=\"MsoNormal\">&nbsp;<\/p>\n","protected":false},"excerpt":{"rendered":"<p>Carpe Diem Manolo Victorio La asamblea p\u00fablica de este domingo en plancha del z\u00f3calo se convoc\u00f3 originalmente para frentear al gandalla gringo. La idea primaria era cohesionar a la clase pol\u00edtica con el pueblo para alzar la testa ante la imposici\u00f3n arancelaria a todo producto mexicano que cruzara la frontera de Estados Unidos. Una estrategia&#8230; <\/p>\n<div class=\"clear\"><\/div>\n<p><a href=\"https:\/\/plumanegranoticias.com\/?p=9127\" class=\"excerpt-read-more\">Read More<i class=\"fa fa-caret-right icon-caret-right\"><\/i><\/a><\/p>\n","protected":false},"author":2,"featured_media":9129,"comment_status":"open","ping_status":"open","sticky":false,"template":"","format":"standard","meta":{"om_disable_all_campaigns":false,"_monsterinsights_skip_tracking":false,"_monsterinsights_sitenote_active":false,"_monsterinsights_sitenote_note":"","_monsterinsights_sitenote_category":0,"_uf_show_specific_survey":0,"_uf_disable_surveys":false,"footnotes":""},"categories":[8,12],"tags":[22,18],"class_list":["post-9127","post","type-post","status-publish","format-standard","has-post-thumbnail","hentry","category-politica","category-regional","tag-nota-roja","tag-noticia"],"aioseo_notices":[],"_links":{"self":[{"href":"https:\/\/plumanegranoticias.com\/index.php?rest_route=\/wp\/v2\/posts\/9127","targetHints":{"allow":["GET"]}}],"collection":[{"href":"https:\/\/plumanegranoticias.com\/index.php?rest_route=\/wp\/v2\/posts"}],"about":[{"href":"https:\/\/plumanegranoticias.com\/index.php?rest_route=\/wp\/v2\/types\/post"}],"author":[{"embeddable":true,"href":"https:\/\/plumanegranoticias.com\/index.php?rest_route=\/wp\/v2\/users\/2"}],"replies":[{"embeddable":true,"href":"https:\/\/plumanegranoticias.com\/index.php?rest_route=%2Fwp%2Fv2%2Fcomments&post=9127"}],"version-history":[{"count":1,"href":"https:\/\/plumanegranoticias.com\/index.php?rest_route=\/wp\/v2\/posts\/9127\/revisions"}],"predecessor-version":[{"id":9128,"href":"https:\/\/plumanegranoticias.com\/index.php?rest_route=\/wp\/v2\/posts\/9127\/revisions\/9128"}],"wp:featuredmedia":[{"embeddable":true,"href":"https:\/\/plumanegranoticias.com\/index.php?rest_route=\/wp\/v2\/media\/9129"}],"wp:attachment":[{"href":"https:\/\/plumanegranoticias.com\/index.php?rest_route=%2Fwp%2Fv2%2Fmedia&parent=9127"}],"wp:term":[{"taxonomy":"category","embeddable":true,"href":"https:\/\/plumanegranoticias.com\/index.php?rest_route=%2Fwp%2Fv2%2Fcategories&post=9127"},{"taxonomy":"post_tag","embeddable":true,"href":"https:\/\/plumanegranoticias.com\/index.php?rest_route=%2Fwp%2Fv2%2Ftags&post=9127"}],"curies":[{"name":"wp","href":"https:\/\/api.w.org\/{rel}","templated":true}]}}