{"id":9144,"date":"2025-03-10T12:09:46","date_gmt":"2025-03-10T18:09:46","guid":{"rendered":"https:\/\/plumanegranoticias.com\/?p=9144"},"modified":"2025-03-10T12:11:20","modified_gmt":"2025-03-10T18:11:20","slug":"prision-preventiva-como-probables-responsables-del-delito-de-secuestro","status":"publish","type":"post","link":"https:\/\/plumanegranoticias.com\/?p=9144","title":{"rendered":"PRISI\u00d3N PREVENTIVA COMO PROBABLES RESPONSABLES DEL DELITO DE SECUESTRO"},"content":{"rendered":"\n<p class=\"s5\">S<strong>an Andr\u00e9s Tuxtla, Ver.,\u00a010 de marzo 2025.-<\/strong>La Fiscal\u00eda General del Estado, a trav\u00e9s de la Unidad Especializada en Combate al Secuestro, realiz\u00f3 imputaci\u00f3n en contra de Jacobo \u201cN\u201d, Vicente \u201cN\u201d, Luis Antonio \u201cN\u201d y Hugo Enrique \u201cN\u201d, como probables responsables del delito de secuestro, cometido en agravio de las v\u00edctimas J.R.F., y U.H.G.<\/p>\n\n\n\n<p class=\"s5\">Los hechos ocurrieron en la localidad de Juan D\u00edaz Covarrubias perteneciente al municipio de Hueyapan de Ocampo, cuando presuntamente privaron de la libertad a las v\u00edctimas, traslad\u00e1ndolas a un inmueble ubicado en la localidad de Los Bajos De Mimiahua del municipio de Catemaco, para posteriormente exigir un pago por su liberaci\u00f3n.<\/p>\n\n\n\n<p class=\"s5\">El 7 de marzo del a\u00f1o en curso, mediante un operativo llevado a cabo en el inmueble antes mencionado, en coordinaci\u00f3n con la Guardia Nacional y la Secretar\u00eda de Seguridad P\u00fablica Estatal, se logr\u00f3 la liberaci\u00f3n de las v\u00edctimas y la detenci\u00f3n en flagrancia de los imputados.<\/p>\n\n\n\n<p class=\"s5\">El juez dict\u00f3 como medida cautelar prisi\u00f3n preventiva oficiosa, dentro del proceso penal 22\/2025.<\/p>\n\n\n\n<figure class=\"wp-block-image size-large\"><img loading=\"lazy\" decoding=\"async\" width=\"1024\" height=\"1024\" src=\"https:\/\/plumanegranoticias.com\/wp-content\/uploads\/2025\/03\/img-20250310-wa00826802328406355747497-1024x1024.jpg\" alt=\"\" class=\"wp-image-9143\" srcset=\"https:\/\/plumanegranoticias.com\/wp-content\/uploads\/2025\/03\/img-20250310-wa00826802328406355747497-1024x1024.jpg 1024w, https:\/\/plumanegranoticias.com\/wp-content\/uploads\/2025\/03\/img-20250310-wa00826802328406355747497-300x300.jpg 300w, https:\/\/plumanegranoticias.com\/wp-content\/uploads\/2025\/03\/img-20250310-wa00826802328406355747497-150x150.jpg 150w, https:\/\/plumanegranoticias.com\/wp-content\/uploads\/2025\/03\/img-20250310-wa00826802328406355747497-768x768.jpg 768w, https:\/\/plumanegranoticias.com\/wp-content\/uploads\/2025\/03\/img-20250310-wa00826802328406355747497-400x400.jpg 400w, https:\/\/plumanegranoticias.com\/wp-content\/uploads\/2025\/03\/img-20250310-wa00826802328406355747497.jpg 1200w\" sizes=\"auto, (max-width: 1024px) 100vw, 1024px\" \/><\/figure>\n\n\n\n<figure class=\"wp-block-image\"><img decoding=\"async\" src=\"file:\/\/\/data\/user\/0\/com.microsoft.office.word\/files\/temp\/msohtmlclip\/clip_image002.png\" alt=\"\"\/><\/figure>\n\n\n\n<figure class=\"wp-block-image\"><img decoding=\"async\" src=\"file:\/\/\/data\/user\/0\/com.microsoft.office.word\/files\/temp\/msohtmlclip\/clip_image004.jpg\" alt=\"\"\/><\/figure>\n\n\n\n<p class=\"MsoNormal\">&nbsp;<\/p>\n\n\n\n<p class=\"MsoNormal\">&nbsp;<\/p>\n","protected":false},"excerpt":{"rendered":"<p>San Andr\u00e9s Tuxtla, Ver.,\u00a010 de marzo 2025.-La Fiscal\u00eda General del Estado, a trav\u00e9s de la Unidad Especializada en Combate al Secuestro, realiz\u00f3 imputaci\u00f3n en contra de Jacobo \u201cN\u201d, Vicente \u201cN\u201d, Luis Antonio \u201cN\u201d y Hugo Enrique \u201cN\u201d, como probables responsables del delito de secuestro, cometido en agravio de las v\u00edctimas J.R.F., y U.H.G. Los hechos&#8230; <\/p>\n<div class=\"clear\"><\/div>\n<p><a href=\"https:\/\/plumanegranoticias.com\/?p=9144\" class=\"excerpt-read-more\">Read More<i class=\"fa fa-caret-right icon-caret-right\"><\/i><\/a><\/p>\n","protected":false},"author":2,"featured_media":9142,"comment_status":"open","ping_status":"open","sticky":false,"template":"","format":"standard","meta":{"om_disable_all_campaigns":false,"_monsterinsights_skip_tracking":false,"_monsterinsights_sitenote_active":false,"_monsterinsights_sitenote_note":"","_monsterinsights_sitenote_category":0,"_uf_show_specific_survey":0,"_uf_disable_surveys":false,"footnotes":""},"categories":[13,8],"tags":[22,18],"class_list":["post-9144","post","type-post","status-publish","format-standard","has-post-thumbnail","hentry","category-nota-roja","category-politica","tag-nota-roja","tag-noticia"],"aioseo_notices":[],"_links":{"self":[{"href":"https:\/\/plumanegranoticias.com\/index.php?rest_route=\/wp\/v2\/posts\/9144","targetHints":{"allow":["GET"]}}],"collection":[{"href":"https:\/\/plumanegranoticias.com\/index.php?rest_route=\/wp\/v2\/posts"}],"about":[{"href":"https:\/\/plumanegranoticias.com\/index.php?rest_route=\/wp\/v2\/types\/post"}],"author":[{"embeddable":true,"href":"https:\/\/plumanegranoticias.com\/index.php?rest_route=\/wp\/v2\/users\/2"}],"replies":[{"embeddable":true,"href":"https:\/\/plumanegranoticias.com\/index.php?rest_route=%2Fwp%2Fv2%2Fcomments&post=9144"}],"version-history":[{"count":1,"href":"https:\/\/plumanegranoticias.com\/index.php?rest_route=\/wp\/v2\/posts\/9144\/revisions"}],"predecessor-version":[{"id":9145,"href":"https:\/\/plumanegranoticias.com\/index.php?rest_route=\/wp\/v2\/posts\/9144\/revisions\/9145"}],"wp:featuredmedia":[{"embeddable":true,"href":"https:\/\/plumanegranoticias.com\/index.php?rest_route=\/wp\/v2\/media\/9142"}],"wp:attachment":[{"href":"https:\/\/plumanegranoticias.com\/index.php?rest_route=%2Fwp%2Fv2%2Fmedia&parent=9144"}],"wp:term":[{"taxonomy":"category","embeddable":true,"href":"https:\/\/plumanegranoticias.com\/index.php?rest_route=%2Fwp%2Fv2%2Fcategories&post=9144"},{"taxonomy":"post_tag","embeddable":true,"href":"https:\/\/plumanegranoticias.com\/index.php?rest_route=%2Fwp%2Fv2%2Ftags&post=9144"}],"curies":[{"name":"wp","href":"https:\/\/api.w.org\/{rel}","templated":true}]}}