{"id":9178,"date":"2025-03-12T09:09:00","date_gmt":"2025-03-12T15:09:00","guid":{"rendered":"https:\/\/plumanegranoticias.com\/?p=9178"},"modified":"2025-03-12T09:10:28","modified_gmt":"2025-03-12T15:10:28","slug":"bloquean-paso-del-toro-santa-fe","status":"publish","type":"post","link":"https:\/\/plumanegranoticias.com\/?p=9178","title":{"rendered":"BLOQUEAN PASO DEL TORO- SANTA FE"},"content":{"rendered":"\n<p>A las 8:00 horas de este mi\u00e9rcoles se registr\u00f3 el cierre de Carretera Paso del Toro- Santa Fe por parte de vecinos de El Moralillo, Medell\u00edn de Bravo para exigir a la SCT la instalaci\u00f3n de topes para evitar una accidente.<\/p>\n\n\n\n<p>El bloqueo se regista en el kil\u00f3metro 180 y no hay paso a San Miguel, El Moralillo y el tramo Paso del Toro-Santa Fe en ambos sentidos.<\/p>\n\n\n\n<figure class=\"wp-block-image size-large\"><img loading=\"lazy\" decoding=\"async\" width=\"265\" height=\"300\" src=\"https:\/\/plumanegranoticias.com\/wp-content\/uploads\/2025\/03\/img-20250312-wa00278108455783667880614-265x300.jpg\" alt=\"\" class=\"wp-image-9176\" srcset=\"https:\/\/plumanegranoticias.com\/wp-content\/uploads\/2025\/03\/img-20250312-wa00278108455783667880614-265x300.jpg 265w, https:\/\/plumanegranoticias.com\/wp-content\/uploads\/2025\/03\/img-20250312-wa00278108455783667880614-768x871.jpg 768w, https:\/\/plumanegranoticias.com\/wp-content\/uploads\/2025\/03\/img-20250312-wa00278108455783667880614.jpg 890w\" sizes=\"auto, (max-width: 265px) 100vw, 265px\" \/><\/figure>\n\n\n\n<figure class=\"wp-block-image\"><img loading=\"lazy\" decoding=\"async\" width=\"1024\" height=\"860\" src=\"https:\/\/plumanegranoticias.com\/wp-content\/uploads\/2025\/03\/img-20250312-wa00281116753167725652973-1024x860.jpg\" alt=\"\" class=\"wp-image-9175\" srcset=\"https:\/\/plumanegranoticias.com\/wp-content\/uploads\/2025\/03\/img-20250312-wa00281116753167725652973-1024x860.jpg 1024w, https:\/\/plumanegranoticias.com\/wp-content\/uploads\/2025\/03\/img-20250312-wa00281116753167725652973-300x252.jpg 300w, https:\/\/plumanegranoticias.com\/wp-content\/uploads\/2025\/03\/img-20250312-wa00281116753167725652973-768x645.jpg 768w, https:\/\/plumanegranoticias.com\/wp-content\/uploads\/2025\/03\/img-20250312-wa00281116753167725652973.jpg 1080w\" sizes=\"auto, (max-width: 1024px) 100vw, 1024px\" \/><\/figure>\n","protected":false},"excerpt":{"rendered":"<p>A las 8:00 horas de este mi\u00e9rcoles se registr\u00f3 el cierre de Carretera Paso del Toro- Santa Fe por parte de vecinos de El Moralillo, Medell\u00edn de Bravo para exigir a la SCT la instalaci\u00f3n de topes para evitar una accidente. El bloqueo se regista en el kil\u00f3metro 180 y no hay paso a San&#8230; <\/p>\n<div class=\"clear\"><\/div>\n<p><a href=\"https:\/\/plumanegranoticias.com\/?p=9178\" class=\"excerpt-read-more\">Read More<i class=\"fa fa-caret-right icon-caret-right\"><\/i><\/a><\/p>\n","protected":false},"author":2,"featured_media":9177,"comment_status":"open","ping_status":"open","sticky":false,"template":"","format":"standard","meta":{"om_disable_all_campaigns":false,"_monsterinsights_skip_tracking":false,"_monsterinsights_sitenote_active":false,"_monsterinsights_sitenote_note":"","_monsterinsights_sitenote_category":0,"_uf_show_specific_survey":0,"_uf_disable_surveys":false,"footnotes":""},"categories":[8,12],"tags":[22,18],"class_list":["post-9178","post","type-post","status-publish","format-standard","has-post-thumbnail","hentry","category-politica","category-regional","tag-nota-roja","tag-noticia"],"aioseo_notices":[],"_links":{"self":[{"href":"https:\/\/plumanegranoticias.com\/index.php?rest_route=\/wp\/v2\/posts\/9178","targetHints":{"allow":["GET"]}}],"collection":[{"href":"https:\/\/plumanegranoticias.com\/index.php?rest_route=\/wp\/v2\/posts"}],"about":[{"href":"https:\/\/plumanegranoticias.com\/index.php?rest_route=\/wp\/v2\/types\/post"}],"author":[{"embeddable":true,"href":"https:\/\/plumanegranoticias.com\/index.php?rest_route=\/wp\/v2\/users\/2"}],"replies":[{"embeddable":true,"href":"https:\/\/plumanegranoticias.com\/index.php?rest_route=%2Fwp%2Fv2%2Fcomments&post=9178"}],"version-history":[{"count":1,"href":"https:\/\/plumanegranoticias.com\/index.php?rest_route=\/wp\/v2\/posts\/9178\/revisions"}],"predecessor-version":[{"id":9179,"href":"https:\/\/plumanegranoticias.com\/index.php?rest_route=\/wp\/v2\/posts\/9178\/revisions\/9179"}],"wp:featuredmedia":[{"embeddable":true,"href":"https:\/\/plumanegranoticias.com\/index.php?rest_route=\/wp\/v2\/media\/9177"}],"wp:attachment":[{"href":"https:\/\/plumanegranoticias.com\/index.php?rest_route=%2Fwp%2Fv2%2Fmedia&parent=9178"}],"wp:term":[{"taxonomy":"category","embeddable":true,"href":"https:\/\/plumanegranoticias.com\/index.php?rest_route=%2Fwp%2Fv2%2Fcategories&post=9178"},{"taxonomy":"post_tag","embeddable":true,"href":"https:\/\/plumanegranoticias.com\/index.php?rest_route=%2Fwp%2Fv2%2Ftags&post=9178"}],"curies":[{"name":"wp","href":"https:\/\/api.w.org\/{rel}","templated":true}]}}