{"id":9182,"date":"2025-03-12T09:19:26","date_gmt":"2025-03-12T15:19:26","guid":{"rendered":"https:\/\/plumanegranoticias.com\/?p=9182"},"modified":"2025-03-12T09:20:02","modified_gmt":"2025-03-12T15:20:02","slug":"veracruz-sin-halcones-rojos","status":"publish","type":"post","link":"https:\/\/plumanegranoticias.com\/?p=9182","title":{"rendered":"VERACRUZ SIN HALCONES ROJOS"},"content":{"rendered":"\n<p>Ex funcionario de Cuitl\u00e1huac Garc\u00eda le falla a Roc\u00edo Nahle en el basquetbol<\/p>\n\n\n\n<p>Alejandro \u00c1vila<\/p>\n\n\n\n<p>Veracruz, Ver.- El ex subsecretario de Finanzas y Planeaci\u00f3n (SEFIPLAN) de Cuitl\u00e1huac Garc\u00eda Jim\u00e9nez, Ricardo Rodr\u00edguez D\u00edaz, actual presidente de Halcones Rojos de Veracruz, no pudo con el paquete y este martes se confirm\u00f3 que la quinteta emplumada no participar\u00e1 en la edici\u00f3n 2025 de la Liga Nacional de Baloncesto Profesional (LNBP).<\/p>\n\n\n\n<p>Un esc\u00e1ndalo por presunta multipropiedad del presidente de Halcones Xalapa, \u00c1ngel Morales Blanchet (pues tiene acciones en Halcones Rojos de Veracruz), y la deuda de aproximadamente 10 millones de pesos de la quinteta jarocha a proveedores, jugadores y empleados, han sido parte de la decisi\u00f3n que tom\u00f3 el presidente de la LNBP, Sergio Ganem, para no incluirlos en el certamen 2025.<\/p>\n\n\n\n<p>Aunque el propio Sergio Ganem asegur\u00f3 que a\u00fan se podr\u00edan incluir nuevos equipos, ya que la fecha oficial para registrar quintetas es el pr\u00f3ximo 27 de marzo; durante la presentaci\u00f3n oficial de la Liga Nacional de Baloncesto Profesional realizada este martes 11 de marzo, Veracruz y Xalapa no fueron incluidos en la rama femenil, mientras que en la rama varonil solo est\u00e1 inscrito Halcones Xalapa.<\/p>\n\n\n\n<p>Cabe recordar que el pasado 6 de mayo del 2023, a\u00fan como secretaria de Energ\u00eda y previo a ser confirmada como candidata a la gubernatura de Veracruz por Morena, Roc\u00edo Nahle Garc\u00eda se present\u00f3 en el auditorio &#8220;Benito Ju\u00e1rez&#8221; por invitaci\u00f3n de Cuitl\u00e1huac Garc\u00eda Jim\u00e9nez, y se\u00f1al\u00f3 a los medios de comunicaci\u00f3n.<\/p>\n\n\n\n<p>&#8220;Este es mi deporte, lo jugu\u00e9 much\u00edsimos a\u00f1os y es padr\u00edsimo, es precioso, y un gusto estar aqu\u00ed hoy en Veracruz. Mi gobernador hoy me hizo el favor de invitarme y estoy feliz&#8221;.<\/p>\n\n\n\n<p>Esa noche se realizaba la primera edici\u00f3n femenil del cl\u00e1sico veracruzano, mismo que ganaron las Halconas Xalapa como visitantes a las Halconas Rojas por marcador de 75 &#8211; 65.<\/p>\n\n\n\n<figure class=\"wp-block-image size-large\"><img loading=\"lazy\" decoding=\"async\" width=\"1024\" height=\"683\" src=\"https:\/\/plumanegranoticias.com\/wp-content\/uploads\/2025\/03\/img-20250312-wa00293780285707954870371-1024x683.jpg\" alt=\"\" class=\"wp-image-9181\" srcset=\"https:\/\/plumanegranoticias.com\/wp-content\/uploads\/2025\/03\/img-20250312-wa00293780285707954870371-1024x683.jpg 1024w, https:\/\/plumanegranoticias.com\/wp-content\/uploads\/2025\/03\/img-20250312-wa00293780285707954870371-300x200.jpg 300w, https:\/\/plumanegranoticias.com\/wp-content\/uploads\/2025\/03\/img-20250312-wa00293780285707954870371-768x512.jpg 768w, https:\/\/plumanegranoticias.com\/wp-content\/uploads\/2025\/03\/img-20250312-wa00293780285707954870371.jpg 1080w\" sizes=\"auto, (max-width: 1024px) 100vw, 1024px\" \/><\/figure>\n","protected":false},"excerpt":{"rendered":"<p>Ex funcionario de Cuitl\u00e1huac Garc\u00eda le falla a Roc\u00edo Nahle en el basquetbol Alejandro \u00c1vila Veracruz, Ver.- El ex subsecretario de Finanzas y Planeaci\u00f3n (SEFIPLAN) de Cuitl\u00e1huac Garc\u00eda Jim\u00e9nez, Ricardo Rodr\u00edguez D\u00edaz, actual presidente de Halcones Rojos de Veracruz, no pudo con el paquete y este martes se confirm\u00f3 que la quinteta emplumada no participar\u00e1&#8230; <\/p>\n<div class=\"clear\"><\/div>\n<p><a href=\"https:\/\/plumanegranoticias.com\/?p=9182\" class=\"excerpt-read-more\">Read More<i class=\"fa fa-caret-right icon-caret-right\"><\/i><\/a><\/p>\n","protected":false},"author":2,"featured_media":9180,"comment_status":"open","ping_status":"open","sticky":false,"template":"","format":"standard","meta":{"om_disable_all_campaigns":false,"_monsterinsights_skip_tracking":false,"_monsterinsights_sitenote_active":false,"_monsterinsights_sitenote_note":"","_monsterinsights_sitenote_category":0,"_uf_show_specific_survey":0,"_uf_disable_surveys":false,"footnotes":""},"categories":[14,8,12],"tags":[61,19],"class_list":["post-9182","post","type-post","status-publish","format-standard","has-post-thumbnail","hentry","category-deportes","category-politica","category-regional","tag-politica","tag-regional"],"aioseo_notices":[],"_links":{"self":[{"href":"https:\/\/plumanegranoticias.com\/index.php?rest_route=\/wp\/v2\/posts\/9182","targetHints":{"allow":["GET"]}}],"collection":[{"href":"https:\/\/plumanegranoticias.com\/index.php?rest_route=\/wp\/v2\/posts"}],"about":[{"href":"https:\/\/plumanegranoticias.com\/index.php?rest_route=\/wp\/v2\/types\/post"}],"author":[{"embeddable":true,"href":"https:\/\/plumanegranoticias.com\/index.php?rest_route=\/wp\/v2\/users\/2"}],"replies":[{"embeddable":true,"href":"https:\/\/plumanegranoticias.com\/index.php?rest_route=%2Fwp%2Fv2%2Fcomments&post=9182"}],"version-history":[{"count":1,"href":"https:\/\/plumanegranoticias.com\/index.php?rest_route=\/wp\/v2\/posts\/9182\/revisions"}],"predecessor-version":[{"id":9183,"href":"https:\/\/plumanegranoticias.com\/index.php?rest_route=\/wp\/v2\/posts\/9182\/revisions\/9183"}],"wp:featuredmedia":[{"embeddable":true,"href":"https:\/\/plumanegranoticias.com\/index.php?rest_route=\/wp\/v2\/media\/9180"}],"wp:attachment":[{"href":"https:\/\/plumanegranoticias.com\/index.php?rest_route=%2Fwp%2Fv2%2Fmedia&parent=9182"}],"wp:term":[{"taxonomy":"category","embeddable":true,"href":"https:\/\/plumanegranoticias.com\/index.php?rest_route=%2Fwp%2Fv2%2Fcategories&post=9182"},{"taxonomy":"post_tag","embeddable":true,"href":"https:\/\/plumanegranoticias.com\/index.php?rest_route=%2Fwp%2Fv2%2Ftags&post=9182"}],"curies":[{"name":"wp","href":"https:\/\/api.w.org\/{rel}","templated":true}]}}